{"id":19821,"date":"2025-08-30T21:08:53","date_gmt":"2025-08-30T21:08:53","guid":{"rendered":"https:\/\/contarotacoes.com\/?p=19821"},"modified":"2025-08-30T21:08:53","modified_gmt":"2025-08-30T21:08:53","slug":"matheus-comparatto-e-matheus-ferreira-terminam-primeiro-dia-de-atividades-da-porsche-endurance-em-estoril-no-top-10","status":"publish","type":"post","link":"https:\/\/contarotacoes.com\/?p=19821","title":{"rendered":"Matheus Comparatto e Matheus Ferreira terminam primeiro dia de atividades da Porsche Endurance em Estoril no top 10"},"content":{"rendered":"<ul>\n<li style=\"text-align: justify;\"><strong><i>Dupla reedita parceria vitoriosa feita na F\u00f3rmula 4 Brasil em 2023<\/i><\/strong><\/li>\n<\/ul>\n<div>\n<p style=\"text-align: justify;\">Um dia ap\u00f3s o t\u00e9rmino da etapa sprint da Porsche Cup, no Estoril, Matheus Comparatto retorna ao ic\u00f4nico aut\u00f3dromo portugu\u00eas para a disputa da etapa endurance. Desta vez o piloto da FURIA REDRAM recebe Matheus Ferreira, piloto que compete a temporada regular da Porsche Cup alem\u00e3, a bordo do carro #118.<\/p>\n<p style=\"text-align: justify;\">A dupla j\u00e1 tem um hist\u00f3rico vitorioso no automobilismo e foram parceiros de equipe na F4 Brasil, na etapa preliminar do GP S\u00e3o Paulo de F\u00f3rmula 1 de 2023, em Interlagos. Na ocasi\u00e3o os pilotos representavam a equipe Bassani Racing e Matheus Ferreira garantiu duas vit\u00f3rias e Comparatto, estreante na categoria, subindo ao p\u00f3dio.<\/p>\n<p style=\"text-align: justify;\">No ano seguinte Comparatto venceria a prova mais importante do calend\u00e1rio da F4 Brasil e conquistaria o t\u00edtulo da competi\u00e7\u00e3o na etapa seguinte.<\/p>\n<p style=\"text-align: justify;\">Neste s\u00e1bado (30) foram realizados os treinos livres da segunda etapa Endurance da temporada, Comparatto e Ferreira puderam testar a m\u00e1quina que disputar\u00e3o o classificat\u00f3rio e os 300km de corrida no domingo.<\/p>\n<p style=\"text-align: justify;\">O in\u00edcio foi promissor e a dupla colocou o carro #118 da FURIA REDRAM em s\u00e9timo lugar no segundo treino livre. Matheus Ferreira foi quem mais esteve na pista j\u00e1 que Comparatto competiu a etapa sprint da Porsche Cup.<\/p>\n<p style=\"text-align: justify;\">Essa foi uma estrat\u00e9gia para dar mais quilometragem ao piloto que ainda n\u00e3o havia testado o carro nesta semana.<\/p>\n<p style=\"text-align: justify;\">A largada est\u00e1 marcada para \u00e0s 10h00, hor\u00e1rio de Bras\u00edlia, com previs\u00e3o de 2h30 de dura\u00e7\u00e3o. O GP de Cascais da Porsche Cup ter\u00e1 transmiss\u00e3o ao vivo pelos canais digitais da categoria, Band e Sportv.<\/p>\n<p style=\"text-align: justify;\"><strong>O que eles disseram:<br \/>\n<\/strong>\u201cHoje tivemos dois treinos e optamos por dar mais quilometragem para o Matheus Ferreira que ainda n\u00e3o havia andado. Temos um ritmo bom, estou confiante para a corrida de amanh\u00e3 e espero que o carro mantenha este desempenho durante o final de semana.\u201d<br \/>\n<strong>Matheus Comparatto<\/strong><\/p>\n<p style=\"text-align: justify;\">\u201cVai ser uma prova muito legal, expectativa do pessoal est\u00e1 bem alta justamente porque eu corro de Porsche no exterior. Mas de fato o carro mostrou um bom desempenho, temos que ter const\u00e2ncia na corrida, temos potencial e vamos para cima amanh\u00e3.\u201d<br \/>\n<strong>Matheus Ferreira<\/strong><\/p>\n<p style=\"text-align: justify;\"><strong>Cronograma \u2013 Etapa 7 \u2013 GP de Cascais (Hor\u00e1rios de Bras\u00edlia)<br \/>\n<\/strong><strong>Domingo, 31 de agosto<br \/>\n<\/strong>05:25 \u2013 05:45 \u2013 Classifica\u00e7\u00e3o Q1 (Carrera)<br \/>\n05:55 \u2013 06:10 \u2013 Classifica\u00e7\u00e3o Q2 (Carrera)<br \/>\n10:00 \u2013 12:30 \u2013 Corrida (2h30)<\/p>\n<\/div>\n","protected":false},"excerpt":{"rendered":"<p>Dupla reedita parceria vitoriosa feita na F\u00f3rmula 4 Brasil em 2023 Um dia ap\u00f3s o t\u00e9rmino da etapa sprint da Porsche Cup, no Estoril, Matheus Comparatto retorna ao ic\u00f4nico aut\u00f3dromo portugu\u00eas para a disputa da etapa endurance. Desta vez o piloto da FURIA REDRAM recebe Matheus Ferreira, piloto que compete a temporada regular da Porsche [&hellip;]<\/p>\n","protected":false},"author":2,"featured_media":19822,"comment_status":"closed","ping_status":"open","sticky":false,"template":"","format":"standard","meta":{"_editorskit_title_hidden":false,"_editorskit_reading_time":0,"_editorskit_is_block_options_detached":false,"_editorskit_block_options_position":"{}","om_disable_all_campaigns":false,"_monsterinsights_skip_tracking":false,"_monsterinsights_sitenote_active":false,"_monsterinsights_sitenote_note":"","_monsterinsights_sitenote_category":0,"_uf_show_specific_survey":0,"_uf_disable_surveys":false,"site-sidebar-layout":"default","site-content-layout":"","ast-site-content-layout":"default","site-content-style":"default","site-sidebar-style":"default","ast-global-header-display":"","ast-banner-title-visibility":"","ast-main-header-display":"","ast-hfb-above-header-display":"","ast-hfb-below-header-display":"","ast-hfb-mobile-header-display":"","site-post-title":"","ast-breadcrumbs-content":"","ast-featured-img":"","footer-sml-layout":"","theme-transparent-header-meta":"default","adv-header-id-meta":"","stick-header-meta":"default","header-above-stick-meta":"","header-main-stick-meta":"","header-below-stick-meta":"","astra-migrate-meta-layouts":"set","ast-page-background-enabled":"default","ast-page-background-meta":{"desktop":{"background-color":"","background-image":"","background-repeat":"repeat","background-position":"center center","background-size":"auto","background-attachment":"scroll","background-type":"","background-media":"","overlay-type":"","overlay-color":"","overlay-opacity":"","overlay-gradient":""},"tablet":{"background-color":"","background-image":"","background-repeat":"repeat","background-position":"center center","background-size":"auto","background-attachment":"scroll","background-type":"","background-media":"","overlay-type":"","overlay-color":"","overlay-opacity":"","overlay-gradient":""},"mobile":{"background-color":"","background-image":"","background-repeat":"repeat","background-position":"center center","background-size":"auto","background-attachment":"scroll","background-type":"","background-media":"","overlay-type":"","overlay-color":"","overlay-opacity":"","overlay-gradient":""}},"ast-content-background-meta":{"desktop":{"background-color":"var(--ast-global-color-5)","background-image":"","background-repeat":"repeat","background-position":"center center","background-size":"auto","background-attachment":"scroll","background-type":"","background-media":"","overlay-type":"","overlay-color":"","overlay-opacity":"","overlay-gradient":""},"tablet":{"background-color":"var(--ast-global-color-5)","background-image":"","background-repeat":"repeat","background-position":"center center","background-size":"auto","background-attachment":"scroll","background-type":"","background-media":"","overlay-type":"","overlay-color":"","overlay-opacity":"","overlay-gradient":""},"mobile":{"background-color":"var(--ast-global-color-5)","background-image":"","background-repeat":"repeat","background-position":"center center","background-size":"auto","background-attachment":"scroll","background-type":"","background-media":"","overlay-type":"","overlay-color":"","overlay-opacity":"","overlay-gradient":""}},"footnotes":""},"categories":[11],"tags":[],"class_list":["post-19821","post","type-post","status-publish","format-standard","has-post-thumbnail","hentry","category-noticias"],"aioseo_notices":[],"_links":{"self":[{"href":"https:\/\/contarotacoes.com\/index.php?rest_route=\/wp\/v2\/posts\/19821","targetHints":{"allow":["GET"]}}],"collection":[{"href":"https:\/\/contarotacoes.com\/index.php?rest_route=\/wp\/v2\/posts"}],"about":[{"href":"https:\/\/contarotacoes.com\/index.php?rest_route=\/wp\/v2\/types\/post"}],"author":[{"embeddable":true,"href":"https:\/\/contarotacoes.com\/index.php?rest_route=\/wp\/v2\/users\/2"}],"replies":[{"embeddable":true,"href":"https:\/\/contarotacoes.com\/index.php?rest_route=%2Fwp%2Fv2%2Fcomments&post=19821"}],"version-history":[{"count":1,"href":"https:\/\/contarotacoes.com\/index.php?rest_route=\/wp\/v2\/posts\/19821\/revisions"}],"predecessor-version":[{"id":19823,"href":"https:\/\/contarotacoes.com\/index.php?rest_route=\/wp\/v2\/posts\/19821\/revisions\/19823"}],"wp:featuredmedia":[{"embeddable":true,"href":"https:\/\/contarotacoes.com\/index.php?rest_route=\/wp\/v2\/media\/19822"}],"wp:attachment":[{"href":"https:\/\/contarotacoes.com\/index.php?rest_route=%2Fwp%2Fv2%2Fmedia&parent=19821"}],"wp:term":[{"taxonomy":"category","embeddable":true,"href":"https:\/\/contarotacoes.com\/index.php?rest_route=%2Fwp%2Fv2%2Fcategories&post=19821"},{"taxonomy":"post_tag","embeddable":true,"href":"https:\/\/contarotacoes.com\/index.php?rest_route=%2Fwp%2Fv2%2Ftags&post=19821"}],"curies":[{"name":"wp","href":"https:\/\/api.w.org\/{rel}","templated":true}]}}