{"id":19794,"date":"2025-08-29T21:25:00","date_gmt":"2025-08-29T21:25:00","guid":{"rendered":"https:\/\/contarotacoes.com\/?p=19794"},"modified":"2025-08-29T21:25:00","modified_gmt":"2025-08-29T21:25:00","slug":"leonardo-sanchez-conquista-segundo-lugar-na-corrida-2-em-estoril-e-segue-na-lideranca-da-porsche-carrera-cup-rookie","status":"publish","type":"post","link":"https:\/\/contarotacoes.com\/?p=19794","title":{"rendered":"Leonardo Sanchez conquista segundo lugar na corrida 2 em Estoril e segue na lideran\u00e7a da Porsche Carrera Cup Rookie"},"content":{"rendered":"<ul>\n<li style=\"text-align: justify;\"><strong><i>Piloto da EMS Racing segue em Portugal para a disputa da etapa endurance<\/i><\/strong><\/li>\n<\/ul>\n<div>\n<p style=\"text-align: justify;\">Nesta sexta-feira (29) Leonardo Sanchez conquistou o segundo lugar na corrida 2 da Porsche Carrera Cup Rookie, no Estoril, em Portugal. O piloto do carro #15 teve uma jornada de recupera\u00e7\u00e3o sendo tocado por um concorrente e recuperando posi\u00e7\u00f5es para subir ao p\u00f3dio.<\/p>\n<p style=\"text-align: justify;\">Leonardo Sanchez encerra a sexta etapa do campeonato com uma vit\u00f3ria, um p\u00f3dio e a lideran\u00e7a da classe Carrera Rookie considerando os descartes.<\/p>\n<p style=\"text-align: justify;\">Partindo do 26\u00ba lugar geral e 4\u00ba na classe, Sanchez teve uma largada segura e manteve sua posi\u00e7\u00e3o. Na abertura da segunda volta o safety car foi acionado ap\u00f3s m\u00faltiplos acidentes.<\/p>\n<p style=\"text-align: justify;\">Dois giros mais tarde foi dada a bandeira verde com o piloto da EMS Racing avan\u00e7ando uma posi\u00e7\u00e3o na classifica\u00e7\u00e3o geral, mas novamente o carro de seguran\u00e7a foi acionado. Na oitava volta a corrida foi reiniciada e Sanchez aproveitou para avan\u00e7ar para a segunda posi\u00e7\u00e3o da Carrera Rookie e vig\u00e9simo lugar geral, mas na sequ\u00eancia foi tocado por um concorrente, caindo para o quarto lugar da classe.<\/p>\n<p style=\"text-align: justify;\">Neste momento o carro de seguran\u00e7a entrava na pista pela terceira vez e na relargada Sanchez novamente mostrou habilidade para ganhar a terceira posi\u00e7\u00e3o da Carrera Rookie e avan\u00e7ar para o 18\u00ba lugar geral. O piloto do carro #15 ainda superou mais um concorrente para garantir o segundo lugar da classe e subir para o 17\u00ba\u00a0lugar geral, recebendo a bandeira quadriculada.<\/p>\n<p style=\"text-align: justify;\">O pr\u00f3ximo compromisso de Leonardo Sanchez pela Porsche Cup Brasil acontece neste final de semana com a disputa da etapa Endurance da categoria, no Estoril, em dupla com Rafael Martins.<\/p>\n<p style=\"text-align: justify;\">A corrida de longa dura\u00e7\u00e3o acontece neste domingo com transmiss\u00e3o ao vivo pelas m\u00eddias digitais da categoria, Band e Sportv.<strong>\u00a0<\/strong><\/p>\n<p style=\"text-align: justify;\"><strong>O que ele disse:<br \/>\n<\/strong>\u201cMuito feliz em sair com um p\u00f3dio, uma vit\u00f3ria e na lideran\u00e7a do campeonato. Foi uma corrida de sobreviv\u00eancia, parecia at\u00e9 carrinho de bate-bate, mas eu soube ter cabe\u00e7a fria, aproveitar as oportunidades e agora o foco \u00e9 pra Endurance que come\u00e7a amanh\u00e3.\u201d<br \/>\n<strong>Leonardo Sanchez<\/strong><strong>\u00a0<\/strong><strong>\u00a0<\/strong><\/p>\n<p style=\"text-align: justify;\"><strong>Cronograma \u2013 Etapa 7 \u2013 GP de Cascais (Hor\u00e1rios de Bras\u00edlia)<br \/>\nS\u00e1bado, 30 de agosto<\/strong><br \/>\n10:05 \u2013 10:35 \u2013 Treino oficial livre 1 (Carrera)<br \/>\n11:45 \u2013 12:15 \u2013 Treino oficial livre 2 (Carrera)<\/p>\n<p><strong>Domingo, 31 de agosto<\/strong><br \/>\n05:25 \u2013 05:45 \u2013 Classifica\u00e7\u00e3o Q1 (Carrera)<br \/>\n05:55 \u2013 06:10 \u2013 Classifica\u00e7\u00e3o Q2 (Carrera)<br \/>\n10:00 \u2013 12:30 \u2013 Corrida (2h30)<\/p>\n<\/div>\n","protected":false},"excerpt":{"rendered":"<p>Piloto da EMS Racing segue em Portugal para a disputa da etapa endurance Nesta sexta-feira (29) Leonardo Sanchez conquistou o segundo lugar na corrida 2 da Porsche Carrera Cup Rookie, no Estoril, em Portugal. O piloto do carro #15 teve uma jornada de recupera\u00e7\u00e3o sendo tocado por um concorrente e recuperando posi\u00e7\u00f5es para subir ao [&hellip;]<\/p>\n","protected":false},"author":2,"featured_media":19795,"comment_status":"closed","ping_status":"open","sticky":false,"template":"","format":"standard","meta":{"_editorskit_title_hidden":false,"_editorskit_reading_time":0,"_editorskit_is_block_options_detached":false,"_editorskit_block_options_position":"{}","om_disable_all_campaigns":false,"_monsterinsights_skip_tracking":false,"_monsterinsights_sitenote_active":false,"_monsterinsights_sitenote_note":"","_monsterinsights_sitenote_category":0,"_uf_show_specific_survey":0,"_uf_disable_surveys":false,"site-sidebar-layout":"default","site-content-layout":"","ast-site-content-layout":"default","site-content-style":"default","site-sidebar-style":"default","ast-global-header-display":"","ast-banner-title-visibility":"","ast-main-header-display":"","ast-hfb-above-header-display":"","ast-hfb-below-header-display":"","ast-hfb-mobile-header-display":"","site-post-title":"","ast-breadcrumbs-content":"","ast-featured-img":"","footer-sml-layout":"","theme-transparent-header-meta":"default","adv-header-id-meta":"","stick-header-meta":"default","header-above-stick-meta":"","header-main-stick-meta":"","header-below-stick-meta":"","astra-migrate-meta-layouts":"set","ast-page-background-enabled":"default","ast-page-background-meta":{"desktop":{"background-color":"","background-image":"","background-repeat":"repeat","background-position":"center center","background-size":"auto","background-attachment":"scroll","background-type":"","background-media":"","overlay-type":"","overlay-color":"","overlay-opacity":"","overlay-gradient":""},"tablet":{"background-color":"","background-image":"","background-repeat":"repeat","background-position":"center center","background-size":"auto","background-attachment":"scroll","background-type":"","background-media":"","overlay-type":"","overlay-color":"","overlay-opacity":"","overlay-gradient":""},"mobile":{"background-color":"","background-image":"","background-repeat":"repeat","background-position":"center center","background-size":"auto","background-attachment":"scroll","background-type":"","background-media":"","overlay-type":"","overlay-color":"","overlay-opacity":"","overlay-gradient":""}},"ast-content-background-meta":{"desktop":{"background-color":"var(--ast-global-color-5)","background-image":"","background-repeat":"repeat","background-position":"center center","background-size":"auto","background-attachment":"scroll","background-type":"","background-media":"","overlay-type":"","overlay-color":"","overlay-opacity":"","overlay-gradient":""},"tablet":{"background-color":"var(--ast-global-color-5)","background-image":"","background-repeat":"repeat","background-position":"center center","background-size":"auto","background-attachment":"scroll","background-type":"","background-media":"","overlay-type":"","overlay-color":"","overlay-opacity":"","overlay-gradient":""},"mobile":{"background-color":"var(--ast-global-color-5)","background-image":"","background-repeat":"repeat","background-position":"center center","background-size":"auto","background-attachment":"scroll","background-type":"","background-media":"","overlay-type":"","overlay-color":"","overlay-opacity":"","overlay-gradient":""}},"footnotes":""},"categories":[11],"tags":[],"class_list":["post-19794","post","type-post","status-publish","format-standard","has-post-thumbnail","hentry","category-noticias"],"aioseo_notices":[],"_links":{"self":[{"href":"https:\/\/contarotacoes.com\/index.php?rest_route=\/wp\/v2\/posts\/19794","targetHints":{"allow":["GET"]}}],"collection":[{"href":"https:\/\/contarotacoes.com\/index.php?rest_route=\/wp\/v2\/posts"}],"about":[{"href":"https:\/\/contarotacoes.com\/index.php?rest_route=\/wp\/v2\/types\/post"}],"author":[{"embeddable":true,"href":"https:\/\/contarotacoes.com\/index.php?rest_route=\/wp\/v2\/users\/2"}],"replies":[{"embeddable":true,"href":"https:\/\/contarotacoes.com\/index.php?rest_route=%2Fwp%2Fv2%2Fcomments&post=19794"}],"version-history":[{"count":1,"href":"https:\/\/contarotacoes.com\/index.php?rest_route=\/wp\/v2\/posts\/19794\/revisions"}],"predecessor-version":[{"id":19796,"href":"https:\/\/contarotacoes.com\/index.php?rest_route=\/wp\/v2\/posts\/19794\/revisions\/19796"}],"wp:featuredmedia":[{"embeddable":true,"href":"https:\/\/contarotacoes.com\/index.php?rest_route=\/wp\/v2\/media\/19795"}],"wp:attachment":[{"href":"https:\/\/contarotacoes.com\/index.php?rest_route=%2Fwp%2Fv2%2Fmedia&parent=19794"}],"wp:term":[{"taxonomy":"category","embeddable":true,"href":"https:\/\/contarotacoes.com\/index.php?rest_route=%2Fwp%2Fv2%2Fcategories&post=19794"},{"taxonomy":"post_tag","embeddable":true,"href":"https:\/\/contarotacoes.com\/index.php?rest_route=%2Fwp%2Fv2%2Ftags&post=19794"}],"curies":[{"name":"wp","href":"https:\/\/api.w.org\/{rel}","templated":true}]}}