{"id":19550,"date":"2025-08-19T17:09:52","date_gmt":"2025-08-19T17:09:52","guid":{"rendered":"https:\/\/contarotacoes.com\/?p=19550"},"modified":"2025-08-19T17:09:52","modified_gmt":"2025-08-19T17:09:52","slug":"apos-jornada-quase-perfeita-no-algarve-marcal-muller-ve-quali-duplo-como-trunfo-para-equipa-farben-no-estoril","status":"publish","type":"post","link":"https:\/\/contarotacoes.com\/?p=19550","title":{"rendered":"Ap\u00f3s jornada quase perfeita no Algarve, Mar\u00e7al Muller v\u00ea quali duplo como trunfo para equipa Farben no Estoril"},"content":{"rendered":"<ul>\n<li style=\"text-align: justify;\"><strong><i>Campeonato de sprint da Porsche Cup abandona invers\u00e3o de grid nas duas \u00faltimas etapas<\/i><\/strong><\/li>\n<\/ul>\n<div>\n<p style=\"text-align: justify;\">A equipe Farben precisou cruzar o oceano Atl\u00e2ntico para espantar a mar\u00e9 de azar em 2025. Atual campe\u00e3o de sprint da Porsche Cup, Mar\u00e7al Muller cravou as duas primeiras poles do ano no Velocitta e foi segundo no grid em Interlagos, mas amargou resultados ruins nas tr\u00eas etapas com furos de pneus e problemas no carro enquanto liderava as corridas de s\u00e1bado.<\/p>\n<p style=\"text-align: justify;\">O panorama para o representante da marca oficial de tinta automotiva da Porsche Cup mudou com a ida da categoria para Portugal. No Algarve, o piloto ga\u00facho do carro #544 foi quase perfeito: anotou mais uma pole, venceu a corrida de sprint do s\u00e1bado, foi segundo colocado no domingo e, ao lado de Felipe Fraga, gabaritou a abertura do campeonato de endurance, com direito a pole e vit\u00f3ria nos dois segmentos, em uma exibi\u00e7\u00e3o dominante.<\/p>\n<p style=\"text-align: justify;\">Agora, a Porsche Cup se agita para mais uma jornada combinada de sprint e endurance, ambas na pr\u00f3xima semana, no Estoril.<\/p>\n<p style=\"text-align: justify;\">Credenciado pela velocidade que mostrou no ano todo e respaldado pelos resultados do Algarve, Muller tem ainda um fator adicional de motiva\u00e7\u00e3o para a passagem da categoria pelo palco onde Ayrton Senna venceu pela primeira vez na F1, h\u00e1 40 anos: o fim do grid invertido.<\/p>\n<p style=\"text-align: justify;\">Para valorizar a disputa na reta final do campeonato de sprint e favorecer os pilotos mais consistentes nos treinos classificat\u00f3rios, o regulamento desportivo da Porsche Cup historicamente determina duas sess\u00f5es de quali e pontua\u00e7\u00e3o cheia nas etapas 5 e 6 de sprint. Assim, na quinta-feira, 28 de agosto, o piloto Farben vai realizar duas sess\u00f5es classificat\u00f3rias, com a possibilidade de ampliar para seis em sete os trof\u00e9us conferidos aos pole positions da Carrera Cup em 2025. Depois, no domingo, 31 de agosto, em dupla com o vice-l\u00edder do campeonato da Stock Car, Felipe Fraga, Muller ter\u00e1 mais uma oportunidade de contribuir para colocar o carro da marca oficial de tinta automotiva da Porsche Cup na frente do grid.<\/p>\n<p style=\"text-align: justify;\">Depois da passagem da categoria pelo Estoril, restar\u00e3o duas etapas em 2025, ambas em Interlagos. O certame de sprint ser\u00e1 decidido nos dias 8 e 9 de novembro dentro do evento suporte do GP de F\u00f3rmula 1, com o campeonato de endurance e o t\u00edtulo overall (atribu\u00eddo ao competidor com mais pontos v\u00e1lidos nas tabelas de sprint e endurance) entregues em 22 de novembro.<\/p>\n<p style=\"text-align: justify;\">O que ele disse:<br \/>\n\u201cCom certeza estamos vivendo dois momentos distintos na temporada. No campeonato de sprint todo mundo sabe o que acontece: n\u00e3o tive bons resultados no in\u00edcio, o que afetou bastante minha posi\u00e7\u00e3o nos pontos mas, por outro lado, me faz ir mais leve nas \u00faltimas etapas. Isso tamb\u00e9m ajuda no resultado das corridas. Agora com dois qualis, pelo hist\u00f3rico das tomadas de tempo em 2025, \u00e9 positivo para o nosso carro. Vamos brigar pelas duas poles e pelas duas vit\u00f3rias, para tentar sair com o m\u00e1ximo de pontos poss\u00edvel na sprint. J\u00e1 na endurance somos os l\u00edderes do campeonato, com pole, vit\u00f3ria no segmento 1 e na corrida do Algarve. Ent\u00e3o o foco \u00e9 tentar manter essa boa fase com o Felipe Fraga, para fazermos uma \u00f3tima segunda etapa e chegar com boas chances de t\u00edtulo para a equipe Farben na \u00faltima etapa do calend\u00e1rio em Interlagos\u201d<br \/>\n<strong>Mar\u00e7al Muller<\/strong><\/p>\n<\/div>\n","protected":false},"excerpt":{"rendered":"<p>Campeonato de sprint da Porsche Cup abandona invers\u00e3o de grid nas duas \u00faltimas etapas A equipe Farben precisou cruzar o oceano Atl\u00e2ntico para espantar a mar\u00e9 de azar em 2025. Atual campe\u00e3o de sprint da Porsche Cup, Mar\u00e7al Muller cravou as duas primeiras poles do ano no Velocitta e foi segundo no grid em Interlagos, [&hellip;]<\/p>\n","protected":false},"author":2,"featured_media":19551,"comment_status":"closed","ping_status":"open","sticky":false,"template":"","format":"standard","meta":{"_editorskit_title_hidden":false,"_editorskit_reading_time":0,"_editorskit_is_block_options_detached":false,"_editorskit_block_options_position":"{}","om_disable_all_campaigns":false,"_monsterinsights_skip_tracking":false,"_monsterinsights_sitenote_active":false,"_monsterinsights_sitenote_note":"","_monsterinsights_sitenote_category":0,"_uf_show_specific_survey":0,"_uf_disable_surveys":false,"site-sidebar-layout":"default","site-content-layout":"","ast-site-content-layout":"default","site-content-style":"default","site-sidebar-style":"default","ast-global-header-display":"","ast-banner-title-visibility":"","ast-main-header-display":"","ast-hfb-above-header-display":"","ast-hfb-below-header-display":"","ast-hfb-mobile-header-display":"","site-post-title":"","ast-breadcrumbs-content":"","ast-featured-img":"","footer-sml-layout":"","theme-transparent-header-meta":"default","adv-header-id-meta":"","stick-header-meta":"default","header-above-stick-meta":"","header-main-stick-meta":"","header-below-stick-meta":"","astra-migrate-meta-layouts":"set","ast-page-background-enabled":"default","ast-page-background-meta":{"desktop":{"background-color":"","background-image":"","background-repeat":"repeat","background-position":"center center","background-size":"auto","background-attachment":"scroll","background-type":"","background-media":"","overlay-type":"","overlay-color":"","overlay-opacity":"","overlay-gradient":""},"tablet":{"background-color":"","background-image":"","background-repeat":"repeat","background-position":"center center","background-size":"auto","background-attachment":"scroll","background-type":"","background-media":"","overlay-type":"","overlay-color":"","overlay-opacity":"","overlay-gradient":""},"mobile":{"background-color":"","background-image":"","background-repeat":"repeat","background-position":"center center","background-size":"auto","background-attachment":"scroll","background-type":"","background-media":"","overlay-type":"","overlay-color":"","overlay-opacity":"","overlay-gradient":""}},"ast-content-background-meta":{"desktop":{"background-color":"var(--ast-global-color-5)","background-image":"","background-repeat":"repeat","background-position":"center center","background-size":"auto","background-attachment":"scroll","background-type":"","background-media":"","overlay-type":"","overlay-color":"","overlay-opacity":"","overlay-gradient":""},"tablet":{"background-color":"var(--ast-global-color-5)","background-image":"","background-repeat":"repeat","background-position":"center center","background-size":"auto","background-attachment":"scroll","background-type":"","background-media":"","overlay-type":"","overlay-color":"","overlay-opacity":"","overlay-gradient":""},"mobile":{"background-color":"var(--ast-global-color-5)","background-image":"","background-repeat":"repeat","background-position":"center center","background-size":"auto","background-attachment":"scroll","background-type":"","background-media":"","overlay-type":"","overlay-color":"","overlay-opacity":"","overlay-gradient":""}},"footnotes":""},"categories":[11],"tags":[],"class_list":["post-19550","post","type-post","status-publish","format-standard","has-post-thumbnail","hentry","category-noticias"],"aioseo_notices":[],"_links":{"self":[{"href":"https:\/\/contarotacoes.com\/index.php?rest_route=\/wp\/v2\/posts\/19550","targetHints":{"allow":["GET"]}}],"collection":[{"href":"https:\/\/contarotacoes.com\/index.php?rest_route=\/wp\/v2\/posts"}],"about":[{"href":"https:\/\/contarotacoes.com\/index.php?rest_route=\/wp\/v2\/types\/post"}],"author":[{"embeddable":true,"href":"https:\/\/contarotacoes.com\/index.php?rest_route=\/wp\/v2\/users\/2"}],"replies":[{"embeddable":true,"href":"https:\/\/contarotacoes.com\/index.php?rest_route=%2Fwp%2Fv2%2Fcomments&post=19550"}],"version-history":[{"count":1,"href":"https:\/\/contarotacoes.com\/index.php?rest_route=\/wp\/v2\/posts\/19550\/revisions"}],"predecessor-version":[{"id":19552,"href":"https:\/\/contarotacoes.com\/index.php?rest_route=\/wp\/v2\/posts\/19550\/revisions\/19552"}],"wp:featuredmedia":[{"embeddable":true,"href":"https:\/\/contarotacoes.com\/index.php?rest_route=\/wp\/v2\/media\/19551"}],"wp:attachment":[{"href":"https:\/\/contarotacoes.com\/index.php?rest_route=%2Fwp%2Fv2%2Fmedia&parent=19550"}],"wp:term":[{"taxonomy":"category","embeddable":true,"href":"https:\/\/contarotacoes.com\/index.php?rest_route=%2Fwp%2Fv2%2Fcategories&post=19550"},{"taxonomy":"post_tag","embeddable":true,"href":"https:\/\/contarotacoes.com\/index.php?rest_route=%2Fwp%2Fv2%2Ftags&post=19550"}],"curies":[{"name":"wp","href":"https:\/\/api.w.org\/{rel}","templated":true}]}}