{"id":19392,"date":"2025-08-03T21:16:45","date_gmt":"2025-08-03T21:16:45","guid":{"rendered":"https:\/\/contarotacoes.com\/?p=19392"},"modified":"2025-08-03T21:16:45","modified_gmt":"2025-08-03T21:16:45","slug":"ciset-4x4-sao-vicente-2025-leva-emocao-a-ilha-da-madeira-numa-prova-unica-disputada-entre-montanha-e-mar","status":"publish","type":"post","link":"https:\/\/contarotacoes.com\/?p=19392","title":{"rendered":"CISET 4&#215;4 S\u00e3o Vicente 2025 leva emo\u00e7\u00e3o \u00e0 ilha da Madeira numa prova \u00fanica disputada entre montanha e mar"},"content":{"rendered":"<div class=\"x14z9mp xat24cr x1lziwak x1vvkbs xtlvy1s x126k92a\">\n<div dir=\"auto\" style=\"text-align: justify;\">A ilha da Madeira volta a receber uma das competi\u00e7\u00f5es mais esperadas do calend\u00e1rio desportivo nacional. Nos dias 23 e 24 de agosto, o concelho de S\u00e3o Vicente ser\u00e1 o palco de um espet\u00e1culo repleto de adrenalina, t\u00e9cnica e supera\u00e7\u00e3o, com a realiza\u00e7\u00e3o do CISET 4X4 S\u00e3o Vicente 2025 \u2014 uma etapa que promete ficar na mem\u00f3ria de todos os que a viverem de perto.<\/div>\n<\/div>\n<div class=\"x14z9mp xat24cr x1lziwak x1vvkbs xtlvy1s x126k92a\" style=\"text-align: justify;\">\n<div dir=\"auto\">Organizado pelo Clube Desportivo Nacional e pela X-Adventure, com o apoio da C\u00e2mara Municipal de S\u00e3o Vicente, do Turismo da Madeira e de v\u00e1rias entidades privadas, este evento representa um novo cap\u00edtulo na hist\u00f3ria da prova, agora com uma renovada equipa promotora local, refor\u00e7ando o compromisso com o profissionalismo e a excel\u00eancia a que esta etapa j\u00e1 nos habituou.<\/div>\n<\/div>\n<div class=\"x14z9mp xat24cr x1lziwak x1vvkbs xtlvy1s x126k92a\" style=\"text-align: justify;\">\n<div dir=\"auto\">O cen\u00e1rio n\u00e3o podia ser mais inspirador: entre as escarpas verdejantes e o sussurro do Atl\u00e2ntico, a Ribeira de S\u00e3o Vicente transforma-se num verdadeiro anfiteatro natural. Ali, entre rochas imponentes, leitos de \u00e1gua e desn\u00edveis dram\u00e1ticos, desenha-se um percurso que exige o melhor de cada participante \u2014 e oferece ao p\u00fablico um espet\u00e1culo envolvente, aut\u00eantico e inesquec\u00edvel.<\/div>\n<\/div>\n<div class=\"x14z9mp xat24cr x1lziwak x1vvkbs xtlvy1s x126k92a\" style=\"text-align: justify;\">\n<div dir=\"auto\">Com as suas montanhas cobertas de laurissilva e grutas vulc\u00e2nicas, S\u00e3o Vicente \u00e9 um retrato fiel da beleza madeirense. \u00c9 nesta terra de natureza indom\u00e1vel e povo caloroso que se desenrolar\u00e1 um dos momentos altos da temporada, numa prova onde a emo\u00e7\u00e3o se vive com intensidade em cada curva, em cada obst\u00e1culo, em cada aplauso.<\/div>\n<\/div>\n<div class=\"x14z9mp xat24cr x1lziwak x1vvkbs xtlvy1s x126k92a\" style=\"text-align: justify;\">\n<div dir=\"auto\">A edi\u00e7\u00e3o deste ano promete um confronto apaixonante entre equipas do Continente e da Madeira. As principais forma\u00e7\u00f5es nacionais j\u00e1 confirmaram presen\u00e7a e preparam-se para cruzar o mar em busca da vit\u00f3ria, enfrentando os talentos insulares num duelo que se antev\u00ea \u00e9pico. Mais do que uma prova, ser\u00e1 uma celebra\u00e7\u00e3o do engenho, da coragem e da paix\u00e3o pelo desafio.<\/div>\n<\/div>\n<div class=\"x14z9mp xat24cr x1lziwak x1vvkbs xtlvy1s x126k92a\" style=\"text-align: justify;\">\n<div dir=\"auto\">O programa oficial come\u00e7a no s\u00e1bado, 23 de agosto, com a abertura do secretariado e as verifica\u00e7\u00f5es t\u00e9cnicas e documentais, seguidas do pr\u00f3logo e da primeira manga de resist\u00eancia. No domingo, dia 24, os motores voltam a rugir a partir das 15h00, com a segunda manga de resist\u00eancia a encerrar a competi\u00e7\u00e3o, culminando na cerim\u00f3nia de entrega de pr\u00e9mios \u00e0s 19h00.<\/div>\n<\/div>\n<div class=\"x14z9mp xat24cr x1lziwak x1vvkbs xtlvy1s x126k92a\">\n<div dir=\"auto\" style=\"text-align: justify;\">Antes disso, no dia 20 de agosto, pelas 18h30, realiza-se a confer\u00eancia de imprensa oficial no Sal\u00e3o Nobre da C\u00e2mara Municipal de S\u00e3o Vicente, onde ser\u00e3o revelados mais detalhes sobre a prova e as equipas participantes.<\/div>\n<\/div>\n","protected":false},"excerpt":{"rendered":"<p>A ilha da Madeira volta a receber uma das competi\u00e7\u00f5es mais esperadas do calend\u00e1rio desportivo nacional. Nos dias 23 e 24 de agosto, o concelho de S\u00e3o Vicente ser\u00e1 o palco de um espet\u00e1culo repleto de adrenalina, t\u00e9cnica e supera\u00e7\u00e3o, com a realiza\u00e7\u00e3o do CISET 4X4 S\u00e3o Vicente 2025 \u2014 uma etapa que promete ficar [&hellip;]<\/p>\n","protected":false},"author":2,"featured_media":19393,"comment_status":"closed","ping_status":"open","sticky":false,"template":"","format":"standard","meta":{"_editorskit_title_hidden":false,"_editorskit_reading_time":0,"_editorskit_is_block_options_detached":false,"_editorskit_block_options_position":"{}","om_disable_all_campaigns":false,"_monsterinsights_skip_tracking":false,"_monsterinsights_sitenote_active":false,"_monsterinsights_sitenote_note":"","_monsterinsights_sitenote_category":0,"_uf_show_specific_survey":0,"_uf_disable_surveys":false,"site-sidebar-layout":"default","site-content-layout":"","ast-site-content-layout":"default","site-content-style":"default","site-sidebar-style":"default","ast-global-header-display":"","ast-banner-title-visibility":"","ast-main-header-display":"","ast-hfb-above-header-display":"","ast-hfb-below-header-display":"","ast-hfb-mobile-header-display":"","site-post-title":"","ast-breadcrumbs-content":"","ast-featured-img":"","footer-sml-layout":"","theme-transparent-header-meta":"default","adv-header-id-meta":"","stick-header-meta":"default","header-above-stick-meta":"","header-main-stick-meta":"","header-below-stick-meta":"","astra-migrate-meta-layouts":"set","ast-page-background-enabled":"default","ast-page-background-meta":{"desktop":{"background-color":"","background-image":"","background-repeat":"repeat","background-position":"center center","background-size":"auto","background-attachment":"scroll","background-type":"","background-media":"","overlay-type":"","overlay-color":"","overlay-opacity":"","overlay-gradient":""},"tablet":{"background-color":"","background-image":"","background-repeat":"repeat","background-position":"center center","background-size":"auto","background-attachment":"scroll","background-type":"","background-media":"","overlay-type":"","overlay-color":"","overlay-opacity":"","overlay-gradient":""},"mobile":{"background-color":"","background-image":"","background-repeat":"repeat","background-position":"center center","background-size":"auto","background-attachment":"scroll","background-type":"","background-media":"","overlay-type":"","overlay-color":"","overlay-opacity":"","overlay-gradient":""}},"ast-content-background-meta":{"desktop":{"background-color":"var(--ast-global-color-5)","background-image":"","background-repeat":"repeat","background-position":"center center","background-size":"auto","background-attachment":"scroll","background-type":"","background-media":"","overlay-type":"","overlay-color":"","overlay-opacity":"","overlay-gradient":""},"tablet":{"background-color":"var(--ast-global-color-5)","background-image":"","background-repeat":"repeat","background-position":"center center","background-size":"auto","background-attachment":"scroll","background-type":"","background-media":"","overlay-type":"","overlay-color":"","overlay-opacity":"","overlay-gradient":""},"mobile":{"background-color":"var(--ast-global-color-5)","background-image":"","background-repeat":"repeat","background-position":"center center","background-size":"auto","background-attachment":"scroll","background-type":"","background-media":"","overlay-type":"","overlay-color":"","overlay-opacity":"","overlay-gradient":""}},"footnotes":""},"categories":[11],"tags":[],"class_list":["post-19392","post","type-post","status-publish","format-standard","has-post-thumbnail","hentry","category-noticias"],"aioseo_notices":[],"_links":{"self":[{"href":"https:\/\/contarotacoes.com\/index.php?rest_route=\/wp\/v2\/posts\/19392","targetHints":{"allow":["GET"]}}],"collection":[{"href":"https:\/\/contarotacoes.com\/index.php?rest_route=\/wp\/v2\/posts"}],"about":[{"href":"https:\/\/contarotacoes.com\/index.php?rest_route=\/wp\/v2\/types\/post"}],"author":[{"embeddable":true,"href":"https:\/\/contarotacoes.com\/index.php?rest_route=\/wp\/v2\/users\/2"}],"replies":[{"embeddable":true,"href":"https:\/\/contarotacoes.com\/index.php?rest_route=%2Fwp%2Fv2%2Fcomments&post=19392"}],"version-history":[{"count":1,"href":"https:\/\/contarotacoes.com\/index.php?rest_route=\/wp\/v2\/posts\/19392\/revisions"}],"predecessor-version":[{"id":19394,"href":"https:\/\/contarotacoes.com\/index.php?rest_route=\/wp\/v2\/posts\/19392\/revisions\/19394"}],"wp:featuredmedia":[{"embeddable":true,"href":"https:\/\/contarotacoes.com\/index.php?rest_route=\/wp\/v2\/media\/19393"}],"wp:attachment":[{"href":"https:\/\/contarotacoes.com\/index.php?rest_route=%2Fwp%2Fv2%2Fmedia&parent=19392"}],"wp:term":[{"taxonomy":"category","embeddable":true,"href":"https:\/\/contarotacoes.com\/index.php?rest_route=%2Fwp%2Fv2%2Fcategories&post=19392"},{"taxonomy":"post_tag","embeddable":true,"href":"https:\/\/contarotacoes.com\/index.php?rest_route=%2Fwp%2Fv2%2Ftags&post=19392"}],"curies":[{"name":"wp","href":"https:\/\/api.w.org\/{rel}","templated":true}]}}