{"id":19376,"date":"2025-08-03T09:08:10","date_gmt":"2025-08-03T09:08:10","guid":{"rendered":"https:\/\/contarotacoes.com\/?p=19376"},"modified":"2025-08-03T09:08:10","modified_gmt":"2025-08-03T09:08:10","slug":"jose-pedro-fontes-e-ines-ponte-no-podio-do-cpr-no-rali-vinho-madeira","status":"publish","type":"post","link":"https:\/\/contarotacoes.com\/?p=19376","title":{"rendered":"JOS\u00c9 PEDRO FONTES E IN\u00caS PONTE NO P\u00d3DIO DO CPR NO RALI VINHO MADEIRA"},"content":{"rendered":"<ul>\n<li style=\"text-align: justify;\"><strong>A dupla do Citro\u00ebn Rally Team alcan\u00e7ou um resultado positivo na sexta prova do Campeonato de Portugal de Ralis, o Rali da Madeira 2025.<\/strong><\/li>\n<li style=\"text-align: justify;\"><strong>O terceiro lugar entre os concorrentes do CPR foi um bom pr\u00e9mio para Jos\u00e9 Pedro Fontes e In\u00eas Ponte, numa prova desafiante que exigiu compromisso e determina\u00e7\u00e3o.<\/strong><\/li>\n<li style=\"text-align: justify;\"><strong>Este resultado mostra a competitividade do Citro\u00ebn Rally Team e do Citro\u00ebn C3 Rally2, carro vencedor da prova insular \u00e0 geral.<\/strong><strong style=\"font-size: 16px;\">\u00a0<\/strong><\/li>\n<\/ul>\n<p style=\"text-align: justify;\">O Rali da Madeira voltou a mostrar toda a sua exig\u00eancia e espetacularidade, com tro\u00e7os desafiantes e uma forte concorr\u00eancia internacional e nacional. As paisagens arrebatadoras da \u201cP\u00e9rola do Atl\u00e2ntico\u201d foram o pano de fundo perfeito para a presta\u00e7\u00e3o do Citro\u00ebn Rally Team, que voltou a terminar nos lugares de destaque.<\/p>\n<p style=\"text-align: justify;\">Jos\u00e9 Pedro Fontes e In\u00eas Ponte, aos comandos do competitivo Citro\u00ebn C3 Rally2, terminaram a prova na 3.\u00aa posi\u00e7\u00e3o entre os concorrentes do CPR, traduzindo-se num contributo importante para a luta do campeonato nacional.<\/p>\n<p style=\"text-align: justify;\">Apesar do p\u00f3dio, a equipa do Citro\u00ebn Rally Team sai da Madeira com sentimentos mistos. O primeiro dia de prova, na sexta-feira, ficou marcado por uma escolha de pneus menos eficaz e por um ritmo abaixo das expectativas iniciais, o que comprometeu uma aproxima\u00e7\u00e3o mais efetiva aos primeiros lugares da geral. Ainda assim, com uma abordagem pragm\u00e1tica, consistente, e consciente da import\u00e2ncia de somar pontos num campeonato cada vez mais competitivo, a equipa soube reagir e consolidar um lugar no p\u00f3dio do CPR. Foi um resultado positivo, numa prova dura que n\u00e3o poupou ningu\u00e9m.<\/p>\n<p style=\"text-align: justify;\">Jos\u00e9 Pedro Fontes destacou o valor deste resultado, numa prova pela qual nutre grande carinho: <strong><em>\u201cObviamente gostar\u00edamos de sair da Madeira com um resultado mais expressivo, sobretudo tendo em conta o nosso hist\u00f3rico nesta prova, mas nem sempre tudo corre como planeado. Tivemos um primeiro dia dif\u00edcil, onde algumas decis\u00f5es n\u00e3o nos favoreceram, mas conseguimos recuperar e garantir pontos importantes para o campeonato. Sabemos que o campeonato \u00e9 longo e que cada ponto pode fazer a diferen\u00e7a. No entanto, fica a satisfa\u00e7\u00e3o de termos subido ao p\u00f3dio nesta bela prova, com tro\u00e7os maravilhosos e com um p\u00fablico fant\u00e1stico. Este \u00e9, de facto, um rali especial.\u201d<\/em><\/strong><\/p>\n<p style=\"text-align: justify;\">Nota de destaque, Diego Ruiloba e Angel Vela foram os grandes vencedores da prova Insular, com o segundo triunfo \u00e0 geral da dupla espanhola, aos comandos do Citro\u00ebn C3 Rally2, que se revelou a m\u00e1quina ideal, perante a forte concorr\u00eancia, especialmente os pilotos madeirenses, com um conhecimento \u00edmpar dos tro\u00e7os. Este triunfo \u00e9 um t\u00f3nico importante para Ruiloba que agora aponta a voos mais altos, com provas do WRC pela frente.<\/p>\n<p style=\"text-align: justify;\">O Citro\u00ebn Rally Team refor\u00e7a agora a sua motiva\u00e7\u00e3o para os restantes ralis de asfalto do CPR 2025. O campeonato entra agora na pausa de ver\u00e3o, com regresso marcado em setembro, de 19 a 20, para o Rali da \u00c1gua Transib\u00e9rico Eurocidade Chaves-Ver\u00edn.<\/p>\n","protected":false},"excerpt":{"rendered":"<p>A dupla do Citro\u00ebn Rally Team alcan\u00e7ou um resultado positivo na sexta prova do Campeonato de Portugal de Ralis, o Rali da Madeira 2025. O terceiro lugar entre os concorrentes do CPR foi um bom pr\u00e9mio para Jos\u00e9 Pedro Fontes e In\u00eas Ponte, numa prova desafiante que exigiu compromisso e determina\u00e7\u00e3o. Este resultado mostra a [&hellip;]<\/p>\n","protected":false},"author":2,"featured_media":19377,"comment_status":"closed","ping_status":"open","sticky":false,"template":"","format":"standard","meta":{"_editorskit_title_hidden":false,"_editorskit_reading_time":0,"_editorskit_is_block_options_detached":false,"_editorskit_block_options_position":"{}","om_disable_all_campaigns":false,"_monsterinsights_skip_tracking":false,"_monsterinsights_sitenote_active":false,"_monsterinsights_sitenote_note":"","_monsterinsights_sitenote_category":0,"_uf_show_specific_survey":0,"_uf_disable_surveys":false,"site-sidebar-layout":"default","site-content-layout":"","ast-site-content-layout":"default","site-content-style":"default","site-sidebar-style":"default","ast-global-header-display":"","ast-banner-title-visibility":"","ast-main-header-display":"","ast-hfb-above-header-display":"","ast-hfb-below-header-display":"","ast-hfb-mobile-header-display":"","site-post-title":"","ast-breadcrumbs-content":"","ast-featured-img":"","footer-sml-layout":"","theme-transparent-header-meta":"default","adv-header-id-meta":"","stick-header-meta":"default","header-above-stick-meta":"","header-main-stick-meta":"","header-below-stick-meta":"","astra-migrate-meta-layouts":"set","ast-page-background-enabled":"default","ast-page-background-meta":{"desktop":{"background-color":"","background-image":"","background-repeat":"repeat","background-position":"center center","background-size":"auto","background-attachment":"scroll","background-type":"","background-media":"","overlay-type":"","overlay-color":"","overlay-opacity":"","overlay-gradient":""},"tablet":{"background-color":"","background-image":"","background-repeat":"repeat","background-position":"center center","background-size":"auto","background-attachment":"scroll","background-type":"","background-media":"","overlay-type":"","overlay-color":"","overlay-opacity":"","overlay-gradient":""},"mobile":{"background-color":"","background-image":"","background-repeat":"repeat","background-position":"center center","background-size":"auto","background-attachment":"scroll","background-type":"","background-media":"","overlay-type":"","overlay-color":"","overlay-opacity":"","overlay-gradient":""}},"ast-content-background-meta":{"desktop":{"background-color":"var(--ast-global-color-5)","background-image":"","background-repeat":"repeat","background-position":"center center","background-size":"auto","background-attachment":"scroll","background-type":"","background-media":"","overlay-type":"","overlay-color":"","overlay-opacity":"","overlay-gradient":""},"tablet":{"background-color":"var(--ast-global-color-5)","background-image":"","background-repeat":"repeat","background-position":"center center","background-size":"auto","background-attachment":"scroll","background-type":"","background-media":"","overlay-type":"","overlay-color":"","overlay-opacity":"","overlay-gradient":""},"mobile":{"background-color":"var(--ast-global-color-5)","background-image":"","background-repeat":"repeat","background-position":"center center","background-size":"auto","background-attachment":"scroll","background-type":"","background-media":"","overlay-type":"","overlay-color":"","overlay-opacity":"","overlay-gradient":""}},"footnotes":""},"categories":[11],"tags":[],"class_list":["post-19376","post","type-post","status-publish","format-standard","has-post-thumbnail","hentry","category-noticias"],"aioseo_notices":[],"_links":{"self":[{"href":"https:\/\/contarotacoes.com\/index.php?rest_route=\/wp\/v2\/posts\/19376","targetHints":{"allow":["GET"]}}],"collection":[{"href":"https:\/\/contarotacoes.com\/index.php?rest_route=\/wp\/v2\/posts"}],"about":[{"href":"https:\/\/contarotacoes.com\/index.php?rest_route=\/wp\/v2\/types\/post"}],"author":[{"embeddable":true,"href":"https:\/\/contarotacoes.com\/index.php?rest_route=\/wp\/v2\/users\/2"}],"replies":[{"embeddable":true,"href":"https:\/\/contarotacoes.com\/index.php?rest_route=%2Fwp%2Fv2%2Fcomments&post=19376"}],"version-history":[{"count":1,"href":"https:\/\/contarotacoes.com\/index.php?rest_route=\/wp\/v2\/posts\/19376\/revisions"}],"predecessor-version":[{"id":19378,"href":"https:\/\/contarotacoes.com\/index.php?rest_route=\/wp\/v2\/posts\/19376\/revisions\/19378"}],"wp:featuredmedia":[{"embeddable":true,"href":"https:\/\/contarotacoes.com\/index.php?rest_route=\/wp\/v2\/media\/19377"}],"wp:attachment":[{"href":"https:\/\/contarotacoes.com\/index.php?rest_route=%2Fwp%2Fv2%2Fmedia&parent=19376"}],"wp:term":[{"taxonomy":"category","embeddable":true,"href":"https:\/\/contarotacoes.com\/index.php?rest_route=%2Fwp%2Fv2%2Fcategories&post=19376"},{"taxonomy":"post_tag","embeddable":true,"href":"https:\/\/contarotacoes.com\/index.php?rest_route=%2Fwp%2Fv2%2Ftags&post=19376"}],"curies":[{"name":"wp","href":"https:\/\/api.w.org\/{rel}","templated":true}]}}