{"id":19128,"date":"2025-07-24T21:26:59","date_gmt":"2025-07-24T21:26:59","guid":{"rendered":"https:\/\/contarotacoes.com\/?p=19128"},"modified":"2025-07-24T21:26:59","modified_gmt":"2025-07-24T21:26:59","slug":"97-inscritos-no-rali-da-madeira","status":"publish","type":"post","link":"https:\/\/contarotacoes.com\/?p=19128","title":{"rendered":"97 inscritos no Rali da Madeira"},"content":{"rendered":"<p style=\"text-align: justify;\"><span lang=\"PT\" xml:lang=\"PT\">Dani Sordo ostentar\u00e1 o n\u00famero 1 no seu Hyundai i20N Rally2 na 66\u00aa edi\u00e7\u00e3o do Rali da Madeira, dentro de uma semana na estrada. O piloto espanhol da Hyundai encabe\u00e7a a lista de 97 inscritos revelada esta tarde pelo Club Sports da Madeira, entidade respons\u00e1vel pelo evento desde a sua primeira edi\u00e7\u00e3o, em 1959. O rol hoje revelado \u00e9 pautado n\u00e3o s\u00f3 por uma grande quantidade de concorrentes como pela grande qualidade das mesmas, deixando antever um rali memor\u00e1vel.<\/span><\/p>\n<p style=\"text-align: justify;\"><span lang=\"PT\" xml:lang=\"PT\">Da lista hoje tornada p\u00fablica constam 24 concorrentes com viaturas Rally2, 7 com RGT e 26 com Rally4, o que, em condi\u00e7\u00f5es normais, possibilitar\u00e1 aos muitos espetadores presenciarem durante cerca de uma hora a evolu\u00e7\u00e3o de equipas com as melhores viaturas dispon\u00edveis nesta altura ao n\u00edvel competitivo internacional. O Rali da Madeira contar\u00e1 com vedetas internacionais assim como com os pilotos que discutam as primeiras posi\u00e7\u00f5es nos campeonatos nacionais e regionais e tamb\u00e9m aqueles das competi\u00e7\u00f5es monomarca que incluem a prova no seu calend\u00e1rio.<\/span><\/p>\n<p style=\"text-align: justify;\"><span lang=\"PT\" xml:lang=\"PT\">Para al\u00e9m de Sordo, estar\u00e3o \u00e0 partida do evento, Simone Campedelli e Diego Ruiloba, os dois pilotos mais r\u00e1pidos na edi\u00e7\u00e3o transata, e, entre outros, nomes como os de Kris Meeke, Armindo Ara\u00fajo, Ricardo Teod\u00f3sio, Miguel Nunes, Jos\u00e9 Pedro Fontes, Jo\u00e3o Silva, R\u00faben Rodrigues, Alexandre Camacho, o recordista de vit\u00f3rias no rali, Miguel Caires ou Rui Jorge Fernandes. Estes e outros concorrentes estar\u00e3o ao volante de todas as marcas presentes neste grupo, Skoda, com v\u00e1rias vers\u00f5es do Fabia Rally2, Toyota GR Yaris Rally2, Citro\u00ebn C3 Rally2, Hyundai i20N Rally2 e mesmo um Ford Fiesta R5.<\/span><\/p>\n<p style=\"text-align: justify;\"><span lang=\"PT\" xml:lang=\"PT\">Filipe Freitas, Gil Freitas, Joachim Wagemans ou Paulo Mendes s\u00e3o refer\u00eancias nos baixos e eficientes RGT feitos pela Porsche e Alpine. Competi\u00e7\u00e3o dentro de outra, a luta pela primazia no dom\u00ednio dos utilizadores de viaturas de tra\u00e7\u00e3o dianteira ser\u00e1 acalorada. Para al\u00e9m dos pilotos que marcam o ritmo nesta categoria tanto ao n\u00edvel nacional como regional, o Rali da Madeira contar\u00e1 novamente com a presen\u00e7a dos principais interessados nas Peugeot Rally Cup Iberica e Portugal. O equil\u00edbrio entre viaturas RC4 leva mesmo nomes como os de Vasco Silva, Sandro Teixeira, Carlos Ferreira, Henrique Moniz, Ricardo Sousa, Giovanni Fari\u00f1a ou o anterior vencedor do rali, Adruzilo Lopes, a vaticinarem como ser\u00e1 o escalonamento nas v\u00e1rias fases da corrida.<\/span><\/p>\n<p style=\"text-align: justify;\"><span lang=\"PT\" xml:lang=\"PT\">O evento dirigido por Filipe Sousa contar\u00e1 tamb\u00e9m com pilotos nos n\u00e3o t\u00e3o atuais R3T, Nuno Ferreira ou Jo\u00e3o Alix, ou vedetas do espet\u00e1culo como Cl\u00e1udio N\u00f3brega em Datsun 1200, Miguel Gouveia com BMW E36 ou M\u00e1rio Oliveira com Ford Escort RS Mk II. Raz\u00f5es de sobra para uma popula\u00e7\u00e3o devotada aos ralis e os muitos forasteiros que por esta altura se deslocam \u00e0 Madeira manifestarem a sua impaci\u00eancia para que o Rali da Madeira esteja na estrada.<\/span><\/p>\n","protected":false},"excerpt":{"rendered":"<p>Dani Sordo ostentar\u00e1 o n\u00famero 1 no seu Hyundai i20N Rally2 na 66\u00aa edi\u00e7\u00e3o do Rali da Madeira, dentro de uma semana na estrada. O piloto espanhol da Hyundai encabe\u00e7a a lista de 97 inscritos revelada esta tarde pelo Club Sports da Madeira, entidade respons\u00e1vel pelo evento desde a sua primeira edi\u00e7\u00e3o, em 1959. O [&hellip;]<\/p>\n","protected":false},"author":2,"featured_media":19129,"comment_status":"closed","ping_status":"open","sticky":false,"template":"","format":"standard","meta":{"_editorskit_title_hidden":false,"_editorskit_reading_time":0,"_editorskit_is_block_options_detached":false,"_editorskit_block_options_position":"{}","om_disable_all_campaigns":false,"_monsterinsights_skip_tracking":false,"_monsterinsights_sitenote_active":false,"_monsterinsights_sitenote_note":"","_monsterinsights_sitenote_category":0,"_uf_show_specific_survey":0,"_uf_disable_surveys":false,"site-sidebar-layout":"default","site-content-layout":"","ast-site-content-layout":"default","site-content-style":"default","site-sidebar-style":"default","ast-global-header-display":"","ast-banner-title-visibility":"","ast-main-header-display":"","ast-hfb-above-header-display":"","ast-hfb-below-header-display":"","ast-hfb-mobile-header-display":"","site-post-title":"","ast-breadcrumbs-content":"","ast-featured-img":"","footer-sml-layout":"","theme-transparent-header-meta":"default","adv-header-id-meta":"","stick-header-meta":"default","header-above-stick-meta":"","header-main-stick-meta":"","header-below-stick-meta":"","astra-migrate-meta-layouts":"set","ast-page-background-enabled":"default","ast-page-background-meta":{"desktop":{"background-color":"","background-image":"","background-repeat":"repeat","background-position":"center center","background-size":"auto","background-attachment":"scroll","background-type":"","background-media":"","overlay-type":"","overlay-color":"","overlay-opacity":"","overlay-gradient":""},"tablet":{"background-color":"","background-image":"","background-repeat":"repeat","background-position":"center center","background-size":"auto","background-attachment":"scroll","background-type":"","background-media":"","overlay-type":"","overlay-color":"","overlay-opacity":"","overlay-gradient":""},"mobile":{"background-color":"","background-image":"","background-repeat":"repeat","background-position":"center center","background-size":"auto","background-attachment":"scroll","background-type":"","background-media":"","overlay-type":"","overlay-color":"","overlay-opacity":"","overlay-gradient":""}},"ast-content-background-meta":{"desktop":{"background-color":"var(--ast-global-color-5)","background-image":"","background-repeat":"repeat","background-position":"center center","background-size":"auto","background-attachment":"scroll","background-type":"","background-media":"","overlay-type":"","overlay-color":"","overlay-opacity":"","overlay-gradient":""},"tablet":{"background-color":"var(--ast-global-color-5)","background-image":"","background-repeat":"repeat","background-position":"center center","background-size":"auto","background-attachment":"scroll","background-type":"","background-media":"","overlay-type":"","overlay-color":"","overlay-opacity":"","overlay-gradient":""},"mobile":{"background-color":"var(--ast-global-color-5)","background-image":"","background-repeat":"repeat","background-position":"center center","background-size":"auto","background-attachment":"scroll","background-type":"","background-media":"","overlay-type":"","overlay-color":"","overlay-opacity":"","overlay-gradient":""}},"footnotes":""},"categories":[11],"tags":[],"class_list":["post-19128","post","type-post","status-publish","format-standard","has-post-thumbnail","hentry","category-noticias"],"aioseo_notices":[],"_links":{"self":[{"href":"https:\/\/contarotacoes.com\/index.php?rest_route=\/wp\/v2\/posts\/19128","targetHints":{"allow":["GET"]}}],"collection":[{"href":"https:\/\/contarotacoes.com\/index.php?rest_route=\/wp\/v2\/posts"}],"about":[{"href":"https:\/\/contarotacoes.com\/index.php?rest_route=\/wp\/v2\/types\/post"}],"author":[{"embeddable":true,"href":"https:\/\/contarotacoes.com\/index.php?rest_route=\/wp\/v2\/users\/2"}],"replies":[{"embeddable":true,"href":"https:\/\/contarotacoes.com\/index.php?rest_route=%2Fwp%2Fv2%2Fcomments&post=19128"}],"version-history":[{"count":1,"href":"https:\/\/contarotacoes.com\/index.php?rest_route=\/wp\/v2\/posts\/19128\/revisions"}],"predecessor-version":[{"id":19130,"href":"https:\/\/contarotacoes.com\/index.php?rest_route=\/wp\/v2\/posts\/19128\/revisions\/19130"}],"wp:featuredmedia":[{"embeddable":true,"href":"https:\/\/contarotacoes.com\/index.php?rest_route=\/wp\/v2\/media\/19129"}],"wp:attachment":[{"href":"https:\/\/contarotacoes.com\/index.php?rest_route=%2Fwp%2Fv2%2Fmedia&parent=19128"}],"wp:term":[{"taxonomy":"category","embeddable":true,"href":"https:\/\/contarotacoes.com\/index.php?rest_route=%2Fwp%2Fv2%2Fcategories&post=19128"},{"taxonomy":"post_tag","embeddable":true,"href":"https:\/\/contarotacoes.com\/index.php?rest_route=%2Fwp%2Fv2%2Ftags&post=19128"}],"curies":[{"name":"wp","href":"https:\/\/api.w.org\/{rel}","templated":true}]}}