{"id":18979,"date":"2025-07-16T00:13:31","date_gmt":"2025-07-16T00:13:31","guid":{"rendered":"https:\/\/contarotacoes.com\/?p=18979"},"modified":"2025-07-16T00:13:31","modified_gmt":"2025-07-16T00:13:31","slug":"campeonato-de-flat-track-animado-na-ponta-final","status":"publish","type":"post","link":"https:\/\/contarotacoes.com\/?p=18979","title":{"rendered":"Campeonato de Flat Track animado na ponta final"},"content":{"rendered":"<p style=\"font-weight: 400; text-align: justify;\"><strong>A oval de Travass\u00f4, \u00c1gueda, estreou-se a receber o Campeonato Nacional de Flat Track, com a pen\u00faltima rodada da competi\u00e7\u00e3o a deixar todos os t\u00edtulos ainda por decidir.<\/strong><\/p>\n<p style=\"font-weight: 400; text-align: justify;\">A 5\u00aa e pen\u00faltima prova da temporada 2025 do Campeonato Nacional de Flat Track aconteceu no \u00faltimo fim de semana em Travass\u00f4, \u00c1gueda, que recebeu pela primeira vez em seu oval esta competi\u00e7\u00e3o espetacular e animada. Com apenas uma prova por disputar, todos os seis t\u00edtulos de campeonatos e trof\u00e9us nacionais da modalidade ficaram ainda por decidir.<\/p>\n<p style=\"font-weight: 400; text-align: justify;\">Na pista de Travass\u00f4 voltamos a ter grandes lutas, resultando em estreias a vencer em finais, entre os triunfos dos frequentadores habituais dos lugares do p\u00f3dio. Foi assim na classe Infantil, com Leandro Fel\u00edcia a vencer pela primeira vez a final na classe dos mais novos, depois de ter sido dividida com Enzo Pereira as vit\u00f3rias nas mangas de qualifica\u00e7\u00e3o. Ausente nesta prova, a participar numa prova internacional de Motocross, Enzo Mateus continua a liderar o campeonato, agora com apenas 4 pontos de vantagem sobre Fel\u00edcia.<\/p>\n<p style=\"font-weight: 400; text-align: justify;\">Na classe Promo Bike Rui Miguel fez o \u2018hat trick\u2019, dominando as tr\u00eas corridas, mas na tabela encontra-se distante do l\u00edder, tendo falhado as duas primeiras provas. Tony Martinez parte para a \u00faltima rodada no comando da classifica\u00e7\u00e3o, 21 pontos na frente de Reinaldo Ribeiro.<\/p>\n<p style=\"font-weight: 400; text-align: justify;\">No Mini Flat Track, o \u2018suspeito do traje\u2019, de Alberto Gonz\u00e1lez, venceu igualmente as tr\u00eas corridas, mas sempre perseguido de muito perto por Lu\u00eds Sousa, Jos\u00e9 Alves e Afonso Santos. Com mais estes triunfos, Gonz\u00e1lez soma agora mais 28 pontos que Lu\u00eds Sousa.<\/p>\n<p style=\"font-weight: 400; text-align: justify;\">Entre as Tracker, Avelino Ferreira e Maur\u00edcio Santos protagonizaram os seus duelos habituais, cada um vencendo uma das mangas de qualifica\u00e7\u00e3o, mas na final foi Maur\u00edcio Santos a impor-se a Afonso Santos por 3,5s e a aumentar para 21 pontos a sua vantagem no campeonato face a Avelino Ferreira.<\/p>\n<p style=\"font-weight: 400; text-align: justify;\">Nas Power Bike, apesar das lutas equilibradas pelos primeiros lugares, o ocupante do lugar mais alto do p\u00f3dio foi sempre o mesmo nas MQ e na final: Jo\u00e3o S\u00e1, que assim passa a comandar o campeonato, escassos 3 pontos na frente de Henrique Pinheiro e com F\u00e1bio Fel\u00edcia j\u00e1 afastados da luta pelo t\u00edtulo.<\/p>\n<p style=\"font-weight: 400; text-align: justify;\">Finalmente, nas Dirt Bike, Miguel Fernandes, Ito Glez e Emilio Garcia voltaram a ser os principais protagonistas da luta pelos lugares do p\u00f3dio, mas o portugu\u00eas acabou por se importar nas tr\u00eas corridas, comandando o campeonato com 9 pontos de avan\u00e7o para Ito Glez, o que deixa tamb\u00e9m tudo em aberto para a \u00faltima ronda.<\/p>\n<p style=\"font-weight: 400; text-align: justify;\">O Campeonato Nacional de Flat Track tem a sua jornada de encerramento j\u00e1 no pr\u00f3ximo s\u00e1bado, 19 de julho, na pista da AG81 em Agu\u00e7adoura, P\u00f3voa de Varzim.<\/p>\n<p style=\"font-weight: 400; text-align: justify;\"><em>Fotos:\u00a0<strong>F\u00e1bio Pando<\/strong><\/em><\/p>\n","protected":false},"excerpt":{"rendered":"<p>A oval de Travass\u00f4, \u00c1gueda, estreou-se a receber o Campeonato Nacional de Flat Track, com a pen\u00faltima rodada da competi\u00e7\u00e3o a deixar todos os t\u00edtulos ainda por decidir. A 5\u00aa e pen\u00faltima prova da temporada 2025 do Campeonato Nacional de Flat Track aconteceu no \u00faltimo fim de semana em Travass\u00f4, \u00c1gueda, que recebeu pela primeira [&hellip;]<\/p>\n","protected":false},"author":2,"featured_media":18980,"comment_status":"closed","ping_status":"open","sticky":false,"template":"","format":"standard","meta":{"_editorskit_title_hidden":false,"_editorskit_reading_time":0,"_editorskit_is_block_options_detached":false,"_editorskit_block_options_position":"{}","om_disable_all_campaigns":false,"_monsterinsights_skip_tracking":false,"_monsterinsights_sitenote_active":false,"_monsterinsights_sitenote_note":"","_monsterinsights_sitenote_category":0,"_uf_show_specific_survey":0,"_uf_disable_surveys":false,"site-sidebar-layout":"default","site-content-layout":"","ast-site-content-layout":"default","site-content-style":"default","site-sidebar-style":"default","ast-global-header-display":"","ast-banner-title-visibility":"","ast-main-header-display":"","ast-hfb-above-header-display":"","ast-hfb-below-header-display":"","ast-hfb-mobile-header-display":"","site-post-title":"","ast-breadcrumbs-content":"","ast-featured-img":"","footer-sml-layout":"","theme-transparent-header-meta":"default","adv-header-id-meta":"","stick-header-meta":"default","header-above-stick-meta":"","header-main-stick-meta":"","header-below-stick-meta":"","astra-migrate-meta-layouts":"set","ast-page-background-enabled":"default","ast-page-background-meta":{"desktop":{"background-color":"","background-image":"","background-repeat":"repeat","background-position":"center center","background-size":"auto","background-attachment":"scroll","background-type":"","background-media":"","overlay-type":"","overlay-color":"","overlay-opacity":"","overlay-gradient":""},"tablet":{"background-color":"","background-image":"","background-repeat":"repeat","background-position":"center center","background-size":"auto","background-attachment":"scroll","background-type":"","background-media":"","overlay-type":"","overlay-color":"","overlay-opacity":"","overlay-gradient":""},"mobile":{"background-color":"","background-image":"","background-repeat":"repeat","background-position":"center center","background-size":"auto","background-attachment":"scroll","background-type":"","background-media":"","overlay-type":"","overlay-color":"","overlay-opacity":"","overlay-gradient":""}},"ast-content-background-meta":{"desktop":{"background-color":"var(--ast-global-color-5)","background-image":"","background-repeat":"repeat","background-position":"center center","background-size":"auto","background-attachment":"scroll","background-type":"","background-media":"","overlay-type":"","overlay-color":"","overlay-opacity":"","overlay-gradient":""},"tablet":{"background-color":"var(--ast-global-color-5)","background-image":"","background-repeat":"repeat","background-position":"center center","background-size":"auto","background-attachment":"scroll","background-type":"","background-media":"","overlay-type":"","overlay-color":"","overlay-opacity":"","overlay-gradient":""},"mobile":{"background-color":"var(--ast-global-color-5)","background-image":"","background-repeat":"repeat","background-position":"center center","background-size":"auto","background-attachment":"scroll","background-type":"","background-media":"","overlay-type":"","overlay-color":"","overlay-opacity":"","overlay-gradient":""}},"footnotes":""},"categories":[11],"tags":[],"class_list":["post-18979","post","type-post","status-publish","format-standard","has-post-thumbnail","hentry","category-noticias"],"aioseo_notices":[],"_links":{"self":[{"href":"https:\/\/contarotacoes.com\/index.php?rest_route=\/wp\/v2\/posts\/18979","targetHints":{"allow":["GET"]}}],"collection":[{"href":"https:\/\/contarotacoes.com\/index.php?rest_route=\/wp\/v2\/posts"}],"about":[{"href":"https:\/\/contarotacoes.com\/index.php?rest_route=\/wp\/v2\/types\/post"}],"author":[{"embeddable":true,"href":"https:\/\/contarotacoes.com\/index.php?rest_route=\/wp\/v2\/users\/2"}],"replies":[{"embeddable":true,"href":"https:\/\/contarotacoes.com\/index.php?rest_route=%2Fwp%2Fv2%2Fcomments&post=18979"}],"version-history":[{"count":1,"href":"https:\/\/contarotacoes.com\/index.php?rest_route=\/wp\/v2\/posts\/18979\/revisions"}],"predecessor-version":[{"id":18981,"href":"https:\/\/contarotacoes.com\/index.php?rest_route=\/wp\/v2\/posts\/18979\/revisions\/18981"}],"wp:featuredmedia":[{"embeddable":true,"href":"https:\/\/contarotacoes.com\/index.php?rest_route=\/wp\/v2\/media\/18980"}],"wp:attachment":[{"href":"https:\/\/contarotacoes.com\/index.php?rest_route=%2Fwp%2Fv2%2Fmedia&parent=18979"}],"wp:term":[{"taxonomy":"category","embeddable":true,"href":"https:\/\/contarotacoes.com\/index.php?rest_route=%2Fwp%2Fv2%2Fcategories&post=18979"},{"taxonomy":"post_tag","embeddable":true,"href":"https:\/\/contarotacoes.com\/index.php?rest_route=%2Fwp%2Fv2%2Ftags&post=18979"}],"curies":[{"name":"wp","href":"https:\/\/api.w.org\/{rel}","templated":true}]}}