{"id":18940,"date":"2025-07-15T23:04:31","date_gmt":"2025-07-15T23:04:31","guid":{"rendered":"https:\/\/contarotacoes.com\/?p=18940"},"modified":"2025-07-15T23:04:31","modified_gmt":"2025-07-15T23:04:31","slug":"rodda-a-rejuvenescida-identidade-do-grupo-automoveis-do-mondego","status":"publish","type":"post","link":"https:\/\/contarotacoes.com\/?p=18940","title":{"rendered":"Rodda, a rejuvenescida identidade do Grupo Autom\u00f3veis do Mondego"},"content":{"rendered":"<p style=\"text-align: justify;\"><strong><em>&#8211; \u201cA mover o mundo desde 1945\u201d \u00e9 uma das mensagens associadas \u00e0 nova identidade visual e corporativa do Grupo Autom\u00f3veis do Mondego<\/em><\/strong><\/p>\n<p style=\"text-align: justify;\"><strong><em>&#8211; Implementa\u00e7\u00e3o ser\u00e1 gradual e abranger\u00e1 em todas as estruturas do grupo industrial, refer\u00eancia no setor na regi\u00e3o centro do pa\u00eds<\/em><\/strong><\/p>\n<p style=\"text-align: justify;\">Tendo celebrado, na passada sexta-feira, dia 11 de julho, o seu 80.\u00ba anivers\u00e1rio, num evento de enorme sucesso realizado em Coimbra, a sua cidade-ber\u00e7o, o <strong>Grupo Autom\u00f3veis do Mondego<\/strong> assume a partir de hoje, dia 14 de julho de 2025, uma nova e jovem identidade: <strong>Rodda <\/strong>.<\/p>\n<p style=\"text-align: justify;\">Sob o <em>slogan<\/em> <strong><em>\u201cA mover o mundo desde 1945\u201d<\/em><\/strong>, a nova entidade tem como objetivo dar continuidade ao trabalho realizado ao longo das anteriores oito d\u00e9cadas pelas suas diferentes equipas de profissionais, nomeadamente \u00e0s que nos anos mais recentes lhe permitiram traduzir um crescimento e visibilidade exponencial do Grupo Autom\u00f3veis do Mondego no tecido empresarial e industrial portugu\u00eas, em especial na regi\u00e3o centro do pa\u00eds, onde a sua atua\u00e7\u00e3o surge mais concentrada.<\/p>\n<p style=\"text-align: justify;\"><strong><em>\u201cO Grupo Autom\u00f3veis do Mondego resulta do empenho, dedica\u00e7\u00e3o e crescimento de uma empresa de cariz familiar, fundada num per\u00edodo de recupera\u00e7\u00e3o e de grande crescimento econ\u00f3mico e industrial, subsequente ao final da II Guerra Mundial. Hoje sob uns s\u00f3lidos 80 anos, assumimos esta nova identidade, mais jovem, mais din\u00e2mica, mais orientada para o futuro. Traduzindo uma esp\u00e9cie de \u2018reinven\u00e7\u00e3o da roda\u2019, um elemento indissoci\u00e1vel da mobillidade do passado, do presente e do futuro, passamos, assim, a apresentarmo-nos como Rodda \/ Grupo Autom\u00f3veis do Mondego, traduzindo um rejuvenescimento da nossa imagem corporativa, em termos conceptuais e visuais, algo que muito em breve ser\u00e1 transversal a todas as nossas instala\u00e7\u00f5es, comunica\u00e7\u00f5es e \u00e1reas de neg\u00f3cio<\/em><\/strong>\u201d, sublinhou Jorge Figueiredo, Presidente do Conselho de Administra\u00e7\u00e3o do Grupo Autom\u00f3veis do Mondego e, agora, tamb\u00e9m respons\u00e1vel m\u00e1ximo da Rodda \/ Grupo Autom\u00f3veis do Mondego.<\/p>\n<p style=\"text-align: justify;\"><strong><em>\u201cAo longo das \u00faltimas oito d\u00e9cadas, o Grupo Autom\u00f3veis do Mondego trilhou um caminho de crescimento s\u00f3lido e sustentado, pautado pelo foco num servi\u00e7o de excel\u00eancia e na m\u00e1xima satisfa\u00e7\u00e3o do cliente. A dedica\u00e7\u00e3o e o profissionalismo das nossas m\u00faltiplas e s\u00f3lidas equipas s\u00e3o o pilar essencial que nos permitiu crescer num ambiente de mercado cada vez mais exigente, em especial neste momento em que a transi\u00e7\u00e3o energ\u00e9tica representa um contexto especialmente desafiante\u201d<\/em><\/strong>, acrescenta Jo\u00e3o Figueiredo. <strong><em>\u201cEm resultado da nossa vis\u00e3o estrat\u00e9gica bem delineada e implementada, assente na forma\u00e7\u00e3o cont\u00ednua dos nossos colaboradores, na moderniza\u00e7\u00e3o de instala\u00e7\u00f5es e na digitaliza\u00e7\u00e3o dos diferentes servi\u00e7os prestados aos nossos clientes, registamos um crescimento em termos de cobertura territorial, nomadamente na regi\u00e3o centro. Representamos hoje um rescente n\u00famero de marcas autom\u00f3veis, abrangendo praticamente todos os segmentos e necessidades do mercado nacional, o que nos permite alcan\u00e7ar volumes de vendas robustos e bem sustentados, entre outros resultados das demais \u00e1reas de atua\u00e7\u00e3o, aqui com um conjunto de marcas pr\u00f3prias\u201d. <\/em><\/strong><\/p>\n<p style=\"text-align: justify;\">Tendo como objetivo apresentar a juventude da marca aliada \u00e0 sua hist\u00f3ria e <em>know-how<\/em>, numa primeira fase o log\u00f3tipo <strong>\u201cRodda\u201d<\/strong> surgir\u00e1 em conjunto com a reconhecida assinatura <strong>\u201cGrupo Autom\u00f3veis do Mondego\u201d<\/strong>, processo que, num futuro pr\u00f3ximo e \u00e0 medida que esta nova marca ganhe a sua pr\u00f3pria notoriedade e independ\u00eancia no mercado, lhe permitir\u00e1 tornar-se muito simplesmente <strong>Rodda<\/strong>.<\/p>\n<p style=\"text-align: justify;\">A <strong>Rodda<\/strong> \/ <strong>Grupo Autom\u00f3veis do Mondego<\/strong> ir\u00e1, muito naturalmente, dar continuidade ao trabalho realizado nos \u00faltimos anos no mercado do retalho nacional, nomeadamente no centro do pa\u00eds, e que permite contar hoje com um amplo portef\u00f3lio de construtores de renome: Abarth, Alfa Romeo, BYD &#8211; Build Your Dreams, Citro\u00ebn, DS Automobiles, FIAT, FIAT Professional, Hyundai, Isuzu, Jeep, KIA, KGM, Maxus, Mitsubishi Motors, Mitsubishi Fuso, Opel e Peugeot.<\/p>\n<p style=\"text-align: justify;\">Em complemento a esta not\u00f3ria evolu\u00e7\u00e3o, as pr\u00f3prias atividades complementares do grupo, evoluem, igualmente, em conjunto com a nova imagem, levando \u00e0 cria\u00e7\u00e3o de um conjunto de submarcas que, gradualmente, ir\u00e3o responder aos diferentes setores de neg\u00f3cio. S\u00e3o exemplos as renovadas divis\u00f5es <strong>Rodda Usados<\/strong> e <strong>Rodda Rent<\/strong>, respectivamente dedicadas aos neg\u00f3cios de viaturas usadas e de mobilidade de curta m\u00e9dia e longa dura\u00e7\u00e3o.<\/p>\n<p style=\"text-align: justify;\">A essas junta-se um conjunto de novas marcas pr\u00f3prias, como a <strong>Rodda Electric<\/strong>, especializada em solu\u00e7\u00f5es de mobilidade el\u00e9trica, a <strong>Rodda Seguros<\/strong>, para solu\u00e7\u00f5es de protec\u00e7\u00e3o do tipo 360, a <strong>Rodda Think<\/strong>, para \u00e1reas de inova\u00e7\u00e3o, tecnologia e software para o setor de mobilidade, a <strong>Rodda Go<\/strong>, um canal dedicado corporate, e a <strong>Rodda de Amigos<\/strong>, visando uma maior proximidade com a diferente tipologia de clientes do grupo. Adicionalmente, destaque para a <strong>Rodda Collection<\/strong>, abordando uma sele\u00e7\u00e3o de viaturas de cole\u00e7\u00e3o para apaixonados pela nossa \u00e1rea.<\/p>\n<p style=\"text-align: justify;\">Cada uma destas novas \u00e1reas de neg\u00f3cio \u00e9 representada por uma cor espec\u00edfica no \u00edcone da marca, de modo a manter a consist\u00eancia e coer\u00eancia com a nova entidade corporativa<\/p>\n<p style=\"text-align: justify;\"><strong><em>\u201cCom o lan\u00e7amento da Rodda, o Grupo Autom\u00f3veis do Mondego d\u00e1 hoje um novo e significativo passo na sua afirma\u00e7\u00e3o como valor de refer\u00eancia no tecido comercial, industrial e econ\u00f3mico portugu\u00eas<\/em><\/strong>. <strong><em>Trata-se de uma mudan\u00e7a, uma evolu\u00e7\u00e3o, mas que n\u00e3o \u00e9, de todo, um ponto final na marca Grupo Autom\u00f3veis do Mondego. Pelo contr\u00e1rio, \u00e9 sobre darmos continuidade a uma j\u00e1 longa hist\u00f3ria sobre mobilidade, sobre reinven\u00e7\u00e3o, sobre versatilidade, sobre continuar a mover o mundo desde 1945\u201d,<\/em><\/strong> conclui o respons\u00e1vel m\u00e1ximo da nova Rodda \/ Grupo Autom\u00f3veis do Mondego.<\/p>\n<p style=\"text-align: justify;\"><strong><em>Sobre a Rodda \/ Grupo Autom\u00f3veis do Mondego<\/em><\/strong><\/p>\n<p style=\"text-align: justify;\"><em>A empresa Autom\u00f3veis do Mondego foi constitu\u00edda em 24 de dezembro de 1945 por capital exclusivamente familiar, tendo-se instalado, inicialmente, com um ponto de venda na Avenida S\u00e1 da Bandeira, em Coimbra.<\/em><\/p>\n<p style=\"text-align: justify;\"><em>Atualmente tem sede em Antanhol &#8211; Coimbra Sul, estando tamb\u00e9m presente em Cantanhede, Figueira da Foz, Guarda e Castelo Branco. O grupo expandiu, entretanto, as suas atividades para Aveiro, com a aquisi\u00e7\u00e3o da compra do concession\u00e1rio Corvauto, e tamb\u00e9m para Viseu, aumentando a sua \u00e1rea de influ\u00eancia e o leque de propostas para os seus clientes. <\/em><\/p>\n<p style=\"text-align: justify;\"><em>Operando no mercado nacional h\u00e1 80 anos, o Grupo Autom\u00f3veis do Mondego evoluiu a 14 de julho de 2025 a sua identidade corporativa para Rodda \/ Grupo Autom\u00f3veis do Mondego, resultado de uma estrat\u00e9gia de renova\u00e7\u00e3o e de rejuvenescimento da marca que visa acompanhar as novas tend\u00eancias do mercado autom\u00f3vel nacional. <\/em><\/p>\n<p style=\"text-align: justify;\"><em>A Rodda \/ Grupo Autom\u00f3veis do Mondego tem como miss\u00e3o a conquista, a proximidade, a satisfa\u00e7\u00e3o e a fideliza\u00e7\u00e3o dos seus clientes, buscando uma melhoria cont\u00ednua dos seus procedimentos, assente em princ\u00edpios de qualidade e rigor dos seus mais de uma centena de colaboradores, de elevado profissionalismo e compet\u00eancia.<\/em><\/p>\n<p style=\"text-align: justify;\"><em>Representa, hoje, os mais conceituados construtores autom\u00f3veis \u2013 Abarth, Alfa Romeo, BYD &#8211; Build Your Dreams, Citro\u00ebn, DS Automobiles, FIAT, FIAT Professional, Hyundai, Isuzu, Jeep, KIA, KGM, Maxus, Mitsubishi Motors, Mitsubishi Fuso, Opel e Peugeot \u2013 complementando o seu neg\u00f3cio com um leque de assinaturas pr\u00f3prias \u2013 Rodda Usados, Rodda Rent, Rodda Electric, Rodda Seguros, Rodda Think, Rodda Collection, Rodda Go e Rodda de Amigos \u2013 que lhe permitem dar respostas imediatas \u00e0s crescentes exig\u00eancias do mercado nacional. <\/em><\/p>\n<p style=\"text-align: justify;\"><em>Rodda \/ Grupo Autom\u00f3veis do Mondego: \u201cA mover o mundo desde 1945\u201d<\/em><\/p>\n<p style=\"text-align: justify;\"><em>Informa\u00e7\u00f5es adicionais em <\/em><a href=\"http:\/\/www.rodda.pt\"><strong><em>www.rodda.pt<\/em><\/strong><\/a><\/p>\n","protected":false},"excerpt":{"rendered":"<p>&#8211; \u201cA mover o mundo desde 1945\u201d \u00e9 uma das mensagens associadas \u00e0 nova identidade visual e corporativa do Grupo Autom\u00f3veis do Mondego &#8211; Implementa\u00e7\u00e3o ser\u00e1 gradual e abranger\u00e1 em todas as estruturas do grupo industrial, refer\u00eancia no setor na regi\u00e3o centro do pa\u00eds Tendo celebrado, na passada sexta-feira, dia 11 de julho, o seu [&hellip;]<\/p>\n","protected":false},"author":2,"featured_media":18941,"comment_status":"closed","ping_status":"open","sticky":false,"template":"","format":"standard","meta":{"_editorskit_title_hidden":false,"_editorskit_reading_time":0,"_editorskit_is_block_options_detached":false,"_editorskit_block_options_position":"{}","om_disable_all_campaigns":false,"_monsterinsights_skip_tracking":false,"_monsterinsights_sitenote_active":false,"_monsterinsights_sitenote_note":"","_monsterinsights_sitenote_category":0,"_uf_show_specific_survey":0,"_uf_disable_surveys":false,"site-sidebar-layout":"default","site-content-layout":"","ast-site-content-layout":"default","site-content-style":"default","site-sidebar-style":"default","ast-global-header-display":"","ast-banner-title-visibility":"","ast-main-header-display":"","ast-hfb-above-header-display":"","ast-hfb-below-header-display":"","ast-hfb-mobile-header-display":"","site-post-title":"","ast-breadcrumbs-content":"","ast-featured-img":"","footer-sml-layout":"","theme-transparent-header-meta":"default","adv-header-id-meta":"","stick-header-meta":"default","header-above-stick-meta":"","header-main-stick-meta":"","header-below-stick-meta":"","astra-migrate-meta-layouts":"set","ast-page-background-enabled":"default","ast-page-background-meta":{"desktop":{"background-color":"","background-image":"","background-repeat":"repeat","background-position":"center center","background-size":"auto","background-attachment":"scroll","background-type":"","background-media":"","overlay-type":"","overlay-color":"","overlay-opacity":"","overlay-gradient":""},"tablet":{"background-color":"","background-image":"","background-repeat":"repeat","background-position":"center center","background-size":"auto","background-attachment":"scroll","background-type":"","background-media":"","overlay-type":"","overlay-color":"","overlay-opacity":"","overlay-gradient":""},"mobile":{"background-color":"","background-image":"","background-repeat":"repeat","background-position":"center center","background-size":"auto","background-attachment":"scroll","background-type":"","background-media":"","overlay-type":"","overlay-color":"","overlay-opacity":"","overlay-gradient":""}},"ast-content-background-meta":{"desktop":{"background-color":"var(--ast-global-color-5)","background-image":"","background-repeat":"repeat","background-position":"center center","background-size":"auto","background-attachment":"scroll","background-type":"","background-media":"","overlay-type":"","overlay-color":"","overlay-opacity":"","overlay-gradient":""},"tablet":{"background-color":"var(--ast-global-color-5)","background-image":"","background-repeat":"repeat","background-position":"center center","background-size":"auto","background-attachment":"scroll","background-type":"","background-media":"","overlay-type":"","overlay-color":"","overlay-opacity":"","overlay-gradient":""},"mobile":{"background-color":"var(--ast-global-color-5)","background-image":"","background-repeat":"repeat","background-position":"center center","background-size":"auto","background-attachment":"scroll","background-type":"","background-media":"","overlay-type":"","overlay-color":"","overlay-opacity":"","overlay-gradient":""}},"footnotes":""},"categories":[13],"tags":[],"class_list":["post-18940","post","type-post","status-publish","format-standard","has-post-thumbnail","hentry","category-comercio"],"aioseo_notices":[],"_links":{"self":[{"href":"https:\/\/contarotacoes.com\/index.php?rest_route=\/wp\/v2\/posts\/18940","targetHints":{"allow":["GET"]}}],"collection":[{"href":"https:\/\/contarotacoes.com\/index.php?rest_route=\/wp\/v2\/posts"}],"about":[{"href":"https:\/\/contarotacoes.com\/index.php?rest_route=\/wp\/v2\/types\/post"}],"author":[{"embeddable":true,"href":"https:\/\/contarotacoes.com\/index.php?rest_route=\/wp\/v2\/users\/2"}],"replies":[{"embeddable":true,"href":"https:\/\/contarotacoes.com\/index.php?rest_route=%2Fwp%2Fv2%2Fcomments&post=18940"}],"version-history":[{"count":1,"href":"https:\/\/contarotacoes.com\/index.php?rest_route=\/wp\/v2\/posts\/18940\/revisions"}],"predecessor-version":[{"id":18942,"href":"https:\/\/contarotacoes.com\/index.php?rest_route=\/wp\/v2\/posts\/18940\/revisions\/18942"}],"wp:featuredmedia":[{"embeddable":true,"href":"https:\/\/contarotacoes.com\/index.php?rest_route=\/wp\/v2\/media\/18941"}],"wp:attachment":[{"href":"https:\/\/contarotacoes.com\/index.php?rest_route=%2Fwp%2Fv2%2Fmedia&parent=18940"}],"wp:term":[{"taxonomy":"category","embeddable":true,"href":"https:\/\/contarotacoes.com\/index.php?rest_route=%2Fwp%2Fv2%2Fcategories&post=18940"},{"taxonomy":"post_tag","embeddable":true,"href":"https:\/\/contarotacoes.com\/index.php?rest_route=%2Fwp%2Fv2%2Ftags&post=18940"}],"curies":[{"name":"wp","href":"https:\/\/api.w.org\/{rel}","templated":true}]}}