{"id":18902,"date":"2025-07-13T10:32:39","date_gmt":"2025-07-13T10:32:39","guid":{"rendered":"https:\/\/contarotacoes.com\/?p=18902"},"modified":"2025-07-13T10:32:39","modified_gmt":"2025-07-13T10:32:39","slug":"grupo-automoveis-do-mondego-comemora-80-anos","status":"publish","type":"post","link":"https:\/\/contarotacoes.com\/?p=18902","title":{"rendered":"Grupo Autom\u00f3veis do Mondego comemora 80 anos"},"content":{"rendered":"<ul>\n<li style=\"text-align: justify;\"><strong><em> Cerim\u00f3nia de celebra\u00e7\u00e3o do 80\u00ba anivers\u00e1rio realizou-se em Coimbra, cidade onde o Grupo nasceu<\/em><\/strong><\/li>\n<li style=\"text-align: justify;\"><strong><em> Grupo Autom\u00f3veis do Mondego tornou-se uma empresa de refer\u00eancia no sector, alcan\u00e7ando uma enorme relev\u00e2ncia na regi\u00e3o centro do pa\u00eds<\/em><\/strong><strong style=\"font-size: 16px;\">\u00a0<\/strong><\/li>\n<\/ul>\n<p style=\"text-align: justify;\">O Grupo Autom\u00f3veis do Mondego est\u00e1 de parab\u00e9ns pela celebra\u00e7\u00e3o dos seus 80 anos de atividade, um anivers\u00e1rio assinalado numa cerim\u00f3nia realizada esta sexta-feira, dia 11 de julho, em Coimbra. Fundado num per\u00edodo de recupera\u00e7\u00e3o e grande crescimento econ\u00f3mico-industrial decorrente do final da II Guerra Mundial, o atual Grupo Autom\u00f3veis do Mondego resulta do empenho, dedica\u00e7\u00e3o e crescimento de uma empresa de cariz familiar.<\/p>\n<p style=\"text-align: justify;\">Ao celebrar este seu 80\u00ba anivers\u00e1rio de intensa e muito bem sucedida atividade, o Grupo Autom\u00f3veis do Mondego \u00e9 hoje uma empresa de grandes dimens\u00f5es e com uma enorme relev\u00e2ncia na regi\u00e3o centro do pa\u00eds, em contraste com a pequena empresa constitu\u00edda na v\u00e9spera de Natal de 1945 com recursos a capitais exclusivamente familiares.<\/p>\n<p style=\"text-align: justify;\">Ao longo das \u00faltimas oito d\u00e9cadas, o Grupo Autom\u00f3veis do Mondego trilhou um caminho de crescimento s\u00f3lido e sustentado, pautado pelo foco num servi\u00e7o de excel\u00eancia e na m\u00e1xima satisfa\u00e7\u00e3o do cliente. A dedica\u00e7\u00e3o e o profissionalismo das suas equipas s\u00e3o o pilar essencial que lhe permitiu crescer num mercado cada vez mais exigente, em especial neste momento em que a transi\u00e7\u00e3o energ\u00e9tica representa um contexto especialmente desafiante.<\/p>\n<p style=\"text-align: justify;\">Estes primeiros bem-sucedidos 80 anos de atividade, nos quais se assistiu a um crescimento exponencial das suas vendas e a um cada vez maior n\u00famero de marcas autom\u00f3veis representadas s\u00e3o igualmente o resultado de uma vis\u00e3o estrat\u00e9gica bem delineada e aplicada, assente na forma\u00e7\u00e3o cont\u00ednua, moderniza\u00e7\u00e3o das instala\u00e7\u00f5es e digitaliza\u00e7\u00e3o de servi\u00e7os, a qual lhe permite contar com uma presen\u00e7a cada vez mais relevante no mercado nacional.<\/p>\n<p style=\"text-align: justify;\">Entre os avan\u00e7os mais significativos em termos de cobertura de territ\u00f3rio na sua hist\u00f3ria mais recente, destacam-se a chegada a Aveiro, no ano de 2022, na consequ\u00eancia da aquisi\u00e7\u00e3o da Corvauto, e, dois depois, em 2024, a abertura de instala\u00e7\u00f5es em Viseu.<\/p>\n<p style=\"text-align: justify;\">Atualmente, o portef\u00f3lio do Grupo Autom\u00f3veis do Mondego compreende um vast\u00edssimo cat\u00e1logo de marcas de renome e com forte implanta\u00e7\u00e3o em Portugal, abrangendo, assim, praticamente todos os segmentos e necessidades do mercado nacional. A oferta atual do Grupo Autom\u00f3veis do Mondego integra as marcas Abarth, Alfa Romeo, BYD, Citro\u00ebn, DS Automobiles, FIAT, FIAT Professional, Fuso, Hyundai, Isuzu, Jeep, KIA, KGM, Maxus, Mitsubishi Motors, Opel e Peugeot.<strong><em>\u00a0<\/em><\/strong><\/p>\n<p style=\"text-align: justify;\"><strong><em>Sobre o Grupo Autom\u00f3veis do Mondego:<\/em><\/strong><strong><em>\u00a0<\/em><\/strong><\/p>\n<p style=\"text-align: justify;\"><em>A empresa Autom\u00f3veis do Mondego foi constitu\u00edda em 24 de dezembro de 1945 por capital exclusivamente familiar, tendo-se instalado, inicialmente, com um ponto de venda na Avenida S\u00e1 da Bandeira, em Coimbra.<\/em><em>\u00a0<\/em><\/p>\n<p style=\"text-align: justify;\"><em>Atualmente tem sede em Antanhol \u2013 Coimbra Sul, estando tamb\u00e9m presente em Cantanhede, na Figueira da Foz, na Guarda e em Castelo Branco. Mais recentemente expandiu a atividade para Aveiro, com a aquisi\u00e7\u00e3o da compra do concession\u00e1rio Corvauto, e tamb\u00e9m para Viseu, aumentando a sua \u00e1rea de influ\u00eancia, mas tamb\u00e9m o leque de ofertas aos seus clientes.<\/em><em style=\"font-size: 16px;\">\u00a0<\/em><\/p>\n<p style=\"text-align: justify;\"><em>Neste momento comercializa produtos das marcas Peugeot, Opel, Citro\u00ebn, DS, Hyundai, BYD, KGM, Kia, Isuzu. Maxus, Mitsubishi, Fuso, Alfa Romeo, Abarth, Fiat, Fiat Professional e Jeep, representando ainda as marcas pr\u00f3prias Autom\u00f3veis do Mondego Usados e Autom\u00f3veis do Mondego Rent.<\/em><em>\u00a0<\/em><\/p>\n<p style=\"text-align: justify;\"><em>O Grupo Autom\u00f3veis do Mondego opera no mercado nacional h\u00e1 mais de 75 anos e \u00e9 amplamente reconhecido pela excel\u00eancia dos servi\u00e7os prestados, de venda de ve\u00edculos novos e usados, bem como ao n\u00edvel da assist\u00eancia t\u00e9cnica, atrav\u00e9s das variad\u00edssimas distin\u00e7\u00f5es que lhe s\u00e3o atribu\u00eddas.<\/em><em style=\"font-size: 16px;\">\u00a0<\/em><\/p>\n<p style=\"text-align: justify;\"><em>Representante de marcas conceituadas, tem com miss\u00e3o a conquista, a proximidade, a satisfa\u00e7\u00e3o e a fideliza\u00e7\u00e3o dos seus clientes, buscando uma melhoria cont\u00ednua dos seus procedimentos, assente em princ\u00edpios de qualidade e rigor dos seus mais de uma centena de colaboradores, de elevado profissionalismo e compet\u00eancia.<\/em><em>\u00a0<\/em><\/p>\n<p style=\"text-align: justify;\"><em>Informa\u00e7\u00f5es adicionais em: www.automoveisdomondego.pt<\/em><\/p>\n","protected":false},"excerpt":{"rendered":"<p>Cerim\u00f3nia de celebra\u00e7\u00e3o do 80\u00ba anivers\u00e1rio realizou-se em Coimbra, cidade onde o Grupo nasceu Grupo Autom\u00f3veis do Mondego tornou-se uma empresa de refer\u00eancia no sector, alcan\u00e7ando uma enorme relev\u00e2ncia na regi\u00e3o centro do pa\u00eds\u00a0 O Grupo Autom\u00f3veis do Mondego est\u00e1 de parab\u00e9ns pela celebra\u00e7\u00e3o dos seus 80 anos de atividade, um anivers\u00e1rio assinalado numa cerim\u00f3nia [&hellip;]<\/p>\n","protected":false},"author":2,"featured_media":18903,"comment_status":"closed","ping_status":"open","sticky":false,"template":"","format":"standard","meta":{"_editorskit_title_hidden":false,"_editorskit_reading_time":0,"_editorskit_is_block_options_detached":false,"_editorskit_block_options_position":"{}","om_disable_all_campaigns":false,"_monsterinsights_skip_tracking":false,"_monsterinsights_sitenote_active":false,"_monsterinsights_sitenote_note":"","_monsterinsights_sitenote_category":0,"_uf_show_specific_survey":0,"_uf_disable_surveys":false,"site-sidebar-layout":"default","site-content-layout":"","ast-site-content-layout":"default","site-content-style":"default","site-sidebar-style":"default","ast-global-header-display":"","ast-banner-title-visibility":"","ast-main-header-display":"","ast-hfb-above-header-display":"","ast-hfb-below-header-display":"","ast-hfb-mobile-header-display":"","site-post-title":"","ast-breadcrumbs-content":"","ast-featured-img":"","footer-sml-layout":"","theme-transparent-header-meta":"default","adv-header-id-meta":"","stick-header-meta":"default","header-above-stick-meta":"","header-main-stick-meta":"","header-below-stick-meta":"","astra-migrate-meta-layouts":"set","ast-page-background-enabled":"default","ast-page-background-meta":{"desktop":{"background-color":"","background-image":"","background-repeat":"repeat","background-position":"center center","background-size":"auto","background-attachment":"scroll","background-type":"","background-media":"","overlay-type":"","overlay-color":"","overlay-opacity":"","overlay-gradient":""},"tablet":{"background-color":"","background-image":"","background-repeat":"repeat","background-position":"center center","background-size":"auto","background-attachment":"scroll","background-type":"","background-media":"","overlay-type":"","overlay-color":"","overlay-opacity":"","overlay-gradient":""},"mobile":{"background-color":"","background-image":"","background-repeat":"repeat","background-position":"center center","background-size":"auto","background-attachment":"scroll","background-type":"","background-media":"","overlay-type":"","overlay-color":"","overlay-opacity":"","overlay-gradient":""}},"ast-content-background-meta":{"desktop":{"background-color":"var(--ast-global-color-5)","background-image":"","background-repeat":"repeat","background-position":"center center","background-size":"auto","background-attachment":"scroll","background-type":"","background-media":"","overlay-type":"","overlay-color":"","overlay-opacity":"","overlay-gradient":""},"tablet":{"background-color":"var(--ast-global-color-5)","background-image":"","background-repeat":"repeat","background-position":"center center","background-size":"auto","background-attachment":"scroll","background-type":"","background-media":"","overlay-type":"","overlay-color":"","overlay-opacity":"","overlay-gradient":""},"mobile":{"background-color":"var(--ast-global-color-5)","background-image":"","background-repeat":"repeat","background-position":"center center","background-size":"auto","background-attachment":"scroll","background-type":"","background-media":"","overlay-type":"","overlay-color":"","overlay-opacity":"","overlay-gradient":""}},"footnotes":""},"categories":[13],"tags":[],"class_list":["post-18902","post","type-post","status-publish","format-standard","has-post-thumbnail","hentry","category-comercio"],"aioseo_notices":[],"_links":{"self":[{"href":"https:\/\/contarotacoes.com\/index.php?rest_route=\/wp\/v2\/posts\/18902","targetHints":{"allow":["GET"]}}],"collection":[{"href":"https:\/\/contarotacoes.com\/index.php?rest_route=\/wp\/v2\/posts"}],"about":[{"href":"https:\/\/contarotacoes.com\/index.php?rest_route=\/wp\/v2\/types\/post"}],"author":[{"embeddable":true,"href":"https:\/\/contarotacoes.com\/index.php?rest_route=\/wp\/v2\/users\/2"}],"replies":[{"embeddable":true,"href":"https:\/\/contarotacoes.com\/index.php?rest_route=%2Fwp%2Fv2%2Fcomments&post=18902"}],"version-history":[{"count":1,"href":"https:\/\/contarotacoes.com\/index.php?rest_route=\/wp\/v2\/posts\/18902\/revisions"}],"predecessor-version":[{"id":18904,"href":"https:\/\/contarotacoes.com\/index.php?rest_route=\/wp\/v2\/posts\/18902\/revisions\/18904"}],"wp:featuredmedia":[{"embeddable":true,"href":"https:\/\/contarotacoes.com\/index.php?rest_route=\/wp\/v2\/media\/18903"}],"wp:attachment":[{"href":"https:\/\/contarotacoes.com\/index.php?rest_route=%2Fwp%2Fv2%2Fmedia&parent=18902"}],"wp:term":[{"taxonomy":"category","embeddable":true,"href":"https:\/\/contarotacoes.com\/index.php?rest_route=%2Fwp%2Fv2%2Fcategories&post=18902"},{"taxonomy":"post_tag","embeddable":true,"href":"https:\/\/contarotacoes.com\/index.php?rest_route=%2Fwp%2Fv2%2Ftags&post=18902"}],"curies":[{"name":"wp","href":"https:\/\/api.w.org\/{rel}","templated":true}]}}