{"id":18891,"date":"2025-07-13T08:28:07","date_gmt":"2025-07-13T08:28:07","guid":{"rendered":"https:\/\/contarotacoes.com\/?p=18891"},"modified":"2025-07-13T08:28:07","modified_gmt":"2025-07-13T08:28:07","slug":"e-prix-de-berlim-ds-automobiles-mantem-a-terceira-posicao-na-classificacao-de-equipas-apos-a-corrida-1","status":"publish","type":"post","link":"https:\/\/contarotacoes.com\/?p=18891","title":{"rendered":"E-PRIX DE BERLIM: DS AUTOMOBILES MANT\u00c9M A TERCEIRA POSI\u00c7\u00c3O NA CLASSIFICA\u00c7\u00c3O DE EQUIPAS AP\u00d3S A CORRIDA 1"},"content":{"rendered":"<ul type=\"disc\">\n<li class=\"m_-892727080759934623Townanddate\" style=\"text-align: justify;\"><b>Disputada em pista molhada neste s\u00e1bado, a primeira de duas corridas do E-Prix de Berlim foi agitada para a DS Automobiles e a PENSKE AUTOSPORT.<u><\/u><u><\/u><\/b><\/li>\n<li class=\"m_-892727080759934623Townanddate\" style=\"text-align: justify;\"><b>Jean-\u00c9ric Vergne e Maximilian G\u00fcnther mostraram um excelente ritmo de corrida, mas n\u00e3o foram totalmente recompensados no final da prova.<u><\/u><u><\/u><\/b><\/li>\n<li class=\"m_-892727080759934623Townanddate\" style=\"text-align: justify;\"><b>Com 153 pontos, a DS PENSKE mant\u00e9m-se no terceiro lugar na classifica\u00e7\u00e3o de Equipas, na v\u00e9spera da segunda corrida de amanh\u00e3, domingo.<\/b><\/li>\n<\/ul>\n<p class=\"m_-892727080759934623Townanddate\" style=\"text-align: justify;\">Disputada este s\u00e1bado, em Berlim, numa pista muito molhada, a 13\u00aa ronda da 11\u00aa Temporada da F\u00f3rmula E foi repleta de reviravoltas. Se as condi\u00e7\u00f5es clim\u00e1ticas apimentaram a prova, alguns incidentes de corrida baralharam as cartas, alterando as estrat\u00e9gias das equipas.<u><\/u><u><\/u><u><\/u>\u00a0<u><\/u><\/p>\n<p class=\"m_-892727080759934623Townanddate\" style=\"text-align: justify;\">Na DS Automobiles, o desempenho foi excelente na pista do hist\u00f3rico aeroporto de Berlim-Tempelhof. A oito voltas da bandeira axadrezada, Jean-\u00c9ric Vergne e Maximilian G\u00fcnther ocupavam os terceiro e quarto lugares, respetivamente, demonstrando que os DS E-TENSE FE25 estavam no ritmo certo para reivindicar um lugar no p\u00f3dio.<u><\/u><u><\/u><u><\/u>\u00a0<u><\/u><\/p>\n<p class=\"m_-892727080759934623Townanddate\" style=\"text-align: justify;\">No entanto, o sucesso n\u00e3o esteve do lado dos representantes da marca\u00a0<i>premium<\/i>\u00a0francesa. Vergne foi v\u00edtima de um problema na suspens\u00e3o (pe\u00e7a comum a todos os monolugares), o que o obrigou a abandonar a corrida, enquanto G\u00fcnter perderia posi\u00e7\u00f5es ap\u00f3s a entrada em pista do\u00a0<i>Safety Car,<\/i>\u00a0a cerca de dez voltas do final. Sem\u00a0<i>Attack Mode<\/i>\u00a0para se defender dos advers\u00e1rios, o alem\u00e3o ainda assim teve uma presta\u00e7\u00e3o s\u00f3lida, terminando no 6.\u00ba lugar e marcando 8 pontos preciosos para a equipa DS PENSKE.<u><\/u><u><\/u><u><\/u>\u00a0<u><\/u><\/p>\n<p class=\"m_-892727080759934623Townanddate\" style=\"text-align: justify;\">No final desta primeira das duas corridas do E-Prix de Berlim, a DS PENSKE mant\u00e9m a 3\u00aa posi\u00e7\u00e3o na classifica\u00e7\u00e3o das Equipas, com 153 pontos, tendo-se mesmo aproximado do segundo lugar desse ranking.\u00a0<u><\/u><u><\/u><u><\/u>\u00a0<u><\/u><\/p>\n<p class=\"m_-892727080759934623Townanddate\" style=\"text-align: justify;\">O segundo confronto desta jornada dupla na capital alem\u00e3 ter\u00e1 lugar amanh\u00e3 domingo, \u00e0s 15h05 (horas em Portugal Continental; 16h05 locais). Ser\u00e1 uma oportunidade para a DS Automobiles e a PENSKE AUTOSPORT se vingarem, visando novamente os lugares de topo da tabela.<\/p>\n<p class=\"m_-892727080759934623Townanddate\" style=\"text-align: justify;\"><u><\/u><u><\/u><b>Eugenio Franzetti, Diretor da DS Performance:<u><\/u><u><\/u><\/b><i><u><\/u>\u00a0<u><\/u><\/i><\/p>\n<p class=\"m_-892727080759934623Townanddate\" style=\"text-align: justify;\"><i>\u201cO dia foi fortemente perturbado pela chuva. Come\u00e7ou durante os treinos livres e continuou durante a qualifica\u00e7\u00e3o, que foi disputada apenas parcialmente. Apesar das condi\u00e7\u00f5es dif\u00edceis, os nossos pilotos fizeram um excelente trabalho, qualificando-se na 5.\u00aa e 7.\u00aa posi\u00e7\u00f5es da grelha, no que foi um resultado s\u00f3lido. Na corrida, est\u00e1vamos a lutar pelo p\u00f3dio, mas fomos prejudicados por um Safety Car que permitiu que os nossos advers\u00e1rios se aproximassem. Depois, o JEV sofreu uma avaria na suspens\u00e3o, o que infelizmente o obrigou a abandonar a corrida. A boa not\u00edcia \u00e9 que continuamos em terceiro lugar na classifica\u00e7\u00e3o por Equipas, pelo que teremos uma nova oportunidade de marcar pontos amanh\u00e3.\u201d<u><\/u><u><\/u><\/i><b><u><\/u>\u00a0<u><\/u><\/b><\/p>\n<p class=\"m_-892727080759934623Townanddate\" style=\"text-align: justify;\"><b>Maximilian G\u00fcnther:<u><\/u><u><\/u><\/b><i><u><\/u>\u00a0<u><\/u><\/i><\/p>\n<p class=\"m_-892727080759934623Townanddate\" style=\"text-align: justify;\"><i>\u201cNa verdade, tivemos um bom dia no geral. Fizemos muitas coisas certas: uma excelente sess\u00e3o de qualifica\u00e7\u00e3o \u00e0 chuva, que nos permitiu ficar entre os cinco primeiros, e depois uma corrida s\u00f3lida. Demos o nosso melhor para que tudo corresse bem em termos de estrat\u00e9gia e pit stop. O ritmo estava bom e est\u00e1vamos em 3.\u00ba e 4.\u00ba lugar perto do final da corrida. Depois, o Safety Car veio comprometer parte da nossa corrida. \u00c9 dececionante, mas faz parte do automobilismo. Dadas as circunst\u00e2ncias, terminar em 6.\u00ba lugar \u00e9 um bom resultado. Destaco o excelente trabalho da equipa, pois sentimo-nos bem em todas as condi\u00e7\u00f5es. Mal posso esperar por amanh\u00e3\u201d.<u><\/u><u><\/u><\/i><b><u><\/u>\u00a0<u><\/u><\/b><\/p>\n<p class=\"m_-892727080759934623Townanddate\" style=\"text-align: justify;\"><b>Jean-\u00c9ric Vergne, campe\u00e3o da F\u00f3rmula E em 2018 e 2019:<u><\/u><u><\/u><\/b><i><u><\/u>\u00a0<u><\/u><\/i><\/p>\n<p class=\"m_-892727080759934623Townanddate\" style=\"text-align: justify;\"><i>\u201cFoi um dia dif\u00edcil. A equipa deu-me um excelente carro hoje. Est\u00e1vamos muito r\u00e1pidos na chuva e tudo parecia indicar que ir\u00edamos conquistar um lugar no p\u00f3dio. Infelizmente, algo se partiu na suspens\u00e3o dianteira e tive de abandonar. \u00c9 uma pena, mas amanh\u00e3 temos a oportunidade de sair de Berlim em alta\u201d.<u><\/u><u><\/u><\/i><\/p>\n","protected":false},"excerpt":{"rendered":"<p>Disputada em pista molhada neste s\u00e1bado, a primeira de duas corridas do E-Prix de Berlim foi agitada para a DS Automobiles e a PENSKE AUTOSPORT. Jean-\u00c9ric Vergne e Maximilian G\u00fcnther mostraram um excelente ritmo de corrida, mas n\u00e3o foram totalmente recompensados no final da prova. Com 153 pontos, a DS PENSKE mant\u00e9m-se no terceiro lugar [&hellip;]<\/p>\n","protected":false},"author":2,"featured_media":18892,"comment_status":"closed","ping_status":"open","sticky":false,"template":"","format":"standard","meta":{"_editorskit_title_hidden":false,"_editorskit_reading_time":0,"_editorskit_is_block_options_detached":false,"_editorskit_block_options_position":"{}","om_disable_all_campaigns":false,"_monsterinsights_skip_tracking":false,"_monsterinsights_sitenote_active":false,"_monsterinsights_sitenote_note":"","_monsterinsights_sitenote_category":0,"_uf_show_specific_survey":0,"_uf_disable_surveys":false,"site-sidebar-layout":"default","site-content-layout":"","ast-site-content-layout":"default","site-content-style":"default","site-sidebar-style":"default","ast-global-header-display":"","ast-banner-title-visibility":"","ast-main-header-display":"","ast-hfb-above-header-display":"","ast-hfb-below-header-display":"","ast-hfb-mobile-header-display":"","site-post-title":"","ast-breadcrumbs-content":"","ast-featured-img":"","footer-sml-layout":"","theme-transparent-header-meta":"default","adv-header-id-meta":"","stick-header-meta":"default","header-above-stick-meta":"","header-main-stick-meta":"","header-below-stick-meta":"","astra-migrate-meta-layouts":"set","ast-page-background-enabled":"default","ast-page-background-meta":{"desktop":{"background-color":"","background-image":"","background-repeat":"repeat","background-position":"center center","background-size":"auto","background-attachment":"scroll","background-type":"","background-media":"","overlay-type":"","overlay-color":"","overlay-opacity":"","overlay-gradient":""},"tablet":{"background-color":"","background-image":"","background-repeat":"repeat","background-position":"center center","background-size":"auto","background-attachment":"scroll","background-type":"","background-media":"","overlay-type":"","overlay-color":"","overlay-opacity":"","overlay-gradient":""},"mobile":{"background-color":"","background-image":"","background-repeat":"repeat","background-position":"center center","background-size":"auto","background-attachment":"scroll","background-type":"","background-media":"","overlay-type":"","overlay-color":"","overlay-opacity":"","overlay-gradient":""}},"ast-content-background-meta":{"desktop":{"background-color":"var(--ast-global-color-5)","background-image":"","background-repeat":"repeat","background-position":"center center","background-size":"auto","background-attachment":"scroll","background-type":"","background-media":"","overlay-type":"","overlay-color":"","overlay-opacity":"","overlay-gradient":""},"tablet":{"background-color":"var(--ast-global-color-5)","background-image":"","background-repeat":"repeat","background-position":"center center","background-size":"auto","background-attachment":"scroll","background-type":"","background-media":"","overlay-type":"","overlay-color":"","overlay-opacity":"","overlay-gradient":""},"mobile":{"background-color":"var(--ast-global-color-5)","background-image":"","background-repeat":"repeat","background-position":"center center","background-size":"auto","background-attachment":"scroll","background-type":"","background-media":"","overlay-type":"","overlay-color":"","overlay-opacity":"","overlay-gradient":""}},"footnotes":""},"categories":[11],"tags":[],"class_list":["post-18891","post","type-post","status-publish","format-standard","has-post-thumbnail","hentry","category-noticias"],"aioseo_notices":[],"_links":{"self":[{"href":"https:\/\/contarotacoes.com\/index.php?rest_route=\/wp\/v2\/posts\/18891","targetHints":{"allow":["GET"]}}],"collection":[{"href":"https:\/\/contarotacoes.com\/index.php?rest_route=\/wp\/v2\/posts"}],"about":[{"href":"https:\/\/contarotacoes.com\/index.php?rest_route=\/wp\/v2\/types\/post"}],"author":[{"embeddable":true,"href":"https:\/\/contarotacoes.com\/index.php?rest_route=\/wp\/v2\/users\/2"}],"replies":[{"embeddable":true,"href":"https:\/\/contarotacoes.com\/index.php?rest_route=%2Fwp%2Fv2%2Fcomments&post=18891"}],"version-history":[{"count":1,"href":"https:\/\/contarotacoes.com\/index.php?rest_route=\/wp\/v2\/posts\/18891\/revisions"}],"predecessor-version":[{"id":18893,"href":"https:\/\/contarotacoes.com\/index.php?rest_route=\/wp\/v2\/posts\/18891\/revisions\/18893"}],"wp:featuredmedia":[{"embeddable":true,"href":"https:\/\/contarotacoes.com\/index.php?rest_route=\/wp\/v2\/media\/18892"}],"wp:attachment":[{"href":"https:\/\/contarotacoes.com\/index.php?rest_route=%2Fwp%2Fv2%2Fmedia&parent=18891"}],"wp:term":[{"taxonomy":"category","embeddable":true,"href":"https:\/\/contarotacoes.com\/index.php?rest_route=%2Fwp%2Fv2%2Fcategories&post=18891"},{"taxonomy":"post_tag","embeddable":true,"href":"https:\/\/contarotacoes.com\/index.php?rest_route=%2Fwp%2Fv2%2Ftags&post=18891"}],"curies":[{"name":"wp","href":"https:\/\/api.w.org\/{rel}","templated":true}]}}