{"id":18874,"date":"2025-07-11T17:33:22","date_gmt":"2025-07-11T17:33:22","guid":{"rendered":"https:\/\/contarotacoes.com\/?p=18874"},"modified":"2025-07-11T17:33:22","modified_gmt":"2025-07-11T17:33:22","slug":"estoril-recebe-a-segunda-jornada-do-group-1-portugal-e-trofeu-mini","status":"publish","type":"post","link":"https:\/\/contarotacoes.com\/?p=18874","title":{"rendered":"Estoril recebe a segunda jornada do Group 1 Portugal e Trof\u00e9u Mini"},"content":{"rendered":"<p style=\"text-align: justify;\">O Group1 Portugal e o Trof\u00e9u Mini regressam \u00e0s pistas j\u00e1 este fim de semana, 12 e 13 de julho, para a segunda jornada da temporada 2025, desta vez no Circuito do Estoril. Depois do arranque em Portim\u00e3o, a competi\u00e7\u00e3o entra agora em ritmo de ver\u00e3o com o Estoril Summer Party, onde se destacam v\u00e1rias estreias, uma grelha diversificada e corridas que prometem emo\u00e7\u00e3o do in\u00edcio ao fim.<br \/>\n<strong>Estreias no Trof\u00e9u Mini e o arranque do \u201cGroup 1 no Feminino\u201d<\/strong><br \/>\nUm dos grandes destaques deste fim de semana \u00e9 a estreia absoluta das pilotos Maria Jos\u00e9 Ribeiro e Susana Le\u00e3o, ao volante do Mini #7, integradas no novo projeto da Touring Racing: \u201cGroup 1 no Feminino\u201d. Esta iniciativa tem como objetivo promover e dar visibilidade \u00e0 participa\u00e7\u00e3o feminina no desporto autom\u00f3vel hist\u00f3rico. Ser\u00e1 a primeira vez que uma dupla 100% feminina compete no Trof\u00e9u Mini, e todas as aten\u00e7\u00f5es estar\u00e3o voltadas para este momento marcante.<br \/>\nTamb\u00e9m em estreia no Trof\u00e9u Mini estar\u00e1 o jovem Dylan Soares Melo (Mini #99), juntando-se aos j\u00e1 conhecidos Simon Knudsen (Mini #33), Ruben Veludo (Mini #22) e Ricardo Cardoso (Mini #62), que regressa \u00e0 competi\u00e7\u00e3o depois da sua estreia em Portim\u00e3o.<br \/>\nCom cinco Minis inscritos, o pelot\u00e3o promete anima\u00e7\u00e3o, disputas cerradas e muito espet\u00e1culo.<br \/>\n<strong>Group 1 Portugal: grelha recheada e competitiva<\/strong><br \/>\nO restante pelot\u00e3o do Group 1 Portugal apresenta um total de quase 30 carros divididos por v\u00e1rias categorias hist\u00f3ricas. Entre os destaques:<br \/>\n<strong>H-81 2000<\/strong>: com nomes fortes como Rui Ribeiro, Bruno de Lima, M\u00e1rio Neto, David Vieira \/ Rui Azevedo e Fran\u00e7ois Monory \/ Vasco Monory.<br \/>\n<strong>H-81 MAX<\/strong>: com os potentes Porsche 928 de Diogo Cavaco \/ Bernardo Almeida e Pedro Gordo \/ R\u00faben Ferreira, o Ford Capri 3000 de Manuel Melo \/ Miguel Pereira, e o elegante Jaguar XJS V12 de Andr\u00e9 Castro Pinheiro.<br \/>\n<strong>H-81 1600<\/strong>: onde os Golf GTI e o Scirocco de Nuno Pardalejo \/ Marco Ru\u00e3o prometem corridas equilibradas com a presen\u00e7a de Manuel Cabral Menezes \/ Manuel Mello Breyner, Joaquim Bernardes \/ S\u00e9rgio Silva, Rafael Cerveira Pinto \/ Armindo Ferreira, Carlos Gagliardini \/ Pedro Teixeira de Melo, e Madalena Gaspar \/ Fernando Mayer Gaspar.<br \/>\n<strong>H-75<\/strong>: com F\u00e9lix Ribeiro no Alfa Romeo GT Junior e Veiga Lopes num Ford Escort RS 2000. 1<br \/>\nPress Release | Antevis\u00e3o | Julho 2025 | Touring Racing<br \/>\n<strong>H-71<\/strong>: com os Datsun 1200 (Jo\u00e3o Magalh\u00e3es e Vasconcelos, Jo\u00e3o Cavaleiro e Silva) e o BMW 1600 Ti de Fran\u00e7ois Guerin \/ Alexandre Almeida.<br \/>\n<strong>H-81 1300<\/strong>: com Miguel Miguel no Austin Metro.<br \/>\n<strong>1052<\/strong>: com Carlos Maciel \/ Carlos Aniceto ao volante do pequeno mas carism\u00e1tico Morris Cooper.<br \/>\n<strong>924 Cup<\/strong>: com tr\u00eas Porsche 924 em pista, pilotados por Miguel Sardo \/ Jo\u00e3o Fedorowicz, Ant\u00f3nio Reis, e Jo\u00e3o Rodrigo Santos \/ Jos\u00e9 Carvalhosa.<br \/>\n<strong>Production Cup<\/strong>: onde os Datsun 1200 de Jo\u00e3o Neves, Lu\u00eds Santa B\u00e1rbara \/ Jo\u00e3o Andrade e Jorge Rodrigues v\u00e3o animar mais uma luta cl\u00e1ssica.<br \/>\nCom uma grelha completa, pilotos experientes e estreantes cheios de ambi\u00e7\u00e3o, esta segunda jornada do Group 1 Portugal e Trof\u00e9u Mini promete manter o n\u00edvel competitivo em alta, num fim de semana onde a paix\u00e3o pelos cl\u00e1ssicos volta a marcar encontro com o p\u00fablico no Estoril.<\/p>\n","protected":false},"excerpt":{"rendered":"<p>O Group1 Portugal e o Trof\u00e9u Mini regressam \u00e0s pistas j\u00e1 este fim de semana, 12 e 13 de julho, para a segunda jornada da temporada 2025, desta vez no Circuito do Estoril. Depois do arranque em Portim\u00e3o, a competi\u00e7\u00e3o entra agora em ritmo de ver\u00e3o com o Estoril Summer Party, onde se destacam v\u00e1rias [&hellip;]<\/p>\n","protected":false},"author":2,"featured_media":18875,"comment_status":"closed","ping_status":"open","sticky":false,"template":"","format":"standard","meta":{"_editorskit_title_hidden":false,"_editorskit_reading_time":0,"_editorskit_is_block_options_detached":false,"_editorskit_block_options_position":"{}","om_disable_all_campaigns":false,"_monsterinsights_skip_tracking":false,"_monsterinsights_sitenote_active":false,"_monsterinsights_sitenote_note":"","_monsterinsights_sitenote_category":0,"_uf_show_specific_survey":0,"_uf_disable_surveys":false,"site-sidebar-layout":"default","site-content-layout":"","ast-site-content-layout":"default","site-content-style":"default","site-sidebar-style":"default","ast-global-header-display":"","ast-banner-title-visibility":"","ast-main-header-display":"","ast-hfb-above-header-display":"","ast-hfb-below-header-display":"","ast-hfb-mobile-header-display":"","site-post-title":"","ast-breadcrumbs-content":"","ast-featured-img":"","footer-sml-layout":"","theme-transparent-header-meta":"default","adv-header-id-meta":"","stick-header-meta":"default","header-above-stick-meta":"","header-main-stick-meta":"","header-below-stick-meta":"","astra-migrate-meta-layouts":"set","ast-page-background-enabled":"default","ast-page-background-meta":{"desktop":{"background-color":"","background-image":"","background-repeat":"repeat","background-position":"center center","background-size":"auto","background-attachment":"scroll","background-type":"","background-media":"","overlay-type":"","overlay-color":"","overlay-opacity":"","overlay-gradient":""},"tablet":{"background-color":"","background-image":"","background-repeat":"repeat","background-position":"center center","background-size":"auto","background-attachment":"scroll","background-type":"","background-media":"","overlay-type":"","overlay-color":"","overlay-opacity":"","overlay-gradient":""},"mobile":{"background-color":"","background-image":"","background-repeat":"repeat","background-position":"center center","background-size":"auto","background-attachment":"scroll","background-type":"","background-media":"","overlay-type":"","overlay-color":"","overlay-opacity":"","overlay-gradient":""}},"ast-content-background-meta":{"desktop":{"background-color":"var(--ast-global-color-5)","background-image":"","background-repeat":"repeat","background-position":"center center","background-size":"auto","background-attachment":"scroll","background-type":"","background-media":"","overlay-type":"","overlay-color":"","overlay-opacity":"","overlay-gradient":""},"tablet":{"background-color":"var(--ast-global-color-5)","background-image":"","background-repeat":"repeat","background-position":"center center","background-size":"auto","background-attachment":"scroll","background-type":"","background-media":"","overlay-type":"","overlay-color":"","overlay-opacity":"","overlay-gradient":""},"mobile":{"background-color":"var(--ast-global-color-5)","background-image":"","background-repeat":"repeat","background-position":"center center","background-size":"auto","background-attachment":"scroll","background-type":"","background-media":"","overlay-type":"","overlay-color":"","overlay-opacity":"","overlay-gradient":""}},"footnotes":""},"categories":[11],"tags":[],"class_list":["post-18874","post","type-post","status-publish","format-standard","has-post-thumbnail","hentry","category-noticias"],"aioseo_notices":[],"_links":{"self":[{"href":"https:\/\/contarotacoes.com\/index.php?rest_route=\/wp\/v2\/posts\/18874","targetHints":{"allow":["GET"]}}],"collection":[{"href":"https:\/\/contarotacoes.com\/index.php?rest_route=\/wp\/v2\/posts"}],"about":[{"href":"https:\/\/contarotacoes.com\/index.php?rest_route=\/wp\/v2\/types\/post"}],"author":[{"embeddable":true,"href":"https:\/\/contarotacoes.com\/index.php?rest_route=\/wp\/v2\/users\/2"}],"replies":[{"embeddable":true,"href":"https:\/\/contarotacoes.com\/index.php?rest_route=%2Fwp%2Fv2%2Fcomments&post=18874"}],"version-history":[{"count":1,"href":"https:\/\/contarotacoes.com\/index.php?rest_route=\/wp\/v2\/posts\/18874\/revisions"}],"predecessor-version":[{"id":18876,"href":"https:\/\/contarotacoes.com\/index.php?rest_route=\/wp\/v2\/posts\/18874\/revisions\/18876"}],"wp:featuredmedia":[{"embeddable":true,"href":"https:\/\/contarotacoes.com\/index.php?rest_route=\/wp\/v2\/media\/18875"}],"wp:attachment":[{"href":"https:\/\/contarotacoes.com\/index.php?rest_route=%2Fwp%2Fv2%2Fmedia&parent=18874"}],"wp:term":[{"taxonomy":"category","embeddable":true,"href":"https:\/\/contarotacoes.com\/index.php?rest_route=%2Fwp%2Fv2%2Fcategories&post=18874"},{"taxonomy":"post_tag","embeddable":true,"href":"https:\/\/contarotacoes.com\/index.php?rest_route=%2Fwp%2Fv2%2Ftags&post=18874"}],"curies":[{"name":"wp","href":"https:\/\/api.w.org\/{rel}","templated":true}]}}