{"id":18773,"date":"2025-07-10T08:46:12","date_gmt":"2025-07-10T08:46:12","guid":{"rendered":"https:\/\/contarotacoes.com\/?p=18773"},"modified":"2025-07-10T08:46:12","modified_gmt":"2025-07-10T08:46:12","slug":"carlos-ferreira-piloto-brazcar-racing-cirac-pronto-para-a-rampa-do-caramulo","status":"publish","type":"post","link":"https:\/\/contarotacoes.com\/?p=18773","title":{"rendered":"CARLOS FERREIRA \u2013 PILOTO BRAZCAR RACING \/CIRAC PRONTO PARA A RAMPA DO CARAMULO"},"content":{"rendered":"<p style=\"font-weight: 400; text-align: justify;\"><strong>O simp\u00e1tico e am\u00e1vel piloto da Brazcar Racing \/Cirac , Carlos Ferreira<\/strong>\u00a0tem j\u00e1 quase tudo pronto para assim poder rumar este fim de semana para a Rampa do caramulo &#8211; \u00a06\u00aa jornada do Campeonato Portugal Montanha JC Group 20925, organizada pelo Targa Clube.<\/p>\n<p style=\"font-weight: 400; text-align: justify;\">Relativamente a esta participa\u00e7\u00e3o,\u00a0<strong>Carlos Ferreira \u2013 piloto Brazcar Racing\/Cirac<\/strong>\u00a0come\u00e7ou logo por nos referir\u00a0<strong>\u201c na jornada anterior, um p\u00f3dio escapou-nos por pouco, vamos l\u00e1 ver se na Rampa do Caramulo asseguramos uma posi\u00e7\u00e3o no p\u00f3dio da categoria, mas j\u00e1 vi a lista de inscritos e de f\u00e1cil n\u00e3o ter nada, pois todos os advers\u00e1rios est\u00e3o inscritos, o que se afigura desde j\u00e1 uma intensa luta em pista contra o cron\u00f3metro .Espero conseguir nas duas subidas de treinos encontrar os set up corretos para o meu Citroen Saxo, para depois nas subidas de prova poder dar meu m\u00e1ximo, e lutar pelos objetivos pretendidos, esperando que n\u00e3o haja contratempos t\u00e9cnicos com carro\u201d disse-nos Carlos Ferreira \u2013 piloto Brazcar Racing \/Cirac.<\/strong><\/p>\n<p style=\"font-weight: 400; text-align: justify;\"><strong>Carlos Ferreira e o Citroen Saxo<\/strong>\u00a0v\u00e3o fazer as verifica\u00e7\u00f5es t\u00e9cnicas e documentais no s\u00e1bado de manh\u00e3 no Caramulo, com a 1\u00aa subida oficial de treinos prevista para as 13h, seguindo-se depois \u00a0a 2\u00aa subida de treinos, e a 1\u00aa subida oficial de prova, No domingo ser\u00e3o quatro as subidas a serem cumpridas, duas de prova, uma de treinos e a warm up.<\/p>\n","protected":false},"excerpt":{"rendered":"<p>O simp\u00e1tico e am\u00e1vel piloto da Brazcar Racing \/Cirac , Carlos Ferreira\u00a0tem j\u00e1 quase tudo pronto para assim poder rumar este fim de semana para a Rampa do caramulo &#8211; \u00a06\u00aa jornada do Campeonato Portugal Montanha JC Group 20925, organizada pelo Targa Clube. Relativamente a esta participa\u00e7\u00e3o,\u00a0Carlos Ferreira \u2013 piloto Brazcar Racing\/Cirac\u00a0come\u00e7ou logo por nos [&hellip;]<\/p>\n","protected":false},"author":2,"featured_media":18774,"comment_status":"closed","ping_status":"open","sticky":false,"template":"","format":"standard","meta":{"_editorskit_title_hidden":false,"_editorskit_reading_time":0,"_editorskit_is_block_options_detached":false,"_editorskit_block_options_position":"{}","om_disable_all_campaigns":false,"_monsterinsights_skip_tracking":false,"_monsterinsights_sitenote_active":false,"_monsterinsights_sitenote_note":"","_monsterinsights_sitenote_category":0,"_uf_show_specific_survey":0,"_uf_disable_surveys":false,"site-sidebar-layout":"default","site-content-layout":"","ast-site-content-layout":"default","site-content-style":"default","site-sidebar-style":"default","ast-global-header-display":"","ast-banner-title-visibility":"","ast-main-header-display":"","ast-hfb-above-header-display":"","ast-hfb-below-header-display":"","ast-hfb-mobile-header-display":"","site-post-title":"","ast-breadcrumbs-content":"","ast-featured-img":"","footer-sml-layout":"","theme-transparent-header-meta":"default","adv-header-id-meta":"","stick-header-meta":"default","header-above-stick-meta":"","header-main-stick-meta":"","header-below-stick-meta":"","astra-migrate-meta-layouts":"set","ast-page-background-enabled":"default","ast-page-background-meta":{"desktop":{"background-color":"","background-image":"","background-repeat":"repeat","background-position":"center center","background-size":"auto","background-attachment":"scroll","background-type":"","background-media":"","overlay-type":"","overlay-color":"","overlay-opacity":"","overlay-gradient":""},"tablet":{"background-color":"","background-image":"","background-repeat":"repeat","background-position":"center center","background-size":"auto","background-attachment":"scroll","background-type":"","background-media":"","overlay-type":"","overlay-color":"","overlay-opacity":"","overlay-gradient":""},"mobile":{"background-color":"","background-image":"","background-repeat":"repeat","background-position":"center center","background-size":"auto","background-attachment":"scroll","background-type":"","background-media":"","overlay-type":"","overlay-color":"","overlay-opacity":"","overlay-gradient":""}},"ast-content-background-meta":{"desktop":{"background-color":"var(--ast-global-color-5)","background-image":"","background-repeat":"repeat","background-position":"center center","background-size":"auto","background-attachment":"scroll","background-type":"","background-media":"","overlay-type":"","overlay-color":"","overlay-opacity":"","overlay-gradient":""},"tablet":{"background-color":"var(--ast-global-color-5)","background-image":"","background-repeat":"repeat","background-position":"center center","background-size":"auto","background-attachment":"scroll","background-type":"","background-media":"","overlay-type":"","overlay-color":"","overlay-opacity":"","overlay-gradient":""},"mobile":{"background-color":"var(--ast-global-color-5)","background-image":"","background-repeat":"repeat","background-position":"center center","background-size":"auto","background-attachment":"scroll","background-type":"","background-media":"","overlay-type":"","overlay-color":"","overlay-opacity":"","overlay-gradient":""}},"footnotes":""},"categories":[11],"tags":[],"class_list":["post-18773","post","type-post","status-publish","format-standard","has-post-thumbnail","hentry","category-noticias"],"aioseo_notices":[],"_links":{"self":[{"href":"https:\/\/contarotacoes.com\/index.php?rest_route=\/wp\/v2\/posts\/18773","targetHints":{"allow":["GET"]}}],"collection":[{"href":"https:\/\/contarotacoes.com\/index.php?rest_route=\/wp\/v2\/posts"}],"about":[{"href":"https:\/\/contarotacoes.com\/index.php?rest_route=\/wp\/v2\/types\/post"}],"author":[{"embeddable":true,"href":"https:\/\/contarotacoes.com\/index.php?rest_route=\/wp\/v2\/users\/2"}],"replies":[{"embeddable":true,"href":"https:\/\/contarotacoes.com\/index.php?rest_route=%2Fwp%2Fv2%2Fcomments&post=18773"}],"version-history":[{"count":1,"href":"https:\/\/contarotacoes.com\/index.php?rest_route=\/wp\/v2\/posts\/18773\/revisions"}],"predecessor-version":[{"id":18775,"href":"https:\/\/contarotacoes.com\/index.php?rest_route=\/wp\/v2\/posts\/18773\/revisions\/18775"}],"wp:featuredmedia":[{"embeddable":true,"href":"https:\/\/contarotacoes.com\/index.php?rest_route=\/wp\/v2\/media\/18774"}],"wp:attachment":[{"href":"https:\/\/contarotacoes.com\/index.php?rest_route=%2Fwp%2Fv2%2Fmedia&parent=18773"}],"wp:term":[{"taxonomy":"category","embeddable":true,"href":"https:\/\/contarotacoes.com\/index.php?rest_route=%2Fwp%2Fv2%2Fcategories&post=18773"},{"taxonomy":"post_tag","embeddable":true,"href":"https:\/\/contarotacoes.com\/index.php?rest_route=%2Fwp%2Fv2%2Ftags&post=18773"}],"curies":[{"name":"wp","href":"https:\/\/api.w.org\/{rel}","templated":true}]}}