{"id":17965,"date":"2025-06-14T22:49:24","date_gmt":"2025-06-14T22:49:24","guid":{"rendered":"https:\/\/contarotacoes.com\/?p=17965"},"modified":"2025-06-15T20:52:22","modified_gmt":"2025-06-15T20:52:22","slug":"quarta-vitoria-da-epoca-para-meeke-em-castelo-branco","status":"publish","type":"post","link":"https:\/\/contarotacoes.com\/?p=17965","title":{"rendered":"Quarta vit\u00f3ria da \u00e9poca  para Meeke em Castelo Branco"},"content":{"rendered":"<p style=\"text-align: justify;\">O brit\u00e2nico Kris Meeke (Toyota GR Yaris Rally2) somou este s\u00e1bado a sua quarta vit\u00f3ria da \u00e9poca no Rali de Castelo Branco e Vila Velha de R\u00f3d\u00e3o, quinta prova do Campeonato de Portugal de Ralis (CPR), ao bater o espanhol Dani Sordo (Hyundai i20 N Rally2) por uma margem de 14.5 segundos, ao fim das 12 provas de classifica\u00e7\u00e3o (108,88 km). Armindo Ara\u00fajo (Skoda Fabia RS Rally2) foi terceiro classificado e melhor piloto portugu\u00eas numa prova marcada por um elevado n\u00edvel competitivo, com a emo\u00e7\u00e3o a manter-se at\u00e9 ao \u00faltimo quil\u00f3metro cronometrado.<\/p>\n<p style=\"text-align: justify;\">Meeke e Sordo protagonizaram um duelo intenso pela vit\u00f3ria e, ao \u201cpuxarem\u201d um pelo outro, deixaram a uma dist\u00e2ncia consider\u00e1vel os portugueses mais r\u00e1pidos. Contudo, o campe\u00e3o em t\u00edtulo fez a diferen\u00e7a, ainda que reduzida, e entra com o p\u00e9 direito na fase de asfalto do CPR, ao mesmo tempo que refor\u00e7a a sua atual lideran\u00e7a. Mais interessante de seguir, na etapa decisiva do rali beir\u00e3o, foi o despique pelo terceiro lugar travado entre Armindo Ara\u00fajo e Jos\u00e9 Pedro Fontes (Citroen C3 Rally2). Ambos deram espet\u00e1culo, trocando de posi\u00e7\u00e3o cinco vezes at\u00e9 chegarem \u00e0 entrada da \u00faltima classificativa (6,56 km) separados por 4.1s, com vantagem para o oito vezes campe\u00e3o nacional, que manteve o p\u00f3dio por uma margem de 6 segundos.<\/p>\n<p style=\"text-align: justify;\">Pedro Almeida (Skoda Fabia RS Rally2) terminou em quinto, n\u00e3o conseguindo acompanhar o ritmo do duo da dianteira, enquanto Ricardo Teod\u00f3sio (Toyota GR Yaris Rally2) teve que se empenhar na parte final para n\u00e3o ser surpreendido pelo jovem Hugo Lopes (Hyundai i20 N Rally2), cujo desempenho, em termos de tempos, deu boas indica\u00e7\u00f5es a n\u00edvel de futuro.<\/p>\n<p style=\"text-align: justify;\">Foi verdadeiramente empolgante o duelo travado entre Ricardo Sousa (Peugeot 208 Rally4) e Henrique Moniz (Peugeot 208 Rally4) pela primazia nas 2RM (duas rodas motrizes), depois de terem partido para o \u00faltimo dia separados por 7.6 segundos. A troca de lideran\u00e7a entre ambos sucedeu por quatro vezes, mas no final o l\u00edder do campeonato somou mais uma preciosa vit\u00f3ria, por 12.1 segundos. Pedro Silva (Peugeot 208 Rally4), a correr em \u201ccasa\u201d, festejou a conquista de um p\u00f3dio, depois de ter deixado para tr\u00e1s Danny Carreira (Peugeot 208 Rally4) na segunda metade da tarde e no \u00faltimo tro\u00e7o o \u201cforcing\u201d de Rafael Cardeira (Peugeot 208 Rally4) valeu-lhe a subida ao quinto lugar. O j\u00e1 referido Carreira sagrou-se vencedor do CPR J\u00fanior, na frente de Guilherme Meireles (Peugeot 208 Rally4), que depois do tempo perdido na sequ\u00eancia do despiste no dia anterior ainda recuperou os lugares poss\u00edveis, inclusive nas 2RM (7\u00ba).<\/p>\n<p style=\"text-align: justify;\">Pedro C\u00e2mara Jr esteve impar\u00e1vel na abertura do FPAK J\u00fanior Team, dominando do princ\u00edpio ao fim, mesmo sendo o seu primeiro rali em piso de asfalto. O jovem a\u00e7oriano distanciou-se progressivamente de Ant\u00f3nio Santinho Mendes, para finalizar com um pec\u00falio superior a um minuto. Lu\u00eds Mendes chegou a ser terceiro, mas uma sa\u00edda de estrada no terceiro tro\u00e7o deitou tudo a perder, embora tivesse regressado na segunda etapa em super-rally. Afonso Santos ocupou o \u00faltimo lugar do p\u00f3dio, destacando-se de Jos\u00e9 Coelho Lima.<\/p>\n<p style=\"text-align: justify;\"><strong>CLASSIFICA\u00c7\u00d5ES <\/strong>(Oficiosas)<\/p>\n<p style=\"text-align: justify;\"><strong>Geral<\/strong><\/p>\n<p style=\"text-align: justify;\">1\u00ba, Kris Meeke\/Stuart Loudon (Toyota GR Yaris Rally2), 57m22.2s<\/p>\n<p style=\"text-align: justify;\">2\u00ba, Dani Sordo\/Candido Carrera (Hyundai i20 N Rally2), a 14.5s<\/p>\n<p style=\"text-align: justify;\">3\u00ba, Armindo Ara\u00fajo\/Lu\u00eds Ramalho (Skoda Fabia RS Rally2), a 1m12.6s<\/p>\n<p style=\"text-align: justify;\">4\u00ba, Jos\u00e9 Pedro Fontes\/In\u00eas Ponte (Citroen C3 Rally2), a 1.18.6<\/p>\n<p style=\"text-align: justify;\">5\u00ba, Pedro Almeida\/Ant\u00f3nio Costa (Skoda Fabia RS Rally2), a 1.27.4<\/p>\n<p style=\"text-align: justify;\">6\u00ba, Ricardo Teod\u00f3sio\/Jos\u00e9 Teixeira (Toyota GR Yaris Rally2), a 1.33.2<\/p>\n<p style=\"text-align: justify;\">7\u00ba, Hugo Lopes\/Magda Oliveira (Hyundai i20 N Rally2), a 1.36.6<\/p>\n<p style=\"text-align: justify;\">8\u00ba, R\u00faben Rodrigues\/Rui Raimundo (Toyota GR Yaris Rally2), a 2.04.6<\/p>\n<p style=\"text-align: justify;\">9\u00ba, Jo\u00e3o Barros\/Jorge Henriques (VW Polo GTI R5), a 2.33.0<\/p>\n<p style=\"text-align: justify;\">10\u00ba, Diogo Marujo\/Jorge Carvalho (Skoda Fabia R5 Evo), a 7.23.0<\/p>\n<p style=\"text-align: justify;\"><strong>2RM<\/strong><\/p>\n<p style=\"text-align: justify;\">1\u00ba, Ricardo Sousa\/Lu\u00eds Marques (Peugeot 208 Rally4), 1h03m00.0s<\/p>\n<p style=\"text-align: justify;\">2\u00ba, Henrique Moniz\/Jorge Diniz (Peugeot 208 Rally4), a 12.1s<\/p>\n<p style=\"text-align: justify;\">3\u00ba, Pedro Silva\/Pedro Santana (Peugeot 208 Rally4), a 36.6<\/p>\n<p style=\"text-align: justify;\">4\u00ba, Danny Carreira\/Marco Vilas Boas (Peugeot 208 Rally4), a 55.4<\/p>\n<p style=\"text-align: justify;\">5\u00ba, Rafael Cardeira\/Lu\u00eds Boi\u00e7a (Peugeot 208 Rally4), a 1m03.5s<\/p>\n<p style=\"text-align: justify;\">5\u00ba, Gil Antunes\/Alexandre Ramos (Peugeot 208 Rally2), a 1.04.0<\/p>\n<p style=\"text-align: justify;\"><strong>\u00a0<\/strong><strong>J\u00fanior<\/strong><\/p>\n<p style=\"text-align: justify;\">1\u00ba, Danny Carreira\/Marco Vilas Boas (Peugeot 208 Rally4), 1h03m55.4s<\/p>\n<p style=\"text-align: justify;\">2\u00ba, Guilherme Meireles\/Pedro Alves (Peugeot 208 Rally4), a 1m48.9s<\/p>\n<p style=\"text-align: justify;\">3\u00ba, Lu\u00eds Caetano\/David Monteiro (Renault Clio Rally4), a 4.03.9<\/p>\n<p style=\"text-align: justify;\">4\u00ba, Pedro Gast\u00e3o\/Marco Macedo (Renault Clio Rally4), a 4.57.7<\/p>\n<p style=\"text-align: justify;\">5\u00ba, Pedro C\u00e2mara Jr\/Jo\u00e3o C\u00e2mara (Peugeot 208 Rally6), a 5.36.3<\/p>\n<p style=\"text-align: justify;\"><strong>FJT<\/strong><\/p>\n<p style=\"text-align: justify;\">1\u00ba, Pedro C\u00e2mara Jr\/Jo\u00e3o C\u00e2mara (Peugeot 208 Rally6), 1h09m31.7s<\/p>\n<p style=\"text-align: justify;\">2\u00ba, Ant\u00f3nio Santinho Mendes\/F\u00e1bio Reis (Peugeot 208 Rally6), a 1m08.0s<\/p>\n<p style=\"text-align: justify;\">3\u00ba, Afonso Santos\/Rui Vila\u00e7a (Peugeot 208 Rally6), a 4.17.8<\/p>\n<p style=\"text-align: justify;\">4\u00ba, Jos\u00e9 Coelho Lima\/Ricardo Faria (Peugeot 208 Rally6), a 13.08.9<\/p>\n<p style=\"text-align: justify;\">5\u00ba, Lu\u00eds Mendes\/Jos\u00e9 Janela (Peugeot 208 Rally6), a 14.07.8<\/p>\n<p style=\"text-align: justify;\"><strong>CAMPEONATOS<\/strong><\/p>\n<p style=\"text-align: justify;\"><strong>Absoluto<\/strong>: 1\u00ba, Kris Meeke, 109 pontos; 2\u00ba, Armindo Ara\u00fajo, 94; 3\u00ba, Dani Sordo, 86; 4\u00ba,<\/p>\n<p style=\"text-align: justify;\">Ricardo Teod\u00f3sio, 62; 5\u00ba, Pedro Almeida, 49; 6\u00ba, Jos\u00e9 Pedro Fontes, 43; 7\u00ba, Pedro<\/p>\n<p style=\"text-align: justify;\">Meireles, 36; 8\u00ba, Gon\u00e7alo Henriques, 33; 9\u00ba, R\u00faben Rodrigues, 24; 10\u00ba, Ernesto<\/p>\n<p style=\"text-align: justify;\">Cunha, 17.<\/p>\n<p style=\"text-align: justify;\"><strong>2RM<\/strong>: 1\u00ba, Ricardo Sousa, 78 pontos; 2\u00ba, Henrique Moniz, 69; 3\u00ba, Guilherme Meireles,<\/p>\n<p style=\"text-align: justify;\">58; 4\u00ba, S\u00e9rgio Dias, 53; 5\u00ba, Pedro Silva, 37; 6\u00ba, Anton Korzun, 35; 7\u00ba, H\u00e9lder Miranda,<\/p>\n<p style=\"text-align: justify;\">33; 8\u00ba, Gil Antunes, 31; 9\u00ba, Rafael Cardeira, 30; 10\u00ba, Danny Carreira, 22.<\/p>\n<p style=\"text-align: justify;\"><strong>J\u00fanior<\/strong>: 1\u00ba, Guilherme Meireles, 77 pontos; 2\u00ba, Pedro Gast\u00e3o, 70; 3\u00ba, Danny Carreira,<\/p>\n<p style=\"text-align: justify;\">56; 4\u00ba, Lu\u00eds Caetano, 33; 5\u00ba, Rafael Rego, 23.<\/p>\n<p style=\"text-align: justify;\">A pr\u00f3xima prova (sexta da \u00e9poca) do Campeonato de Portugal de Ralis ser\u00e1 o Rali da Madeira, entre 31 de julho pr\u00f3ximo e 2 de agosto.<\/p>\n<p style=\"text-align: justify;\"><b>Fotos: Zoom Motorsport\/FPAK<\/b><\/p>\n","protected":false},"excerpt":{"rendered":"<p>O brit\u00e2nico Kris Meeke (Toyota GR Yaris Rally2) somou este s\u00e1bado a sua quarta vit\u00f3ria da \u00e9poca no Rali de Castelo Branco e Vila Velha de R\u00f3d\u00e3o, quinta prova do Campeonato de Portugal de Ralis (CPR), ao bater o espanhol Dani Sordo (Hyundai i20 N Rally2) por uma margem de 14.5 segundos, ao fim das [&hellip;]<\/p>\n","protected":false},"author":2,"featured_media":17966,"comment_status":"closed","ping_status":"open","sticky":false,"template":"","format":"standard","meta":{"_editorskit_title_hidden":false,"_editorskit_reading_time":0,"_editorskit_is_block_options_detached":false,"_editorskit_block_options_position":"{}","om_disable_all_campaigns":false,"_monsterinsights_skip_tracking":false,"_monsterinsights_sitenote_active":false,"_monsterinsights_sitenote_note":"","_monsterinsights_sitenote_category":0,"_uf_show_specific_survey":0,"_uf_disable_surveys":false,"site-sidebar-layout":"default","site-content-layout":"","ast-site-content-layout":"default","site-content-style":"default","site-sidebar-style":"default","ast-global-header-display":"","ast-banner-title-visibility":"","ast-main-header-display":"","ast-hfb-above-header-display":"","ast-hfb-below-header-display":"","ast-hfb-mobile-header-display":"","site-post-title":"","ast-breadcrumbs-content":"","ast-featured-img":"","footer-sml-layout":"","theme-transparent-header-meta":"default","adv-header-id-meta":"","stick-header-meta":"default","header-above-stick-meta":"","header-main-stick-meta":"","header-below-stick-meta":"","astra-migrate-meta-layouts":"set","ast-page-background-enabled":"default","ast-page-background-meta":{"desktop":{"background-color":"","background-image":"","background-repeat":"repeat","background-position":"center center","background-size":"auto","background-attachment":"scroll","background-type":"","background-media":"","overlay-type":"","overlay-color":"","overlay-opacity":"","overlay-gradient":""},"tablet":{"background-color":"","background-image":"","background-repeat":"repeat","background-position":"center center","background-size":"auto","background-attachment":"scroll","background-type":"","background-media":"","overlay-type":"","overlay-color":"","overlay-opacity":"","overlay-gradient":""},"mobile":{"background-color":"","background-image":"","background-repeat":"repeat","background-position":"center center","background-size":"auto","background-attachment":"scroll","background-type":"","background-media":"","overlay-type":"","overlay-color":"","overlay-opacity":"","overlay-gradient":""}},"ast-content-background-meta":{"desktop":{"background-color":"var(--ast-global-color-5)","background-image":"","background-repeat":"repeat","background-position":"center center","background-size":"auto","background-attachment":"scroll","background-type":"","background-media":"","overlay-type":"","overlay-color":"","overlay-opacity":"","overlay-gradient":""},"tablet":{"background-color":"var(--ast-global-color-5)","background-image":"","background-repeat":"repeat","background-position":"center center","background-size":"auto","background-attachment":"scroll","background-type":"","background-media":"","overlay-type":"","overlay-color":"","overlay-opacity":"","overlay-gradient":""},"mobile":{"background-color":"var(--ast-global-color-5)","background-image":"","background-repeat":"repeat","background-position":"center center","background-size":"auto","background-attachment":"scroll","background-type":"","background-media":"","overlay-type":"","overlay-color":"","overlay-opacity":"","overlay-gradient":""}},"footnotes":""},"categories":[11],"tags":[],"class_list":["post-17965","post","type-post","status-publish","format-standard","has-post-thumbnail","hentry","category-noticias"],"aioseo_notices":[],"_links":{"self":[{"href":"https:\/\/contarotacoes.com\/index.php?rest_route=\/wp\/v2\/posts\/17965","targetHints":{"allow":["GET"]}}],"collection":[{"href":"https:\/\/contarotacoes.com\/index.php?rest_route=\/wp\/v2\/posts"}],"about":[{"href":"https:\/\/contarotacoes.com\/index.php?rest_route=\/wp\/v2\/types\/post"}],"author":[{"embeddable":true,"href":"https:\/\/contarotacoes.com\/index.php?rest_route=\/wp\/v2\/users\/2"}],"replies":[{"embeddable":true,"href":"https:\/\/contarotacoes.com\/index.php?rest_route=%2Fwp%2Fv2%2Fcomments&post=17965"}],"version-history":[{"count":1,"href":"https:\/\/contarotacoes.com\/index.php?rest_route=\/wp\/v2\/posts\/17965\/revisions"}],"predecessor-version":[{"id":17967,"href":"https:\/\/contarotacoes.com\/index.php?rest_route=\/wp\/v2\/posts\/17965\/revisions\/17967"}],"wp:featuredmedia":[{"embeddable":true,"href":"https:\/\/contarotacoes.com\/index.php?rest_route=\/wp\/v2\/media\/17966"}],"wp:attachment":[{"href":"https:\/\/contarotacoes.com\/index.php?rest_route=%2Fwp%2Fv2%2Fmedia&parent=17965"}],"wp:term":[{"taxonomy":"category","embeddable":true,"href":"https:\/\/contarotacoes.com\/index.php?rest_route=%2Fwp%2Fv2%2Fcategories&post=17965"},{"taxonomy":"post_tag","embeddable":true,"href":"https:\/\/contarotacoes.com\/index.php?rest_route=%2Fwp%2Fv2%2Ftags&post=17965"}],"curies":[{"name":"wp","href":"https:\/\/api.w.org\/{rel}","templated":true}]}}