{"id":17962,"date":"2025-06-15T20:44:35","date_gmt":"2025-06-15T20:44:35","guid":{"rendered":"https:\/\/contarotacoes.com\/?p=17962"},"modified":"2025-06-15T20:44:35","modified_gmt":"2025-06-15T20:44:35","slug":"estreante-joao-rodrigues-impoe-se-com-autoridade-na-prova-de-abertura-do-clio-trophy-portugal","status":"publish","type":"post","link":"https:\/\/contarotacoes.com\/?p=17962","title":{"rendered":"Estreante Jo\u00e3o Rodrigues imp\u00f5e-se com autoridade na prova de abertura do Clio Trophy Portugal"},"content":{"rendered":"<p style=\"text-align: justify;\">A dupla Jo\u00e3o Rodrigues\/Bruno Carvalho foi a brilhante vencedora da prova de abertura da segunda temporada do Clio Trophy Portugal. No Rali de Castelo Branco e Vila Velha de R\u00f3d\u00e3o 2025, a forma\u00e7\u00e3o de Mafra s\u00f3 n\u00e3o foi a mais r\u00e1pida numa \u00fanica classificativa, mas a concorr\u00eancia j\u00e1 prometeu dar resposta nas pr\u00f3ximas rondas.<\/p>\n<p style=\"text-align: justify;\">Com um historial de duas d\u00e9cadas de participa\u00e7\u00f5es pontuais em ralis regionais, Jo\u00e3o Rodrigues n\u00e3o era um completo desconhecido. As atua\u00e7\u00f5es em provas como o Rali das Cam\u00e9lias ou o Rally de Lisboa j\u00e1 deixavam antever o seu talento. Contudo, faltava-lhe a consagra\u00e7\u00e3o no Campeonato de Portugal de Ralis. E esta chegou logo na primeira participa\u00e7\u00e3o: vit\u00f3ria categ\u00f3rica na abertura da \u00e9poca do Clio Trophy. Um triunfo indiscut\u00edvel, comprovado pelas vit\u00f3rias em 11 das 12 classificativas.<\/p>\n<p style=\"text-align: justify;\"><strong><em>&#8220;Quando parti para o rali, estava confiante de que podia lutar pela vit\u00f3ria, mas nunca imaginei vencer com uma vantagem t\u00e3o grande. O segredo do sucesso? Um excelente carro e, talvez, a forma como eu e o Bruno (navegador) prepar\u00e1mos a prova \u2014 com notas muito bem tiradas e um enorme foco no rali. No fundo, acho que fomos muito profissionais&#8221;<\/em><\/strong><strong>,\u00a0<\/strong>resumiu Jo\u00e3o Rodrigues. Para as provas que se seguem, o objetivo est\u00e1 bem definido:<strong>\u00a0&#8220;O desafio \u00e9 manter-nos na luta pelas vit\u00f3rias. Tenho a certeza de que os nossos advers\u00e1rios v\u00e3o reagir, por isso, vamos ter de trabalhar para continuar competitivos.&#8221;<\/strong><\/p>\n<p style=\"text-align: justify;\">O jovem Lu\u00eds Caetano, que terminou a \u00e9poca de 2024 com um p\u00f3dio, foi o segundo classificado, a 1m45,7s da dupla de Mafra. Com David Monteiro como navegador, o piloto de Leiria admitiu dificuldades no arranque:\u00a0<strong><em>&#8220;N\u00e3o comecei o rali com o ritmo desejado. S\u00f3 \u00e0 tarde, no s\u00e1bado, \u00e9 que ganhei confian\u00e7a e consolidei o segundo lugar. O Jo\u00e3o esteve muito forte e est\u00e1 de parab\u00e9ns. Agora, vou trabalhar para andar ao seu n\u00edvel.&#8221;<\/em><\/strong><\/p>\n<p style=\"text-align: justify;\">O p\u00f3dio ficou completo com a estreia de Paulo Santos no trof\u00e9u, acompanhado por Gon\u00e7alo Palmeira.<strong>\u00a0<em>&#8220;Estou aqui para ganhar. Desta vez n\u00e3o consegui, mas vou trabalhar para isso. Os primeiros quil\u00f3metros com o carro foram s\u00f3 no rali, e no s\u00e1bado tive um grande susto que me fez refrear o andamento. Ainda assim, foi um resultado positivo.&#8221;<\/em><\/strong><\/p>\n<p style=\"text-align: justify;\">Na quarta posi\u00e7\u00e3o, ficou o \u201cveterano\u201d do trof\u00e9u, Miguel Abrantes, que destacou as dificuldades iniciais:<strong>\u00a0<em>&#8220;Tive muita falta de confian\u00e7a nas primeiras classificativas. Ainda h\u00e1 pouco tempo sofri um acidente grave e foi dif\u00edcil encontrar o ritmo. Mas fui evoluindo e espero ser mais competitivo na pr\u00f3xima prova. Um enorme obrigado \u00e0 In\u00eas (Veiga), que foi inexced\u00edvel a ajudar-me e a ditar notas.&#8221;<\/em><\/strong><\/p>\n<p style=\"text-align: justify;\">Em quinto lugar, ficaram as irm\u00e3s Filipa e Mariana Tintim.\u00a0<strong><em>&#8220;Foi uma grande experi\u00eancia, com um carro incr\u00edvel. S\u00f3 foi pena termos feito os primeiros quil\u00f3metros no shakedown. Mesmo assim, divertimo-nos imenso e queremos continuar a evoluir para as pr\u00f3ximas provas&#8221;,<\/em><\/strong><strong>\u00a0<\/strong>disse Filipa, com evidente entusiasmo.<\/p>\n<p style=\"text-align: justify;\">Ap\u00f3s uma sa\u00edda de estrada no dia inaugural, de que resultou um furo, Carlos Marreiros Jr., com Ricardo Barreto como navegador, terminou em sexto. Apesar do rev\u00e9s, a evolu\u00e7\u00e3o face \u00e0 temporada passada ficou evidente:<strong>\u00a0<em>&#8220;N\u00e3o foi o resultado que quer\u00edamos. Depois do despiste, perdi confian\u00e7a, mas sa\u00edmos de Castelo Branco convictos de que podemos lutar pelo top3 nas pr\u00f3ximas provas.&#8221;<\/em><\/strong><\/p>\n<p style=\"text-align: justify;\">Tamb\u00e9m v\u00edtima de uma sa\u00edda de estrada \u2014 logo nas primeiras curvas da prova \u2014, Tiago Pereira (navegado por Fernando Pereira) regressou \u00e0 a\u00e7\u00e3o em modo \u201cSuper Rally\u201d no s\u00e1bado.<strong>\u00a0<em>&#8220;O erro de sexta-feira foi grave, mas faz parte das corridas. Ainda bem que voltei, pois acumulei quil\u00f3metros importantes e consegui fazer tempos bastante competitivos. O carro foi fant\u00e1stico e at\u00e9 no despiste mostrou uma robustez incr\u00edvel.&#8221;<\/em><\/strong><\/p>\n<p style=\"text-align: justify;\">O Clio Trophy Portugal regressa nos dias 6 e 7 de setembro, com a disputa do Const\u00e1lica Rallye Vouzela e Viseu.<\/p>\n<p style=\"text-align: justify;\"><strong>Classifica\u00e7\u00e3o final:<\/strong><\/p>\n<p style=\"text-align: justify;\">1\u00ba Jo\u00e3o RODRIGUES\/Bruno CARVALHO, 1h06m13.6s<\/p>\n<p style=\"text-align: justify;\">2\u00ba Lu\u00eds CAETANO\/David MONTEIRO, +1m45.7s<\/p>\n<p style=\"text-align: justify;\">3\u00ba Paulo SANTOS\/Gon\u00e7alo PALMEIRA, +2m25.8s<\/p>\n<p style=\"text-align: justify;\">4\u00ba Miguel ABRANTES\/In\u00eas VEIGA, +3m10.6s<\/p>\n<p style=\"text-align: justify;\">5\u00ba Filipa TINTIM\/Mariana TINTIM, +6m28.9s<\/p>\n<p style=\"text-align: justify;\">6\u00ba Carlos MARREIROS\/Ricardo BARRETO, +10m49.7s<\/p>\n<p style=\"text-align: justify;\">7\u00ba Tiago PEREIRA\/Fernando PEREIRA, +21m34.8s<\/p>\n<p style=\"text-align: justify;\"><strong>Classifica\u00e7\u00e3o do Clio Trophy Portugal<\/strong><\/p>\n<p style=\"text-align: justify;\">1\u00ba Jo\u00e3o RODRIGUES, 28 pontos<\/p>\n<p style=\"text-align: justify;\">2\u00ba Lu\u00eds CAETANO, 18<\/p>\n<p style=\"text-align: justify;\">3\u00ba Paulo SANTOS, 15<\/p>\n<p style=\"text-align: justify;\">4\u00ba Miguel ABRANTES, 12<\/p>\n<p style=\"text-align: justify;\">5\u00ba Filipa TINTIM, 10<\/p>\n<p style=\"text-align: justify;\">6\u00ba Carlos MARREIROS, 8<\/p>\n<p style=\"text-align: justify;\">7\u00ba Tiago PEREIRA, 6<\/p>\n<p style=\"text-align: justify;\">\n","protected":false},"excerpt":{"rendered":"<p>A dupla Jo\u00e3o Rodrigues\/Bruno Carvalho foi a brilhante vencedora da prova de abertura da segunda temporada do Clio Trophy Portugal. No Rali de Castelo Branco e Vila Velha de R\u00f3d\u00e3o 2025, a forma\u00e7\u00e3o de Mafra s\u00f3 n\u00e3o foi a mais r\u00e1pida numa \u00fanica classificativa, mas a concorr\u00eancia j\u00e1 prometeu dar resposta nas pr\u00f3ximas rondas. Com [&hellip;]<\/p>\n","protected":false},"author":2,"featured_media":17963,"comment_status":"closed","ping_status":"open","sticky":false,"template":"","format":"standard","meta":{"_editorskit_title_hidden":false,"_editorskit_reading_time":0,"_editorskit_is_block_options_detached":false,"_editorskit_block_options_position":"{}","om_disable_all_campaigns":false,"_monsterinsights_skip_tracking":false,"_monsterinsights_sitenote_active":false,"_monsterinsights_sitenote_note":"","_monsterinsights_sitenote_category":0,"_uf_show_specific_survey":0,"_uf_disable_surveys":false,"site-sidebar-layout":"default","site-content-layout":"","ast-site-content-layout":"default","site-content-style":"default","site-sidebar-style":"default","ast-global-header-display":"","ast-banner-title-visibility":"","ast-main-header-display":"","ast-hfb-above-header-display":"","ast-hfb-below-header-display":"","ast-hfb-mobile-header-display":"","site-post-title":"","ast-breadcrumbs-content":"","ast-featured-img":"","footer-sml-layout":"","theme-transparent-header-meta":"default","adv-header-id-meta":"","stick-header-meta":"default","header-above-stick-meta":"","header-main-stick-meta":"","header-below-stick-meta":"","astra-migrate-meta-layouts":"set","ast-page-background-enabled":"default","ast-page-background-meta":{"desktop":{"background-color":"","background-image":"","background-repeat":"repeat","background-position":"center center","background-size":"auto","background-attachment":"scroll","background-type":"","background-media":"","overlay-type":"","overlay-color":"","overlay-opacity":"","overlay-gradient":""},"tablet":{"background-color":"","background-image":"","background-repeat":"repeat","background-position":"center center","background-size":"auto","background-attachment":"scroll","background-type":"","background-media":"","overlay-type":"","overlay-color":"","overlay-opacity":"","overlay-gradient":""},"mobile":{"background-color":"","background-image":"","background-repeat":"repeat","background-position":"center center","background-size":"auto","background-attachment":"scroll","background-type":"","background-media":"","overlay-type":"","overlay-color":"","overlay-opacity":"","overlay-gradient":""}},"ast-content-background-meta":{"desktop":{"background-color":"var(--ast-global-color-5)","background-image":"","background-repeat":"repeat","background-position":"center center","background-size":"auto","background-attachment":"scroll","background-type":"","background-media":"","overlay-type":"","overlay-color":"","overlay-opacity":"","overlay-gradient":""},"tablet":{"background-color":"var(--ast-global-color-5)","background-image":"","background-repeat":"repeat","background-position":"center center","background-size":"auto","background-attachment":"scroll","background-type":"","background-media":"","overlay-type":"","overlay-color":"","overlay-opacity":"","overlay-gradient":""},"mobile":{"background-color":"var(--ast-global-color-5)","background-image":"","background-repeat":"repeat","background-position":"center center","background-size":"auto","background-attachment":"scroll","background-type":"","background-media":"","overlay-type":"","overlay-color":"","overlay-opacity":"","overlay-gradient":""}},"footnotes":""},"categories":[11],"tags":[],"class_list":["post-17962","post","type-post","status-publish","format-standard","has-post-thumbnail","hentry","category-noticias"],"aioseo_notices":[],"_links":{"self":[{"href":"https:\/\/contarotacoes.com\/index.php?rest_route=\/wp\/v2\/posts\/17962","targetHints":{"allow":["GET"]}}],"collection":[{"href":"https:\/\/contarotacoes.com\/index.php?rest_route=\/wp\/v2\/posts"}],"about":[{"href":"https:\/\/contarotacoes.com\/index.php?rest_route=\/wp\/v2\/types\/post"}],"author":[{"embeddable":true,"href":"https:\/\/contarotacoes.com\/index.php?rest_route=\/wp\/v2\/users\/2"}],"replies":[{"embeddable":true,"href":"https:\/\/contarotacoes.com\/index.php?rest_route=%2Fwp%2Fv2%2Fcomments&post=17962"}],"version-history":[{"count":1,"href":"https:\/\/contarotacoes.com\/index.php?rest_route=\/wp\/v2\/posts\/17962\/revisions"}],"predecessor-version":[{"id":17964,"href":"https:\/\/contarotacoes.com\/index.php?rest_route=\/wp\/v2\/posts\/17962\/revisions\/17964"}],"wp:featuredmedia":[{"embeddable":true,"href":"https:\/\/contarotacoes.com\/index.php?rest_route=\/wp\/v2\/media\/17963"}],"wp:attachment":[{"href":"https:\/\/contarotacoes.com\/index.php?rest_route=%2Fwp%2Fv2%2Fmedia&parent=17962"}],"wp:term":[{"taxonomy":"category","embeddable":true,"href":"https:\/\/contarotacoes.com\/index.php?rest_route=%2Fwp%2Fv2%2Fcategories&post=17962"},{"taxonomy":"post_tag","embeddable":true,"href":"https:\/\/contarotacoes.com\/index.php?rest_route=%2Fwp%2Fv2%2Ftags&post=17962"}],"curies":[{"name":"wp","href":"https:\/\/api.w.org\/{rel}","templated":true}]}}