{"id":17934,"date":"2025-06-13T21:36:20","date_gmt":"2025-06-13T21:36:20","guid":{"rendered":"https:\/\/contarotacoes.com\/?p=17934"},"modified":"2025-06-13T21:36:20","modified_gmt":"2025-06-13T21:36:20","slug":"armindo-araujo-e-quarto-em-castelo-branco","status":"publish","type":"post","link":"https:\/\/contarotacoes.com\/?p=17934","title":{"rendered":"Armindo Ara\u00fajo \u00e9 quarto em Castelo Branco"},"content":{"rendered":"<p style=\"font-weight: 400; text-align: justify;\">Luta acesa pelo p\u00f3dio<\/p>\n<p style=\"font-weight: 400; text-align: justify;\">Armindo Ara\u00fajo e Luis Ramalho terminaram a primeira etapa do Rali de Castelo Branco na quarta posi\u00e7\u00e3o da geral no final das quatro primeiras especiais da prova albicastrense.<\/p>\n<p style=\"font-weight: 400; text-align: justify;\">Num dia quente e com diferen\u00e7as reduzidas na discuss\u00e3o dos primeiros lugares, o piloto do Fabia RS mostrou-se satisfeito no final do primeiro dia.\u00a0<strong><em>\u201cTivemos algumas cautelas nos tro\u00e7os desta tarde e fomos percebendo tamb\u00e9m algumas das ligeiras diferen\u00e7as deste novo carro para o anterior. Conseguimos andar num bom ritmo e n\u00e3o fosse um ligeiro erro na primeira passagem pela super especial ter\u00edamos terminado o dia no p\u00f3dio e na frente dos portugueses. As diferen\u00e7as para os nossos principais advers\u00e1rios s\u00e3o bastantes curtas e sabemos que o dia de amanh\u00e3 ser\u00e1 novamente muito disputado. Vamos \u00e0 luta\u201d<\/em><\/strong>, referiu.<\/p>\n<p style=\"font-weight: 400; text-align: justify;\">A segunda etapa do Rali de Castelo Branco ter\u00e1 mais oito especiais de classifica\u00e7\u00e3o, com o dia a arrancar com a primeira, das duas passagens, por Vila Velha do Rod\u00e3o, intercaladas pela visita ao tro\u00e7o de Fratel. Da parte da tarde, duas visitas a Sarzedas e Santo Andr\u00e9 das Tojeiras, antecedem a Power Stage que finalizar\u00e1 a quinta prova da temporada do CPR.<\/p>\n","protected":false},"excerpt":{"rendered":"<p>Luta acesa pelo p\u00f3dio Armindo Ara\u00fajo e Luis Ramalho terminaram a primeira etapa do Rali de Castelo Branco na quarta posi\u00e7\u00e3o da geral no final das quatro primeiras especiais da prova albicastrense. Num dia quente e com diferen\u00e7as reduzidas na discuss\u00e3o dos primeiros lugares, o piloto do Fabia RS mostrou-se satisfeito no final do primeiro [&hellip;]<\/p>\n","protected":false},"author":2,"featured_media":17935,"comment_status":"closed","ping_status":"open","sticky":false,"template":"","format":"standard","meta":{"_editorskit_title_hidden":false,"_editorskit_reading_time":0,"_editorskit_is_block_options_detached":false,"_editorskit_block_options_position":"{}","om_disable_all_campaigns":false,"_monsterinsights_skip_tracking":false,"_monsterinsights_sitenote_active":false,"_monsterinsights_sitenote_note":"","_monsterinsights_sitenote_category":0,"_uf_show_specific_survey":0,"_uf_disable_surveys":false,"site-sidebar-layout":"default","site-content-layout":"","ast-site-content-layout":"default","site-content-style":"default","site-sidebar-style":"default","ast-global-header-display":"","ast-banner-title-visibility":"","ast-main-header-display":"","ast-hfb-above-header-display":"","ast-hfb-below-header-display":"","ast-hfb-mobile-header-display":"","site-post-title":"","ast-breadcrumbs-content":"","ast-featured-img":"","footer-sml-layout":"","theme-transparent-header-meta":"default","adv-header-id-meta":"","stick-header-meta":"default","header-above-stick-meta":"","header-main-stick-meta":"","header-below-stick-meta":"","astra-migrate-meta-layouts":"set","ast-page-background-enabled":"default","ast-page-background-meta":{"desktop":{"background-color":"","background-image":"","background-repeat":"repeat","background-position":"center center","background-size":"auto","background-attachment":"scroll","background-type":"","background-media":"","overlay-type":"","overlay-color":"","overlay-opacity":"","overlay-gradient":""},"tablet":{"background-color":"","background-image":"","background-repeat":"repeat","background-position":"center center","background-size":"auto","background-attachment":"scroll","background-type":"","background-media":"","overlay-type":"","overlay-color":"","overlay-opacity":"","overlay-gradient":""},"mobile":{"background-color":"","background-image":"","background-repeat":"repeat","background-position":"center center","background-size":"auto","background-attachment":"scroll","background-type":"","background-media":"","overlay-type":"","overlay-color":"","overlay-opacity":"","overlay-gradient":""}},"ast-content-background-meta":{"desktop":{"background-color":"var(--ast-global-color-5)","background-image":"","background-repeat":"repeat","background-position":"center center","background-size":"auto","background-attachment":"scroll","background-type":"","background-media":"","overlay-type":"","overlay-color":"","overlay-opacity":"","overlay-gradient":""},"tablet":{"background-color":"var(--ast-global-color-5)","background-image":"","background-repeat":"repeat","background-position":"center center","background-size":"auto","background-attachment":"scroll","background-type":"","background-media":"","overlay-type":"","overlay-color":"","overlay-opacity":"","overlay-gradient":""},"mobile":{"background-color":"var(--ast-global-color-5)","background-image":"","background-repeat":"repeat","background-position":"center center","background-size":"auto","background-attachment":"scroll","background-type":"","background-media":"","overlay-type":"","overlay-color":"","overlay-opacity":"","overlay-gradient":""}},"footnotes":""},"categories":[11],"tags":[],"class_list":["post-17934","post","type-post","status-publish","format-standard","has-post-thumbnail","hentry","category-noticias"],"aioseo_notices":[],"_links":{"self":[{"href":"https:\/\/contarotacoes.com\/index.php?rest_route=\/wp\/v2\/posts\/17934","targetHints":{"allow":["GET"]}}],"collection":[{"href":"https:\/\/contarotacoes.com\/index.php?rest_route=\/wp\/v2\/posts"}],"about":[{"href":"https:\/\/contarotacoes.com\/index.php?rest_route=\/wp\/v2\/types\/post"}],"author":[{"embeddable":true,"href":"https:\/\/contarotacoes.com\/index.php?rest_route=\/wp\/v2\/users\/2"}],"replies":[{"embeddable":true,"href":"https:\/\/contarotacoes.com\/index.php?rest_route=%2Fwp%2Fv2%2Fcomments&post=17934"}],"version-history":[{"count":1,"href":"https:\/\/contarotacoes.com\/index.php?rest_route=\/wp\/v2\/posts\/17934\/revisions"}],"predecessor-version":[{"id":17936,"href":"https:\/\/contarotacoes.com\/index.php?rest_route=\/wp\/v2\/posts\/17934\/revisions\/17936"}],"wp:featuredmedia":[{"embeddable":true,"href":"https:\/\/contarotacoes.com\/index.php?rest_route=\/wp\/v2\/media\/17935"}],"wp:attachment":[{"href":"https:\/\/contarotacoes.com\/index.php?rest_route=%2Fwp%2Fv2%2Fmedia&parent=17934"}],"wp:term":[{"taxonomy":"category","embeddable":true,"href":"https:\/\/contarotacoes.com\/index.php?rest_route=%2Fwp%2Fv2%2Fcategories&post=17934"},{"taxonomy":"post_tag","embeddable":true,"href":"https:\/\/contarotacoes.com\/index.php?rest_route=%2Fwp%2Fv2%2Ftags&post=17934"}],"curies":[{"name":"wp","href":"https:\/\/api.w.org\/{rel}","templated":true}]}}