{"id":17925,"date":"2025-06-13T15:40:16","date_gmt":"2025-06-13T15:40:16","guid":{"rendered":"https:\/\/contarotacoes.com\/?p=17925"},"modified":"2025-06-13T15:40:16","modified_gmt":"2025-06-13T15:40:16","slug":"manuel-alves-motivado-para-valencia","status":"publish","type":"post","link":"https:\/\/contarotacoes.com\/?p=17925","title":{"rendered":"Manuel Alves motivado para Val\u00eancia"},"content":{"rendered":"<ul>\n<li style=\"font-weight: 400; text-align: justify;\"><strong>O piloto da LOB Motorsport chega \u00e0 terceira jornada do Porsche Sprint Challenge Ib\u00e9rica na lideran\u00e7a da categoria Pro-Am e no segundo lugar nos 992<\/strong><\/li>\n<li style=\"font-weight: 400; text-align: justify;\">\u00a0\u00a0<strong>A motiva\u00e7\u00e3o para o pr\u00f3ximo fim de semana, em Val\u00eancia est\u00e1 em alta, num circuito j\u00e1 conhecido por Manuel Alves, onde compete pelo terceiro ano consecutivo<br \/>\n<\/strong><\/li>\n<li style=\"font-weight: 400; text-align: justify;\">\u00a0\u00a0<strong>O calor extremo e a manipula\u00e7\u00e3o dos pneus ser\u00e3o os principais desafios num fim de semana que promete ser muito competitivo<\/strong><\/li>\n<\/ul>\n<p style=\"font-weight: 400; text-align: justify;\">Manuel Alves regressou \u00e0 a\u00e7\u00e3o este fim de semana no Circuito Ricardo Tormo, em Val\u00eancia, para disputar a terceira jornada do Porsche Sprint Challenge Ib\u00e9rica. Depois de um fim de semana positivo em Monteblanco, o piloto da LOB Motorsport chega motivado a um tra\u00e7ado que j\u00e1 conhece bem e onde espera voltar a lutar pelos primeiros lugares.<\/p>\n<p style=\"font-weight: 400; text-align: justify;\">O piloto da Trofa ocupa atualmente a lideran\u00e7a da categoria Pro-Am e \u00e9 segundo classificado na geral da categoria 992, estando apenas a quatro pontos da frente do campeonato.<\/p>\n<p style=\"font-weight: 400; text-align: justify;\">Val\u00eancia marca o regresso a um circuito familiar, onde Manuel Alves corre pelo terceiro ano consecutivo. Com mais experi\u00eancia no tra\u00e7ado espanhol, o objetivo passa por capitalizar o conhecimento da pista para encontrar rapidamente um bom compromisso de afina\u00e7\u00e3o e colocar-se em posi\u00e7\u00e3o de discutir os lugares do p\u00f3dio.<\/p>\n<p style=\"font-weight: 400; text-align: justify;\"><strong>&#8220;J\u00e1 competiu em Val\u00eancia nos dois \u00faltimos anos e gosto muito da pista. Conhe\u00e7o bem o tra\u00e7ado e isso pode ser uma vantagem na prepara\u00e7\u00e3o e na afina\u00e7\u00e3o do carro. Queremos tirar o m\u00e1ximo partido dos treinos privados e livres para chegar \u00e0s corridas com um carro competitivo&#8221;,<\/strong>\u00a0come\u00e7ou por referir o piloto.<\/p>\n<p style=\"font-weight: 400; text-align: justify;\">A expectativa \u00e9 elevada, mas o fim de semana promete desafios exigentes, tanto do ponto de vista t\u00e9cnico quanto f\u00edsico, devido \u00e0s temperaturas elevadas esperadas e \u00e0 exig\u00eancia do circuito para os pneus.<\/p>\n<p style=\"font-weight: 400; text-align: justify;\"><strong>\u201cVai ser um fim de semana muito quente e isso, em Val\u00eancia, pode complicar bastante a gest\u00e3o dos pneus. Sabemos que a solu\u00e7\u00e3o pode ser um fator determinante e temos trabalhos em solu\u00e7\u00f5es desde Monteblanco que esperamos conseguir aplicar aqui com sucesso. O objetivo \u00e9 claro: consolidar a lideran\u00e7a na Pro-Am e recuperar pontos nos 992. A concorr\u00eancia \u00e9 forte, com equipes muito bem qualificadas e pilotos com muita experi\u00eancia, mas vamos focar-nos no nosso trabalho e em corrigir os detalhes que faltaram em Monteblanco.\u201d<\/strong><\/p>\n<p style=\"font-weight: 400; text-align: justify;\">Apesar da dificuldade do desafio, o piloto portugu\u00eas mostra-se determinado em continuar a luta pelo t\u00edtulo at\u00e9 ao fim<\/p>\n<p style=\"font-weight: 400; text-align: justify;\"><strong>&#8220;Estamos na frente do Pro-Am, \u00e0 frente do Dylan Pereira, e na 992 s\u00f3 estamos a quatro pontos do Dylan. Vamos lutar com tudo, com a ambi\u00e7\u00e3o de vencer e continuar a crescer. Fizemos um trabalho consistente e sabemos que temos ritmo para estar entre os da frente.&#8221;<\/strong><\/p>\n<p style=\"font-weight: 400; text-align: justify;\">A jornada de Val\u00eancia ser\u00e1 integrada no fim de semana do TCR Espanha, que recebe tamb\u00e9m o TCR World Tour, o que promete trazer ainda mais p\u00fablico e competitividade ao fim de semana. Um desafio \u00e0 altura da ambi\u00e7\u00e3o de Manuel Alves, que quer continuar a mostrar evolu\u00e7\u00e3o e competitividade em pista.<\/p>\n","protected":false},"excerpt":{"rendered":"<p>O piloto da LOB Motorsport chega \u00e0 terceira jornada do Porsche Sprint Challenge Ib\u00e9rica na lideran\u00e7a da categoria Pro-Am e no segundo lugar nos 992 \u00a0\u00a0A motiva\u00e7\u00e3o para o pr\u00f3ximo fim de semana, em Val\u00eancia est\u00e1 em alta, num circuito j\u00e1 conhecido por Manuel Alves, onde compete pelo terceiro ano consecutivo \u00a0\u00a0O calor extremo e [&hellip;]<\/p>\n","protected":false},"author":2,"featured_media":17926,"comment_status":"closed","ping_status":"open","sticky":false,"template":"","format":"standard","meta":{"_editorskit_title_hidden":false,"_editorskit_reading_time":0,"_editorskit_is_block_options_detached":false,"_editorskit_block_options_position":"{}","om_disable_all_campaigns":false,"_monsterinsights_skip_tracking":false,"_monsterinsights_sitenote_active":false,"_monsterinsights_sitenote_note":"","_monsterinsights_sitenote_category":0,"_uf_show_specific_survey":0,"_uf_disable_surveys":false,"site-sidebar-layout":"default","site-content-layout":"","ast-site-content-layout":"default","site-content-style":"default","site-sidebar-style":"default","ast-global-header-display":"","ast-banner-title-visibility":"","ast-main-header-display":"","ast-hfb-above-header-display":"","ast-hfb-below-header-display":"","ast-hfb-mobile-header-display":"","site-post-title":"","ast-breadcrumbs-content":"","ast-featured-img":"","footer-sml-layout":"","theme-transparent-header-meta":"default","adv-header-id-meta":"","stick-header-meta":"default","header-above-stick-meta":"","header-main-stick-meta":"","header-below-stick-meta":"","astra-migrate-meta-layouts":"set","ast-page-background-enabled":"default","ast-page-background-meta":{"desktop":{"background-color":"","background-image":"","background-repeat":"repeat","background-position":"center center","background-size":"auto","background-attachment":"scroll","background-type":"","background-media":"","overlay-type":"","overlay-color":"","overlay-opacity":"","overlay-gradient":""},"tablet":{"background-color":"","background-image":"","background-repeat":"repeat","background-position":"center center","background-size":"auto","background-attachment":"scroll","background-type":"","background-media":"","overlay-type":"","overlay-color":"","overlay-opacity":"","overlay-gradient":""},"mobile":{"background-color":"","background-image":"","background-repeat":"repeat","background-position":"center center","background-size":"auto","background-attachment":"scroll","background-type":"","background-media":"","overlay-type":"","overlay-color":"","overlay-opacity":"","overlay-gradient":""}},"ast-content-background-meta":{"desktop":{"background-color":"var(--ast-global-color-5)","background-image":"","background-repeat":"repeat","background-position":"center center","background-size":"auto","background-attachment":"scroll","background-type":"","background-media":"","overlay-type":"","overlay-color":"","overlay-opacity":"","overlay-gradient":""},"tablet":{"background-color":"var(--ast-global-color-5)","background-image":"","background-repeat":"repeat","background-position":"center center","background-size":"auto","background-attachment":"scroll","background-type":"","background-media":"","overlay-type":"","overlay-color":"","overlay-opacity":"","overlay-gradient":""},"mobile":{"background-color":"var(--ast-global-color-5)","background-image":"","background-repeat":"repeat","background-position":"center center","background-size":"auto","background-attachment":"scroll","background-type":"","background-media":"","overlay-type":"","overlay-color":"","overlay-opacity":"","overlay-gradient":""}},"footnotes":""},"categories":[11],"tags":[],"class_list":["post-17925","post","type-post","status-publish","format-standard","has-post-thumbnail","hentry","category-noticias"],"aioseo_notices":[],"_links":{"self":[{"href":"https:\/\/contarotacoes.com\/index.php?rest_route=\/wp\/v2\/posts\/17925","targetHints":{"allow":["GET"]}}],"collection":[{"href":"https:\/\/contarotacoes.com\/index.php?rest_route=\/wp\/v2\/posts"}],"about":[{"href":"https:\/\/contarotacoes.com\/index.php?rest_route=\/wp\/v2\/types\/post"}],"author":[{"embeddable":true,"href":"https:\/\/contarotacoes.com\/index.php?rest_route=\/wp\/v2\/users\/2"}],"replies":[{"embeddable":true,"href":"https:\/\/contarotacoes.com\/index.php?rest_route=%2Fwp%2Fv2%2Fcomments&post=17925"}],"version-history":[{"count":1,"href":"https:\/\/contarotacoes.com\/index.php?rest_route=\/wp\/v2\/posts\/17925\/revisions"}],"predecessor-version":[{"id":17927,"href":"https:\/\/contarotacoes.com\/index.php?rest_route=\/wp\/v2\/posts\/17925\/revisions\/17927"}],"wp:featuredmedia":[{"embeddable":true,"href":"https:\/\/contarotacoes.com\/index.php?rest_route=\/wp\/v2\/media\/17926"}],"wp:attachment":[{"href":"https:\/\/contarotacoes.com\/index.php?rest_route=%2Fwp%2Fv2%2Fmedia&parent=17925"}],"wp:term":[{"taxonomy":"category","embeddable":true,"href":"https:\/\/contarotacoes.com\/index.php?rest_route=%2Fwp%2Fv2%2Fcategories&post=17925"},{"taxonomy":"post_tag","embeddable":true,"href":"https:\/\/contarotacoes.com\/index.php?rest_route=%2Fwp%2Fv2%2Ftags&post=17925"}],"curies":[{"name":"wp","href":"https:\/\/api.w.org\/{rel}","templated":true}]}}