{"id":17914,"date":"2025-06-12T19:49:21","date_gmt":"2025-06-12T19:49:21","guid":{"rendered":"https:\/\/contarotacoes.com\/?p=17914"},"modified":"2025-06-12T19:50:11","modified_gmt":"2025-06-12T19:50:11","slug":"iveco-apresenta-o-novo-s-eway-artic-o-veiculo-ideal-para-a-mobilidade-eletrica-em-missoes-regionais-e-de-longo-curso","status":"publish","type":"post","link":"https:\/\/contarotacoes.com\/?p=17914","title":{"rendered":"IVECO apresenta o novo S-eWay Artic, o ve\u00edculo ideal para a mobilidade el\u00e9trica em miss\u00f5es regionais e de longo curso"},"content":{"rendered":"<ul>\n<li style=\"text-align: justify;\"><em>O IVECO S-eWay Artic oferece at\u00e9 600 km de autonomia, proporcionando uma solu\u00e7\u00e3o eficaz zero emiss\u00f5es para miss\u00f5es regionais e de longo curso.<\/em><em style=\"font-size: 16px;\">\u00a0<\/em><\/li>\n<\/ul>\n<ul style=\"text-align: justify;\">\n<li><em>A tecnologia de ponta da bateria LFP oferece uma capacidade energ\u00e9tica total de 603 kWh, com 97% de energia utiliz\u00e1vel, entre as mais elevadas do setor.<\/em><em style=\"font-size: 16px;\">\u00a0<\/em><\/li>\n<\/ul>\n<ul style=\"text-align: justify;\">\n<li><em>A IVECO oferece uma garantia de bateria l\u00edder no setor, cobrindo at\u00e9 10 anos e at\u00e9 1,2 milh\u00f5es de km.<\/em><em style=\"font-size: 16px;\">\u00a0<\/em><\/li>\n<\/ul>\n<ul style=\"text-align: justify;\">\n<li><em>O eAxle da FPT Industrial, comprovado no mercado, oferece a melhor efici\u00eancia e gest\u00e3o de energia da sua classe<\/em><em style=\"font-size: 16px;\">\u00a0<\/em><\/li>\n<\/ul>\n<ul style=\"text-align: justify;\">\n<li><em>A AeroCab alongada foi otimizada para efici\u00eancia e integra\u00e7\u00e3o entre o cami\u00e3o e o semirreboque.<\/em><em style=\"font-size: 16px;\">\u00a0<\/em><\/li>\n<\/ul>\n<ul style=\"text-align: justify;\">\n<li><em>O S-eWay est\u00e1 totalmente integrado no ecossistema de servi\u00e7os da IVECO, oferecendo tranquilidade com conectividade avan\u00e7ada, um conjunto completo de servi\u00e7os personalizados e o apoio especializado da rede profissional da IVECO<\/em><em style=\"font-size: 16px;\">\u00a0<\/em><\/li>\n<\/ul>\n<p style=\"text-align: justify;\">Ap\u00f3s o lan\u00e7amento do S-eWay Rigid no ano passado, a IVECO d\u00e1 mais um passo em frente na sua jornada rumo aos transportes com emiss\u00f5es zero com o lan\u00e7amento do novo S-eWay Artic, o seu mais recente cami\u00e3o el\u00e9trico concebido especificamente para transportes de longo curso e regionais.<\/p>\n<p style=\"text-align: justify;\">A nova gama combina os comprovados pontos fortes da vers\u00e3o a diesel IVECO S-Way com avan\u00e7adas inova\u00e7\u00f5es zero emiss\u00f5es. O elemento central do desempenho el\u00e9trico do ve\u00edculo \u00e9 o sistema de baterias LFP de \u00faltima gera\u00e7\u00e3o, que oferece energia de elevada qualidade a bordo e uma garantia de bateria l\u00edder do setor, de at\u00e9 10 anos e 1,2 milh\u00f5es de km, estabelecendo um novo padr\u00e3o de refer\u00eancia em termos de durabilidade e fiabilidade no segmento dos cami\u00f5es el\u00e9tricos.<\/p>\n<p style=\"text-align: justify;\">O IVECO S-eWay Artic \u00e9 o mais recente fruto do trabalho pioneiro da IVECO em propuls\u00f5es alternativas e mais uma solu\u00e7\u00e3o eficaz para ajudar os operadores de frotas a acelerar a sua transi\u00e7\u00e3o para a descarboniza\u00e7\u00e3o, preservando a rentabilidade, a produtividade e a efici\u00eancia operacional.<\/p>\n<p style=\"text-align: justify;\"><em>\u201cCom o novo IVECO S-eWay Artic, estamos a oferecer aos nossos clientes uma solu\u00e7\u00e3o pr\u00e1tica para longas dist\u00e2ncias que atende \u00e0s exig\u00eancias dos operadores de transporte atuais\u201d, <\/em><strong>afirmou Giuliano Giovannini, Diretor de Gest\u00e3o do Portf\u00f3lio de Produtos<\/strong><em>. \u201cOs nossos clientes est\u00e3o sob constante press\u00e3o para alcan\u00e7ar a descarbonizar e precisam de solu\u00e7\u00f5es prontas a cumprir as suas miss\u00f5es com sucesso e permitir que alcancem os seus objetivos comerciais. Este ve\u00edculo reflete o nosso compromisso em acompanhar os nossos clientes nesta jornada, oferecendo tecnologia de confian\u00e7a e um apoio com o qual podem contar.&#8221;<\/em><\/p>\n<p style=\"text-align: justify;\">As entregas do IVECO S-eWay Artic ter\u00e3o in\u00edcio em 2026.<\/p>\n<p style=\"text-align: justify;\"><strong>Concebido para longas dist\u00e2ncias: efici\u00eancia sem compromissos<\/strong><\/p>\n<p style=\"text-align: justify;\">O IVECO S-eWay Artic foi concebido para satisfazer os exigentes requisitos dos transportes de longo curso, oferecendo at\u00e9 600 km de autonomia com um \u00fanico carregamento, tornando-o uma verdadeira alternativa com emiss\u00f5es zero para as mais variadas miss\u00f5es regionais e de longa dist\u00e2ncia. No centro do seu desempenho est\u00e1 o e-Axle de \u00faltima gera\u00e7\u00e3o desenvolvido pela marca irm\u00e3 da IVECO, a FPT Industrial, especializada em tecnologias avan\u00e7adas de transmiss\u00e3o. Desenvolve uma pot\u00eancia cont\u00ednua de 480 kW, a qual \u00e9 transmitida diretamente \u00e0s rodas. Esta comprovada arquitetura elimina as perdas de energia t\u00edpicas das transmiss\u00f5es convencionais, garantindo a melhor efici\u00eancia e gest\u00e3o de energia.<\/p>\n<p style=\"text-align: justify;\">Oferecido na configura\u00e7\u00e3o 4&#215;2, o IVECO S-eWay Artic apresenta uma suspens\u00e3o integralmente pneum\u00e1tica que proporciona um conforto de condu\u00e7\u00e3o e um comportamento din\u00e2mico excecionais. Gra\u00e7as \u00e0 versatilidade da arquitetura el\u00e9trica, o ve\u00edculo pode ser equipado com uma ePTO (tomada de for\u00e7a el\u00e9trica) para abranger solu\u00e7\u00f5es de transporte refrigerado com emiss\u00f5es zero.<\/p>\n<p style=\"text-align: justify;\"><strong>Tecnologia avan\u00e7ada de baterias: autonomia, durabilidade e tranquilidade<\/strong><\/p>\n<p style=\"text-align: justify;\">No n\u00facleo do IVECO S-eWay est\u00e1 a sua tecnologia de ponta em termos de baterias, com tr\u00eas <em>packs<\/em> de baterias LFP transversais. Estas fornecem uma capacidade total de energia de 603 kWh, com 97% de energia utiliz\u00e1vel, proporcionando uma autonomia e durabilidade entre as mais elevadas dispon\u00edveis para cami\u00f5es pesados. O tempo de carregamento de 20% a 80% SoC est\u00e1 otimizado para 60 minutos, utilizando o carregamento r\u00e1pido de 350 kW DC, proporcionando flexibilidade operacional. O avan\u00e7ado sistema de gest\u00e3o t\u00e9rmica mant\u00e9m as temperaturas da bateria em condi\u00e7\u00f5es ideais ao longo de uma vasta gama de funcionamento, entre -30<sup>o <\/sup>C e 45<sup>o<\/sup> C, garantindo um desempenho fi\u00e1vel em diversos climas e condi\u00e7\u00f5es.<\/p>\n<p style=\"text-align: justify;\">Esta nov\u00edssima gera\u00e7\u00e3o de baterias LFP, concebida para uma vida \u00fatil de 12 anos e 70% de reten\u00e7\u00e3o de capacidade, oferece a melhor durabilidade da sua classe. Para contribuir para a tranquilidade do cliente, a IVECO oferece as melhores condi\u00e7\u00f5es de garantia do mercado, cobrindo at\u00e9 10 anos e at\u00e9 1,2 milh\u00f5es de quil\u00f3metros.<\/p>\n<p style=\"text-align: justify;\"><strong>Conce\u00e7\u00e3o otimizada para efici\u00eancia e conforto <\/strong><\/p>\n<p style=\"text-align: justify;\">O S-eWay Artic apresenta uma cabina Aero alongada, concebida para uma efici\u00eancia aerodin\u00e2mica otimizada, assegurando simultaneamente a compatibilidade com os semirreboques existentes e a capacidade de raio de viragem. O eixo dianteiro totalmente pneum\u00e1tico de 9 toneladas e a dist\u00e2ncia entre eixos de 3.932 mm oferecem flexibilidade na configura\u00e7\u00e3o da carro\u00e7aria e na distribui\u00e7\u00e3o da carga, permitindo mais espa\u00e7o para integrar grandes conjuntos de baterias, equilibrando a manobrabilidade do ve\u00edculo e a autonomia operacional.<\/p>\n<p style=\"text-align: justify;\">No interior da cabina, os condutores encontrar\u00e3o o mesmo conforto, disposi\u00e7\u00e3o e excel\u00eancia de design da gama S-Way Diesel, garantindo familiaridade e facilidade de utiliza\u00e7\u00e3o. Um m\u00f3dulo HMI dedicado, concebido para a opera\u00e7\u00e3o el\u00e9trica, apresenta dados VE em tempo real para ajudar os motoristas a otimizar a utiliza\u00e7\u00e3o de energia e o desempenho operacional, colocando-os no controlo total das suas miss\u00f5es el\u00e9tricas.<\/p>\n<p style=\"text-align: justify;\"><strong>Servi\u00e7os personalizados e conectividade permanente: potenciar as jornadas el\u00e9tricas de longo curso<\/strong><\/p>\n<p style=\"text-align: justify;\">O S-eWay est\u00e1 totalmente integrado no ecossistema de servi\u00e7os da IVECO, concebido para apoiar todos os aspetos das opera\u00e7\u00f5es de transporte el\u00e9trico de longo curso. Especificamente desenvolvido para satisfazer as necessidades da mobilidade el\u00e9trica, oferece uma experi\u00eancia de servi\u00e7o abrangente e personalizada que permite aos gestores de frotas e aos motoristas fazerem a transi\u00e7\u00e3o para a mobilidade el\u00e9trica com confian\u00e7a, apoiados pelos 50 anos de experi\u00eancia da IVECO e pela sua rede profissional.<\/p>\n<p style=\"text-align: justify;\">O novo S-eWay beneficia do extenso e evolutivo portef\u00f3lio de servi\u00e7os da IVECO, que \u00e9 l\u00edder no sector e que engloba desde solu\u00e7\u00f5es de Uptime ao portal IVECO ON para gestores de frotas e \u00e0 Easy App para motoristas. Com o IVECO S-eWay, a marca alarga ainda mais a sua oferta com o mais avan\u00e7ado servi\u00e7o de Smart Routing do mercado, oferecido de s\u00e9rie atrav\u00e9s do novo sistema de infotainment conectado de 10\u201d, permitindo um planeamento preciso e adapt\u00e1vel das miss\u00f5es.<\/p>\n<p style=\"text-align: justify;\">Para os motoristas, a renovada Easy App oferece uma interface intuitiva que coloca ao se alcance todas as informa\u00e7\u00f5es relevantes, seja no interior ou no exterior do ve\u00edculo. Desenvolvida com base em conhecimentos reais de utiliza\u00e7\u00e3o, a nova configura\u00e7\u00e3o da aplica\u00e7\u00e3o centrada no condutor oferece uma experi\u00eancia de utiliza\u00e7\u00e3o descomplicada e consistente em toda a oferta da IVECO. Os motoristas da gama IVECO S-eWay podem tamb\u00e9m beneficiar do IVECO Drivers Fidelity Club, agora alargado ao novo grupo propulsor el\u00e9trico. Este programa exclusivo reconhece a condu\u00e7\u00e3o segura e eficiente, ajudando a envolver os motoristas, a maximizar a efici\u00eancia operacional e a reduzir as emiss\u00f5es.<\/p>\n<p style=\"text-align: justify;\">Com base na experi\u00eancia consolidada da IVECO Services, a marca introduziu tamb\u00e9m um conjunto completo de servi\u00e7os espec\u00edficos para ve\u00edculos el\u00e9tricos. Estes incluem os novos eCharge Packs, que simplificam as opera\u00e7\u00f5es de carregamento com solu\u00e7\u00f5es inteligentes e interoperacionais que asseguram uma perfeita integra\u00e7\u00e3o da infraestrutura de carregamento para miss\u00f5es el\u00e9tricas eficientes isentas de preocupa\u00e7\u00f5es.<\/p>\n","protected":false},"excerpt":{"rendered":"<p>O IVECO S-eWay Artic oferece at\u00e9 600 km de autonomia, proporcionando uma solu\u00e7\u00e3o eficaz zero emiss\u00f5es para miss\u00f5es regionais e de longo curso.\u00a0 A tecnologia de ponta da bateria LFP oferece uma capacidade energ\u00e9tica total de 603 kWh, com 97% de energia utiliz\u00e1vel, entre as mais elevadas do setor.\u00a0 A IVECO oferece uma garantia de [&hellip;]<\/p>\n","protected":false},"author":2,"featured_media":17917,"comment_status":"closed","ping_status":"open","sticky":false,"template":"","format":"standard","meta":{"_editorskit_title_hidden":false,"_editorskit_reading_time":0,"_editorskit_is_block_options_detached":false,"_editorskit_block_options_position":"{}","om_disable_all_campaigns":false,"_monsterinsights_skip_tracking":false,"_monsterinsights_sitenote_active":false,"_monsterinsights_sitenote_note":"","_monsterinsights_sitenote_category":0,"_uf_show_specific_survey":0,"_uf_disable_surveys":false,"site-sidebar-layout":"default","site-content-layout":"","ast-site-content-layout":"default","site-content-style":"default","site-sidebar-style":"default","ast-global-header-display":"","ast-banner-title-visibility":"","ast-main-header-display":"","ast-hfb-above-header-display":"","ast-hfb-below-header-display":"","ast-hfb-mobile-header-display":"","site-post-title":"","ast-breadcrumbs-content":"","ast-featured-img":"","footer-sml-layout":"","theme-transparent-header-meta":"default","adv-header-id-meta":"","stick-header-meta":"default","header-above-stick-meta":"","header-main-stick-meta":"","header-below-stick-meta":"","astra-migrate-meta-layouts":"set","ast-page-background-enabled":"default","ast-page-background-meta":{"desktop":{"background-color":"","background-image":"","background-repeat":"repeat","background-position":"center center","background-size":"auto","background-attachment":"scroll","background-type":"","background-media":"","overlay-type":"","overlay-color":"","overlay-opacity":"","overlay-gradient":""},"tablet":{"background-color":"","background-image":"","background-repeat":"repeat","background-position":"center center","background-size":"auto","background-attachment":"scroll","background-type":"","background-media":"","overlay-type":"","overlay-color":"","overlay-opacity":"","overlay-gradient":""},"mobile":{"background-color":"","background-image":"","background-repeat":"repeat","background-position":"center center","background-size":"auto","background-attachment":"scroll","background-type":"","background-media":"","overlay-type":"","overlay-color":"","overlay-opacity":"","overlay-gradient":""}},"ast-content-background-meta":{"desktop":{"background-color":"var(--ast-global-color-5)","background-image":"","background-repeat":"repeat","background-position":"center center","background-size":"auto","background-attachment":"scroll","background-type":"","background-media":"","overlay-type":"","overlay-color":"","overlay-opacity":"","overlay-gradient":""},"tablet":{"background-color":"var(--ast-global-color-5)","background-image":"","background-repeat":"repeat","background-position":"center center","background-size":"auto","background-attachment":"scroll","background-type":"","background-media":"","overlay-type":"","overlay-color":"","overlay-opacity":"","overlay-gradient":""},"mobile":{"background-color":"var(--ast-global-color-5)","background-image":"","background-repeat":"repeat","background-position":"center center","background-size":"auto","background-attachment":"scroll","background-type":"","background-media":"","overlay-type":"","overlay-color":"","overlay-opacity":"","overlay-gradient":""}},"footnotes":""},"categories":[13],"tags":[],"class_list":["post-17914","post","type-post","status-publish","format-standard","has-post-thumbnail","hentry","category-comercio"],"aioseo_notices":[],"_links":{"self":[{"href":"https:\/\/contarotacoes.com\/index.php?rest_route=\/wp\/v2\/posts\/17914","targetHints":{"allow":["GET"]}}],"collection":[{"href":"https:\/\/contarotacoes.com\/index.php?rest_route=\/wp\/v2\/posts"}],"about":[{"href":"https:\/\/contarotacoes.com\/index.php?rest_route=\/wp\/v2\/types\/post"}],"author":[{"embeddable":true,"href":"https:\/\/contarotacoes.com\/index.php?rest_route=\/wp\/v2\/users\/2"}],"replies":[{"embeddable":true,"href":"https:\/\/contarotacoes.com\/index.php?rest_route=%2Fwp%2Fv2%2Fcomments&post=17914"}],"version-history":[{"count":1,"href":"https:\/\/contarotacoes.com\/index.php?rest_route=\/wp\/v2\/posts\/17914\/revisions"}],"predecessor-version":[{"id":17916,"href":"https:\/\/contarotacoes.com\/index.php?rest_route=\/wp\/v2\/posts\/17914\/revisions\/17916"}],"wp:featuredmedia":[{"embeddable":true,"href":"https:\/\/contarotacoes.com\/index.php?rest_route=\/wp\/v2\/media\/17917"}],"wp:attachment":[{"href":"https:\/\/contarotacoes.com\/index.php?rest_route=%2Fwp%2Fv2%2Fmedia&parent=17914"}],"wp:term":[{"taxonomy":"category","embeddable":true,"href":"https:\/\/contarotacoes.com\/index.php?rest_route=%2Fwp%2Fv2%2Fcategories&post=17914"},{"taxonomy":"post_tag","embeddable":true,"href":"https:\/\/contarotacoes.com\/index.php?rest_route=%2Fwp%2Fv2%2Ftags&post=17914"}],"curies":[{"name":"wp","href":"https:\/\/api.w.org\/{rel}","templated":true}]}}