{"id":17466,"date":"2025-05-30T14:50:35","date_gmt":"2025-05-30T14:50:35","guid":{"rendered":"https:\/\/contarotacoes.com\/?p=17466"},"modified":"2025-05-30T14:50:35","modified_gmt":"2025-05-30T14:50:35","slug":"nj-racing-apresenta-se-na-maxima-forca-na-serra-da-estrela","status":"publish","type":"post","link":"https:\/\/contarotacoes.com\/?p=17466","title":{"rendered":"NJ Racing apresenta-se na m\u00e1xima for\u00e7a na Serra da Estrela"},"content":{"rendered":"<p style=\"text-align: justify;\"><strong>Nuno Guimar\u00e3es Jr., Andr\u00e9 Br\u00e1s e Nuno Guimar\u00e3es assumem a forte\u00a0 ambi\u00e7\u00e3o de darem continuidade na Rampa da Serra da Estrela aos excelentes resultados individuais e coletivos que t\u00eam alcan\u00e7ado desde o arranque da temporada 2025 de Montanha.<\/strong><\/p>\n<p style=\"text-align: justify;\">A prova organizada pelo CAMI Motorsport tem tudo para ser um \u2018osso duro de roer\u2019 neste fim-de-semana que se avizinha. A sua extens\u00e3o e as caracter\u00edsticas do tra\u00e7ado, fazem da pista instalada na montanha mais alta de Portugal Continental uma das mias desafiantes do Campeonato de Portugal de Montanha JC Group.<\/p>\n<p style=\"text-align: justify;\">Para Nuno Guimar\u00e3es Jr. e Andr\u00e9 Br\u00e1s ser\u00e1 uma estreia absoluta, com todas as nuances e emo\u00e7\u00f5es que tal acarretar\u00e1 para os dois \u2018jovens lobos\u2019 da NJ Racing.<\/p>\n<p style=\"text-align: justify;\">Chegam \u00e0 Covilh\u00e3 depois de duas dobradinhas consecutivas no FPAK Junior Team de Montanha, estando solidamente instalados nas duas primeiras posi\u00e7\u00f5es da tabela pontual do trof\u00e9u.<\/p>\n<p style=\"text-align: justify;\">Nuno Guimar\u00e3es Jr. tem tudo para manter a sua invencibilidade e dar mais um passo importante rumo \u00e0 conquista desta segunda edi\u00e7\u00e3o do trof\u00e9u. O jovem duriense est\u00e1 ansioso pois <strong>\u201c<\/strong><strong>este fim de semana vamos viajar at\u00e9 ao teto de Portugal , uma prova muito longa e t\u00e9cnica na serra da Estela. Espero conseguir continuar a curva de aprendizagem, tentando melhorar sempre de subida em subida, aumentado o ritmo progressivamente.<\/strong> <strong>Boa sorte aos meus colegas e que ven\u00e7a o mais r\u00e1pido. Tudo farei para seja eu!\u201d<\/strong>.<\/p>\n<p style=\"text-align: justify;\">J\u00e1 Andr\u00e9 Br\u00e1s destaca que <strong>\u201cesta rampa vai ser mais uma grande experi\u00eancia para mim. \u00c9 uma rampa desafiadora pois \u00e9 longa e dif\u00edcil de decorar, mas vou dar o meu melhor e tentar sempre melhorar de subida em subida\u201d<\/strong>.<\/p>\n<p style=\"text-align: justify;\">Quanto a Nuno Guimar\u00e3es, o l\u00edder da NJ Racing quer claramente chegar \u00e0 primeira vit\u00f3ria da \u00e9poca, assumindo que <strong>\u201cvamos com o mesmo esp\u00edrito de sempre, que \u00e9 lutar pela vit\u00f3ria na nossa divis\u00e3o!&#8230; Pessoalmente n\u00e3o \u00e9 uma rampa que eu goste muito, \u00e9 acima de tudo tenho um historial muito negativo com esta prova\u2026 desde avarias, acidentes e at\u00e9 um inc\u00eandio no BRC. Mas, vamos dar tudo para vencer!\u201d<\/strong>.<\/p>\n<p style=\"text-align: justify;\">O \u2018Capit\u00e3o da Montanha\u2019 destaca ainda que <strong>\u201c\u00e9 uma rampa muito t\u00e9cnica e r\u00e1pida ao mesmo tempo, com v\u00e1rias sequ\u00eancias de curvas muito importantes para se conseguir alcan\u00e7ar um bom resultado. A equipa preparou-se muito bem e esperemos que a sorte esteja do nossos lado. Tudo faremos para sair da Covilh\u00e3 com um bom resultado de conjunto\u201d<\/strong>.<\/p>\n<p style=\"text-align: justify;\">A Rampa Serra da Estrela 2025 ter\u00e1 quatro subidas no dia de s\u00e1bado. \u00c0s 10 da manh\u00e3 arrancar\u00e1 o Warm up, com as duas subidas de treinos oficiais a terem in\u00edcio \u00e0s 12.30 e 15:00 horas, respetivamente. O dia terminar\u00e1 com a 1\u00aa Subida de Prova, pelas 17.30. No domingo, a jornada final ter\u00e1 in\u00edcio \u00e0s 10:00 horas, com mais uma subida de treinos oficiais. Ao meio-dia dever\u00e1 arrancar a 2\u00aa Subida de Prova, com a derradeira a ter in\u00edcio pelas 15:00 horas.<\/p>\n<p style=\"text-align: justify;\">\n","protected":false},"excerpt":{"rendered":"<p>Nuno Guimar\u00e3es Jr., Andr\u00e9 Br\u00e1s e Nuno Guimar\u00e3es assumem a forte\u00a0 ambi\u00e7\u00e3o de darem continuidade na Rampa da Serra da Estrela aos excelentes resultados individuais e coletivos que t\u00eam alcan\u00e7ado desde o arranque da temporada 2025 de Montanha. A prova organizada pelo CAMI Motorsport tem tudo para ser um \u2018osso duro de roer\u2019 neste fim-de-semana [&hellip;]<\/p>\n","protected":false},"author":2,"featured_media":17467,"comment_status":"closed","ping_status":"open","sticky":false,"template":"","format":"standard","meta":{"_editorskit_title_hidden":false,"_editorskit_reading_time":0,"_editorskit_is_block_options_detached":false,"_editorskit_block_options_position":"{}","om_disable_all_campaigns":false,"_monsterinsights_skip_tracking":false,"_monsterinsights_sitenote_active":false,"_monsterinsights_sitenote_note":"","_monsterinsights_sitenote_category":0,"_uf_show_specific_survey":0,"_uf_disable_surveys":false,"site-sidebar-layout":"default","site-content-layout":"","ast-site-content-layout":"default","site-content-style":"default","site-sidebar-style":"default","ast-global-header-display":"","ast-banner-title-visibility":"","ast-main-header-display":"","ast-hfb-above-header-display":"","ast-hfb-below-header-display":"","ast-hfb-mobile-header-display":"","site-post-title":"","ast-breadcrumbs-content":"","ast-featured-img":"","footer-sml-layout":"","theme-transparent-header-meta":"default","adv-header-id-meta":"","stick-header-meta":"default","header-above-stick-meta":"","header-main-stick-meta":"","header-below-stick-meta":"","astra-migrate-meta-layouts":"set","ast-page-background-enabled":"default","ast-page-background-meta":{"desktop":{"background-color":"","background-image":"","background-repeat":"repeat","background-position":"center center","background-size":"auto","background-attachment":"scroll","background-type":"","background-media":"","overlay-type":"","overlay-color":"","overlay-opacity":"","overlay-gradient":""},"tablet":{"background-color":"","background-image":"","background-repeat":"repeat","background-position":"center center","background-size":"auto","background-attachment":"scroll","background-type":"","background-media":"","overlay-type":"","overlay-color":"","overlay-opacity":"","overlay-gradient":""},"mobile":{"background-color":"","background-image":"","background-repeat":"repeat","background-position":"center center","background-size":"auto","background-attachment":"scroll","background-type":"","background-media":"","overlay-type":"","overlay-color":"","overlay-opacity":"","overlay-gradient":""}},"ast-content-background-meta":{"desktop":{"background-color":"var(--ast-global-color-5)","background-image":"","background-repeat":"repeat","background-position":"center center","background-size":"auto","background-attachment":"scroll","background-type":"","background-media":"","overlay-type":"","overlay-color":"","overlay-opacity":"","overlay-gradient":""},"tablet":{"background-color":"var(--ast-global-color-5)","background-image":"","background-repeat":"repeat","background-position":"center center","background-size":"auto","background-attachment":"scroll","background-type":"","background-media":"","overlay-type":"","overlay-color":"","overlay-opacity":"","overlay-gradient":""},"mobile":{"background-color":"var(--ast-global-color-5)","background-image":"","background-repeat":"repeat","background-position":"center center","background-size":"auto","background-attachment":"scroll","background-type":"","background-media":"","overlay-type":"","overlay-color":"","overlay-opacity":"","overlay-gradient":""}},"footnotes":""},"categories":[11],"tags":[],"class_list":["post-17466","post","type-post","status-publish","format-standard","has-post-thumbnail","hentry","category-noticias"],"aioseo_notices":[],"_links":{"self":[{"href":"https:\/\/contarotacoes.com\/index.php?rest_route=\/wp\/v2\/posts\/17466","targetHints":{"allow":["GET"]}}],"collection":[{"href":"https:\/\/contarotacoes.com\/index.php?rest_route=\/wp\/v2\/posts"}],"about":[{"href":"https:\/\/contarotacoes.com\/index.php?rest_route=\/wp\/v2\/types\/post"}],"author":[{"embeddable":true,"href":"https:\/\/contarotacoes.com\/index.php?rest_route=\/wp\/v2\/users\/2"}],"replies":[{"embeddable":true,"href":"https:\/\/contarotacoes.com\/index.php?rest_route=%2Fwp%2Fv2%2Fcomments&post=17466"}],"version-history":[{"count":1,"href":"https:\/\/contarotacoes.com\/index.php?rest_route=\/wp\/v2\/posts\/17466\/revisions"}],"predecessor-version":[{"id":17468,"href":"https:\/\/contarotacoes.com\/index.php?rest_route=\/wp\/v2\/posts\/17466\/revisions\/17468"}],"wp:featuredmedia":[{"embeddable":true,"href":"https:\/\/contarotacoes.com\/index.php?rest_route=\/wp\/v2\/media\/17467"}],"wp:attachment":[{"href":"https:\/\/contarotacoes.com\/index.php?rest_route=%2Fwp%2Fv2%2Fmedia&parent=17466"}],"wp:term":[{"taxonomy":"category","embeddable":true,"href":"https:\/\/contarotacoes.com\/index.php?rest_route=%2Fwp%2Fv2%2Fcategories&post=17466"},{"taxonomy":"post_tag","embeddable":true,"href":"https:\/\/contarotacoes.com\/index.php?rest_route=%2Fwp%2Fv2%2Ftags&post=17466"}],"curies":[{"name":"wp","href":"https:\/\/api.w.org\/{rel}","templated":true}]}}