{"id":17463,"date":"2025-05-29T14:10:01","date_gmt":"2025-05-29T14:10:01","guid":{"rendered":"https:\/\/contarotacoes.com\/?p=17463"},"modified":"2025-05-29T14:10:01","modified_gmt":"2025-05-29T14:10:01","slug":"nacional-de-velocidade-prossegue-em-jarama","status":"publish","type":"post","link":"https:\/\/contarotacoes.com\/?p=17463","title":{"rendered":"Nacional de Velocidade prossegue em Jarama"},"content":{"rendered":"<div class=\"x11i5rnm xat24cr x1mh8g0r x1vvkbs xtlvy1s x126k92a\">\n<div dir=\"auto\" style=\"text-align: justify;\">O Campeonato Portugal Velocidade\/Supercars Endurance volta \u00e0s pistas no pr\u00f3ximo fim-de-semana com a segunda etapa do Supercars Espa\u00f1a que ter\u00e1 como palco o Circuit de Madrid Jarama \u2013 RACE, integrado no evento Jarama Classic.<\/div>\n<\/div>\n<div class=\"x11i5rnm xat24cr x1mh8g0r x1vvkbs xtlvy1s x126k92a\" style=\"text-align: justify;\">\n<div dir=\"auto\">Depois do estrondoso sucesso que foi o in\u00edcio de temporada, com um pelot\u00e3o de quarenta e oito carros e corridas decididas nos \u00faltimos momentos, na primeira ronda espanhola do ano espera-se, uma vez mais, grelhas de partida numerosas e provas emocionantes.<\/div>\n<\/div>\n<div class=\"x11i5rnm xat24cr x1mh8g0r x1vvkbs xtlvy1s x126k92a\" style=\"text-align: justify;\">\n<div dir=\"auto\">Para a prova que contar\u00e1 exclusivamente para o Supercars Espa\u00f1a s\u00e3o esperados trinta e tr\u00eas inscritos \u2013 dezasseis GT4, treze GTC e quatro Turismos \u2013 prometendo, uma vez mais, momentos entusiasmantes para todos os espectadores, esperando-se in\u00fameras dezenas de milhar ao longo do fim-de-semana, e aos telespectadores, que poder\u00e3o seguir as provas na DAZN Espa\u00f1a e DAZN Portugal, assim como no YouTube em diversos idiomas.<\/div>\n<\/div>\n<div class=\"x11i5rnm xat24cr x1mh8g0r x1vvkbs xtlvy1s x126k92a\" style=\"text-align: justify;\">\n<div dir=\"auto\"><strong>GT4 \u2013 Reedi\u00e7\u00e3o do duelo BMW Espa\u00f1a Motorsport NM Racing Team<\/strong><\/div>\n<\/div>\n<div class=\"x11i5rnm xat24cr x1mh8g0r x1vvkbs xtlvy1s x126k92a\" style=\"text-align: justify;\">\n<div dir=\"auto\">A categoria GT4 \u00e9, uma vez mais, a que mais carros ter\u00e1 em pista, dezasseis distribu\u00eddos pelas suas quatro divis\u00f5es.<\/div>\n<\/div>\n<div class=\"x11i5rnm xat24cr x1mh8g0r x1vvkbs xtlvy1s x126k92a\" style=\"text-align: justify;\">\n<div dir=\"auto\">Na GT4 Pro, com sete m\u00e1quinas, o Mercedes AMG GT4 da NM Racing Team dividido por Max Huber e Tom\u00e1s Granzella, e o BMW M4 GT4 (G82) da BMW Espa\u00f1a Motorsport, dividido por Nerea Mart\u00ed e Jos\u00e9 de los Milagros, ser\u00e3o os grandes favoritos dos muitos espectadores, esperando-se a reedi\u00e7\u00e3o do intenso duelo que as duas equipas, das mais importantes de Espanha, protagonizaram no ano passado.<\/div>\n<\/div>\n<div class=\"x11i5rnm xat24cr x1mh8g0r x1vvkbs xtlvy1s x126k92a\" style=\"text-align: justify;\">\n<div dir=\"auto\">No entanto, estas duas forma\u00e7\u00f5es encontrar\u00e3o forte oposi\u00e7\u00e3o nas equipas de fora. A Racar Motorsport, depois dos bons resultados do Algarve, espera que Mathieu Martins e Roberto Faria, em Aston Martin Vantage AMR GT4, possam manter a competitividade, ao passo que a Toyota Gazoo Racing Caetano Portugal vai para Jarama para repetir a vit\u00f3ria que conquistou em Portim\u00e3o com Francisco Mora e Francisco Abreu aos comandos do seu Toyota GR Supra GT4 EVO2.<\/div>\n<\/div>\n<div class=\"x11i5rnm xat24cr x1mh8g0r x1vvkbs xtlvy1s x126k92a\" style=\"text-align: justify;\">\n<div dir=\"auto\">A Speedy Motorsport levar\u00e1 para a pista de Madrid um Toyota GR Supra GT4 EVO2 para Jos\u00e9 Carlos Pires e Tom\u00e1s Guedes e um Porsche Cayman CS RS para Jos\u00e9 Aguiar Branco e Bernardo Pinheiro, sendo estas duplas um factor a ter em conta na luta pelas posi\u00e7\u00f5es do p\u00f3dio.<\/div>\n<\/div>\n<div class=\"x11i5rnm xat24cr x1mh8g0r x1vvkbs xtlvy1s x126k92a\" style=\"text-align: justify;\">\n<div dir=\"auto\">CV Performance X JP Motorsport poder\u00e1 tamb\u00e9m ter uma palavra a dizer, com o seu Mercedes AMG GT4 entregue a Jonathan Engstr\u00f6m, que far\u00e1 equipa com Louis Leveau, um piloto oriundo da Formula Nordic e que far\u00e1 sua estreia pela equipa alem\u00e3 em Jarama.<\/div>\n<\/div>\n<div class=\"x11i5rnm xat24cr x1mh8g0r x1vvkbs xtlvy1s x126k92a\" style=\"text-align: justify;\">\n<div dir=\"auto\">A NM Racing Team estar\u00e1 tamb\u00e9m na luta pelos triunfos da GT4 Pro Bronze, com tr\u00eas carros, sendo Guillermo Aso e Filip Vava candidatos ao sucesso na divis\u00e3o, depois do triunfo na primeira corrida do Algarve.<\/div>\n<\/div>\n<div class=\"x11i5rnm xat24cr x1mh8g0r x1vvkbs xtlvy1s x126k92a\" style=\"text-align: justify;\">\n<div dir=\"auto\">O duo espanhol ter\u00e1 dois Toyota GR Supra GT4 EVO como advers\u00e1rios \u2013 o da Gianfranco Motorsport, entregue a Nuno Afonso e Alex Areia, e o da Batina Racing, que ter\u00e1 como novidade Miguel Lobo ao lado de Orlando Batina, que nesta prova toma o lugar de S\u00e9rgio Azevedo.<\/div>\n<\/div>\n<div class=\"x11i5rnm xat24cr x1mh8g0r x1vvkbs xtlvy1s x126k92a\" style=\"text-align: justify;\">\n<div dir=\"auto\">A NM Racing Team ter\u00e1 ainda um terceiro carro, este inscrito na GT4 Bronze, estando a dupla luso-colombiana constitu\u00edda por Ricardo Costa e Andr\u00e9s Prieto em boa posi\u00e7\u00e3o para se bater por bons resultados no exigente tra\u00e7ado madrileno.<\/div>\n<\/div>\n<div class=\"x11i5rnm xat24cr x1mh8g0r x1vvkbs xtlvy1s x126k92a\" style=\"text-align: justify;\">\n<div dir=\"auto\">No entanto, tanto Andrius Zemaitis, em Toyota GR Supra GT4 EVO2 da GT Race Marbella by Speedy, como Vasco Oliveira e Francisco Carvalho, que se estreiam pela Racar Motorsport aos comandos de um Aston Martin Vantage AMR GT4 EVO, v\u00e3o dar o seu melhor para contrariar o favoritismo dos pilotos da equipa espanhola.<\/div>\n<\/div>\n<div class=\"x11i5rnm xat24cr x1mh8g0r x1vvkbs xtlvy1s x126k92a\" style=\"text-align: justify;\">\n<div dir=\"auto\">A Promotion Motorsport, a correr em \u2018casa\u2019, vai \u00e0 luta na GT4 Am, depois dos dois segundos lugares na divis\u00e3o de Portim\u00e3o, assumindo-se Sm\u00f6rg e Javier Macias como os favoritos \u00e0 vit\u00f3ria aos comandos do seu BMW M4 GT4 (G82).<\/div>\n<\/div>\n<div class=\"x11i5rnm xat24cr x1mh8g0r x1vvkbs xtlvy1s x126k92a\" style=\"text-align: justify;\">\n<div dir=\"auto\">Filipe Videira e Ant\u00f3nio Lopes, que t\u00eam vindo a progredir aos comandos de um dos Aston Martin da Racar Motorsport, ter\u00e3o dura tarefa para contrariar o maior conhecimento da pista espanhola por parte dos pilotos do BMW.<\/div>\n<\/div>\n<div class=\"x11i5rnm xat24cr x1mh8g0r x1vvkbs xtlvy1s x126k92a\" style=\"text-align: justify;\">\n<div dir=\"auto\"><strong>GTC \u2013 Espanh\u00f3is com fortes possibilidades de sucesso<\/strong><\/div>\n<\/div>\n<div class=\"x11i5rnm xat24cr x1mh8g0r x1vvkbs xtlvy1s x126k92a\" style=\"text-align: justify;\">\n<div dir=\"auto\">Na categoria GTC, a \u2018afici\u00f3n\u2019 espanhola ter\u00e1 tamb\u00e9m por quem torcer, entre os nove inscritos na divis\u00e3o GTX.<\/div>\n<\/div>\n<div class=\"x11i5rnm xat24cr x1mh8g0r x1vvkbs xtlvy1s x126k92a\" style=\"text-align: justify;\">\n<div dir=\"auto\">Quatro dos carros que se bater\u00e3o pela vit\u00f3ria entre os GT4 que ficaram sem homologa\u00e7\u00e3o estar\u00e3o a correr em casa, conferindo-lhes o papel de favoritos.<\/div>\n<\/div>\n<div class=\"x11i5rnm xat24cr x1mh8g0r x1vvkbs xtlvy1s x126k92a\" style=\"text-align: justify;\">\n<div dir=\"auto\">Alfonso Colomina e Alba V\u00e1zquez, no McLaren 570S GT4 da McLaren Barcelona \u2013 SMC Motorsport, j\u00e1 mostraram do que s\u00e3o capazes no Algarve, com a vit\u00f3ria na primeira corrida e um terceiro na segunda, lideram a classifica\u00e7\u00e3o pontual e ambicionam triunfar face aos seus adeptos.<\/div>\n<\/div>\n<div class=\"x11i5rnm xat24cr x1mh8g0r x1vvkbs xtlvy1s x126k92a\" style=\"text-align: justify;\">\n<div dir=\"auto\">Mas a dupla do carro de Woking ter\u00e1 a oposi\u00e7\u00e3o intensa de Borja Hormigos e H\u00e9ctor Hern\u00e1ndez. O duo do BMW M4 GT4 (F82) da Autoworks Motorsport n\u00e3o teve a sorte pelo seu lado no fim-de-semana de Portim\u00e3o, mas mostrou competitividade e, frente ao seu p\u00fablico, vai querer repetir a subida ao degrau mais alto do p\u00f3dio do ano passado.<\/div>\n<\/div>\n<div class=\"x11i5rnm xat24cr x1mh8g0r x1vvkbs xtlvy1s x126k92a\" style=\"text-align: justify;\">\n<div dir=\"auto\">A Chefo Sport by Petrogold, estar\u00e1 tamb\u00e9m em pista com o desejo de triunfar, inscrevendo dois sofisticados Ligier JS2 R \u2013 um para Angel Santos e Alejandro Iribas, que mostraram rapidez no Algarve, e outro para Nicol\u00e1s Abella.<\/div>\n<\/div>\n<div class=\"x11i5rnm xat24cr x1mh8g0r x1vvkbs xtlvy1s x126k92a\" style=\"text-align: justify;\">\n<div dir=\"auto\">Apesar da ascend\u00eancia das equipas espanholas, estas ter\u00e3o que se ver com a conhecida armada de Ginetta G55 da Tockwith Motorsports. Como \u00e9 habitual, a forma\u00e7\u00e3o inglesa colocar\u00e1 em pista um carro para Steve Kirton e Jonathan Elsworth, outro para Gracie Mitchell e Luca Staccini e um em pontificar\u00e1 Simon Moore.<\/div>\n<\/div>\n<div class=\"x11i5rnm xat24cr x1mh8g0r x1vvkbs xtlvy1s x126k92a\" style=\"text-align: justify;\">\n<div dir=\"auto\">De Portugal chegar\u00e3o o BMW M4 GT4 (F82) da Monteiros Competi\u00e7\u00f5es pilotado por Henrique Moura Oliveira e Rub\u00e9n Silva, que deram muito boa conta de si no Algarve, e o Aston Martin Vantage GT4 da NGT, que desta vez ser\u00e1 pilotado a solo por Miguel Ferreira.<\/div>\n<\/div>\n<div class=\"x11i5rnm xat24cr x1mh8g0r x1vvkbs xtlvy1s x126k92a\" style=\"text-align: justify;\">\n<div dir=\"auto\">A categoria Cup ter\u00e1 cinco inscritos, quatro Porsche 911 Cup e um Ferrari 430 Challenge, criando uma das batalhas que mais ic\u00f3nicas e hist\u00f3ricas do automobilismo que ao longo de bastantes anos tem animados diversos palcos.<\/div>\n<\/div>\n<div class=\"x11i5rnm xat24cr x1mh8g0r x1vvkbs xtlvy1s x126k92a\" style=\"text-align: justify;\">\n<div dir=\"auto\">Do lado da marca de Zuffenhausen estar\u00e1 uma equipa espanhola, a Lan GP Racing, uma estrutura que se estreia em Jarama no Supercars Espa\u00f1a, esperando Angel Lanchares e Ramiro Garc\u00eda-Pumarino dar uma alegria aos seus adeptos.<\/div>\n<\/div>\n<div class=\"x11i5rnm xat24cr x1mh8g0r x1vvkbs xtlvy1s x126k92a\" style=\"text-align: justify;\">\n<div dir=\"auto\">Rui Miritta (Monteiros Competi\u00e7\u00f5es), que venceu as duas corridas de Portim\u00e3o, \u00e9 sempre um favorito, tal como Dave Benett e Marcus Fothergill (Tockwith Motorsports), ao passo que V\u00edtor Costa (Monteiros Competi\u00e7\u00f5es) espera prosseguir em Jarama a boa EVOlu\u00e7\u00e3o que evidenciou em Portim\u00e3o.<\/div>\n<\/div>\n<div class=\"x11i5rnm xat24cr x1mh8g0r x1vvkbs xtlvy1s x126k92a\" style=\"text-align: justify;\">\n<div dir=\"auto\">No campo da marca de Maranello estar\u00e1 a Protech Motorsport, com Pedro Paiva Raposo e Adam Fawsitt, que ter\u00e3o como principal objectivo continuar a sua adapta\u00e7\u00e3o \u00e0 ex\u00f3tica m\u00e1quina italiana.<\/div>\n<\/div>\n<div class=\"x11i5rnm xat24cr x1mh8g0r x1vvkbs xtlvy1s x126k92a\" style=\"text-align: justify;\">\n<div dir=\"auto\"><strong>Turismos \u2013 Juventude contra veterania<\/strong><\/div>\n<\/div>\n<div class=\"x11i5rnm xat24cr x1mh8g0r x1vvkbs xtlvy1s x126k92a\" style=\"text-align: justify;\">\n<div dir=\"auto\">Nos Turismos ser\u00e3o quatro \u00e0s m\u00e1quinas em li\u00e7a, sendo tr\u00eas os Ginetta G40 do FPAK Junior Team, sendo uma vez mais um motivo de interesse seguir a luta entre os \u2018jovens lobos\u2019 \u2013 Rodrigo Vila\u00e7a, Diogo Castro, Martim Rom\u00e3o, Tom\u00e1s Gomes, Jo\u00e3o Faria e Tom\u00e1s Martins.<\/div>\n<\/div>\n<div class=\"x11i5rnm xat24cr x1mh8g0r x1vvkbs xtlvy1s x126k92a\" style=\"text-align: justify;\">\n<div dir=\"auto\">No entanto, o foco do p\u00fablico que se deslocar\u00e1 a Jarama estar\u00e1 em Alexander Villanueva. O piloto que estar\u00e1 aos comandos de um Hyundai i30 N TCR da RX Pro Racing tem no seu pec\u00falio dois t\u00edtulos no Campeonato de Espanha de Ralis de Terra (em 2006 e 2016) e vit\u00f3rias em diversas provas de Velocidade.<\/div>\n<\/div>\n<div class=\"x11i5rnm xat24cr x1mh8g0r x1vvkbs xtlvy1s x126k92a\" style=\"text-align: justify;\">\n<div dir=\"auto\"><strong>Como ver as corridas<\/strong><\/div>\n<\/div>\n<div class=\"x11i5rnm xat24cr x1mh8g0r x1vvkbs xtlvy1s x126k92a\" style=\"text-align: justify;\">\n<div dir=\"auto\">Como \u00e9 habitual, os adeptos de automobilismo poder\u00e3o seguir todas as corridas do Supercars Espa\u00f1a.<\/div>\n<\/div>\n<div class=\"x11i5rnm xat24cr x1mh8g0r x1vvkbs xtlvy1s x126k92a\" style=\"text-align: justify;\">\n<div dir=\"auto\">Na ronda do Circuito de Madrid Jarama \u2013 RACE ser\u00e3o disputadas duas corridas, todas no domingo, a primeira \u00e0s 9h15 e a segunda \u00e0s 13h35.<\/div>\n<\/div>\n<div class=\"x11i5rnm xat24cr x1mh8g0r x1vvkbs xtlvy1s x126k92a\" style=\"text-align: justify;\">\n<div dir=\"auto\">Todas as provas, com a dura\u00e7\u00e3o de 50 minutos, ter\u00e3o transmiss\u00e3o em directo na DAZN Portugal e na DAZN Espa\u00f1a, assim como nas redes socias oficiais da competi\u00e7\u00e3o, em Espanhol.<\/div>\n<\/div>\n<div class=\"x11i5rnm xat24cr x1mh8g0r x1vvkbs xtlvy1s x126k92a\" style=\"text-align: justify;\">\n<div dir=\"auto\">As corridas ser\u00e3o ainda alvo de transmiss\u00e3o em Ingl\u00eas atrav\u00e9s do YouTube da Alpha Live, em Alem\u00e3o atrav\u00e9s da Motorsport Television Deutschland e em Italiano atrav\u00e9s da Parc F\u00e9rme TV.<\/div>\n<\/div>\n<div class=\"x11i5rnm xat24cr x1mh8g0r x1vvkbs xtlvy1s x126k92a\" style=\"text-align: justify;\">\n<div dir=\"auto\"><strong>Como comprar bilhetes<\/strong><\/div>\n<\/div>\n<div class=\"x11i5rnm xat24cr x1mh8g0r x1vvkbs xtlvy1s x126k92a\">\n<div dir=\"auto\" style=\"text-align: justify;\">Ao longo dos anos t\u00eam sido muitos os milhares de espectadores que passaram pelo Jarama Classic, esperando-se nova enchente ano. Os interessados em adquirir o ingresso para o evento do ic\u00f3nico circuito de Madrid poder\u00e3o faz\u00ea-lo nos El Corte Ingl\u00e9s de Espanha, ou, atrav\u00e9s da internet, no website <span class=\"html-span xdj266r x11i5rnm xat24cr x1mh8g0r xexx8yu x4uap5 x18d9i69 xkhd6sd x1hl2dhg x16tdsg8 x1vvkbs\"><a class=\"x1i10hfl xjbqb8w x1ejq31n xd10rxx x1sy0etr x17r0tee x972fbf xcfux6l x1qhh985 xm0m39n x9f619 x1ypdohk xt0psk2 xe8uvvx xdj266r x11i5rnm xat24cr x1mh8g0r xexx8yu x4uap5 x18d9i69 xkhd6sd x16tdsg8 x1hl2dhg xggy1nq x1a2a7pz xkrqix3 x1sur9pj x1fey0fg x1s688f\" tabindex=\"0\" role=\"link\" href=\"https:\/\/l.facebook.com\/l.php?u=https%3A%2F%2Fjarama.org%2Fcompeticion%2Fjarama-classic-2025%3Ffbclid%3DIwZXh0bgNhZW0CMTAAYnJpZBEwRjNiOTdQcENIMUJ5OUwwSQEe6hzb0pw-VeqrvI63dZh0TBD9c8ywvZAs6GH9Z8nYGKJFoI1AIsOa4lUBxOs_aem_cfrOybAlXHY1FAYpw16tOQ&amp;h=AT1luGfj3cegOe-6njQawwdlYO2bPn0jL7LoqBv327oEDmab2fACFx7QIU4pNlOtDhMz2DCNeaH3yhOR6t30_a88282cVTL10ZVaq57vhI5j5n-01UbgNs1ibJlx3IFC32jkAN16Ss2NFQ&amp;__tn__=-UK-R&amp;c[0]=AT0HVnnOWZh66sVw_58yX-ihfF9GhGyymZM-6XGNhdZKbEh5NUNBPRNQJL-fWTxs8Zcf34YwLkdsLrhOqW-FYuqNGPL_qOhvJQFR8mcA8C3X4oM1JeiLNYSMTzkeGndh2vZYBPyrTS2mqF0cyn6yZ7Wh5p2ALKoFJv9oOzNz3kj_LGyGyqcyfX5Es-z18cBfI6avQP7vqbX-TLrHmni4P4rJac3f\" target=\"_blank\" rel=\"nofollow noopener noreferrer\">jarama.org\/competicion\/jarama-classic-2025<\/a><\/span>.<\/div>\n<\/div>\n","protected":false},"excerpt":{"rendered":"<p>O Campeonato Portugal Velocidade\/Supercars Endurance volta \u00e0s pistas no pr\u00f3ximo fim-de-semana com a segunda etapa do Supercars Espa\u00f1a que ter\u00e1 como palco o Circuit de Madrid Jarama \u2013 RACE, integrado no evento Jarama Classic. Depois do estrondoso sucesso que foi o in\u00edcio de temporada, com um pelot\u00e3o de quarenta e oito carros e corridas decididas [&hellip;]<\/p>\n","protected":false},"author":2,"featured_media":17464,"comment_status":"closed","ping_status":"open","sticky":false,"template":"","format":"standard","meta":{"_editorskit_title_hidden":false,"_editorskit_reading_time":0,"_editorskit_is_block_options_detached":false,"_editorskit_block_options_position":"{}","om_disable_all_campaigns":false,"_monsterinsights_skip_tracking":false,"_monsterinsights_sitenote_active":false,"_monsterinsights_sitenote_note":"","_monsterinsights_sitenote_category":0,"_uf_show_specific_survey":0,"_uf_disable_surveys":false,"site-sidebar-layout":"default","site-content-layout":"","ast-site-content-layout":"default","site-content-style":"default","site-sidebar-style":"default","ast-global-header-display":"","ast-banner-title-visibility":"","ast-main-header-display":"","ast-hfb-above-header-display":"","ast-hfb-below-header-display":"","ast-hfb-mobile-header-display":"","site-post-title":"","ast-breadcrumbs-content":"","ast-featured-img":"","footer-sml-layout":"","theme-transparent-header-meta":"default","adv-header-id-meta":"","stick-header-meta":"default","header-above-stick-meta":"","header-main-stick-meta":"","header-below-stick-meta":"","astra-migrate-meta-layouts":"set","ast-page-background-enabled":"default","ast-page-background-meta":{"desktop":{"background-color":"","background-image":"","background-repeat":"repeat","background-position":"center center","background-size":"auto","background-attachment":"scroll","background-type":"","background-media":"","overlay-type":"","overlay-color":"","overlay-opacity":"","overlay-gradient":""},"tablet":{"background-color":"","background-image":"","background-repeat":"repeat","background-position":"center center","background-size":"auto","background-attachment":"scroll","background-type":"","background-media":"","overlay-type":"","overlay-color":"","overlay-opacity":"","overlay-gradient":""},"mobile":{"background-color":"","background-image":"","background-repeat":"repeat","background-position":"center center","background-size":"auto","background-attachment":"scroll","background-type":"","background-media":"","overlay-type":"","overlay-color":"","overlay-opacity":"","overlay-gradient":""}},"ast-content-background-meta":{"desktop":{"background-color":"var(--ast-global-color-5)","background-image":"","background-repeat":"repeat","background-position":"center center","background-size":"auto","background-attachment":"scroll","background-type":"","background-media":"","overlay-type":"","overlay-color":"","overlay-opacity":"","overlay-gradient":""},"tablet":{"background-color":"var(--ast-global-color-5)","background-image":"","background-repeat":"repeat","background-position":"center center","background-size":"auto","background-attachment":"scroll","background-type":"","background-media":"","overlay-type":"","overlay-color":"","overlay-opacity":"","overlay-gradient":""},"mobile":{"background-color":"var(--ast-global-color-5)","background-image":"","background-repeat":"repeat","background-position":"center center","background-size":"auto","background-attachment":"scroll","background-type":"","background-media":"","overlay-type":"","overlay-color":"","overlay-opacity":"","overlay-gradient":""}},"footnotes":""},"categories":[11],"tags":[],"class_list":["post-17463","post","type-post","status-publish","format-standard","has-post-thumbnail","hentry","category-noticias"],"aioseo_notices":[],"_links":{"self":[{"href":"https:\/\/contarotacoes.com\/index.php?rest_route=\/wp\/v2\/posts\/17463","targetHints":{"allow":["GET"]}}],"collection":[{"href":"https:\/\/contarotacoes.com\/index.php?rest_route=\/wp\/v2\/posts"}],"about":[{"href":"https:\/\/contarotacoes.com\/index.php?rest_route=\/wp\/v2\/types\/post"}],"author":[{"embeddable":true,"href":"https:\/\/contarotacoes.com\/index.php?rest_route=\/wp\/v2\/users\/2"}],"replies":[{"embeddable":true,"href":"https:\/\/contarotacoes.com\/index.php?rest_route=%2Fwp%2Fv2%2Fcomments&post=17463"}],"version-history":[{"count":1,"href":"https:\/\/contarotacoes.com\/index.php?rest_route=\/wp\/v2\/posts\/17463\/revisions"}],"predecessor-version":[{"id":17465,"href":"https:\/\/contarotacoes.com\/index.php?rest_route=\/wp\/v2\/posts\/17463\/revisions\/17465"}],"wp:featuredmedia":[{"embeddable":true,"href":"https:\/\/contarotacoes.com\/index.php?rest_route=\/wp\/v2\/media\/17464"}],"wp:attachment":[{"href":"https:\/\/contarotacoes.com\/index.php?rest_route=%2Fwp%2Fv2%2Fmedia&parent=17463"}],"wp:term":[{"taxonomy":"category","embeddable":true,"href":"https:\/\/contarotacoes.com\/index.php?rest_route=%2Fwp%2Fv2%2Fcategories&post=17463"},{"taxonomy":"post_tag","embeddable":true,"href":"https:\/\/contarotacoes.com\/index.php?rest_route=%2Fwp%2Fv2%2Ftags&post=17463"}],"curies":[{"name":"wp","href":"https:\/\/api.w.org\/{rel}","templated":true}]}}