{"id":17452,"date":"2025-05-29T13:55:52","date_gmt":"2025-05-29T13:55:52","guid":{"rendered":"https:\/\/contarotacoes.com\/?p=17452"},"modified":"2025-05-29T13:55:52","modified_gmt":"2025-05-29T13:55:52","slug":"rally-de-coja-portas-do-acor-reforca-o-entusiasmo-no-centro-de-portugal","status":"publish","type":"post","link":"https:\/\/contarotacoes.com\/?p=17452","title":{"rendered":"Rally de Coja \u2013 Portas do A\u00e7or refor\u00e7a o entusiasmo no Centro de Portugal"},"content":{"rendered":"<div class=\"x11i5rnm xat24cr x1mh8g0r x1vvkbs xtlvy1s x126k92a\">\n<div dir=\"auto\" style=\"text-align: justify;\">A vila de Coja, no concelho de Arganil, recebe, a 7 e 8 de junho, uma prova pontu\u00e1vel para os campeonatos Centro de Ralis e Centro de Ralis Duas Rodas Motrizes (2RM). Trata-se do Rally de Coja \u2013 Portas do A\u00e7or, em que as equipas utilizam algumas partes do recente Rally de Portugal, que ter\u00e1 a participa\u00e7\u00e3o de Armindo Ara\u00fajo, o melhor piloto lusitano na prova do Autom\u00f3vel Club de Portugal.<\/div>\n<\/div>\n<div class=\"x11i5rnm xat24cr x1mh8g0r x1vvkbs xtlvy1s x126k92a\">\n<div dir=\"auto\" style=\"text-align: justify;\">Foi apresentado com enorme entusiasmo o Rally de Coja \u2013 Portas do A\u00e7or, competi\u00e7\u00e3o que levar\u00e1 as equipas a uma vila fortemente conhecida pelo seu grande potencial tur\u00edstico, a par de um ancestral patrim\u00f3nio hist\u00f3rico e cultural.<\/div>\n<div dir=\"auto\" style=\"text-align: justify;\">Desta vez destaca-se pelo alcance desportivo, com o Clube Autom\u00f3vel do Centro e o promotor Jos\u00e9 Manuel Pinto, em representante da Silogia e Vila Montez a colocarem no terreno um not\u00e1vel evento de elevada influ\u00eancia e impacto no mundo do desporto autom\u00f3vel, em que estiveram presentes os representantes da Junta de Freguesia de Coja e C\u00e2mara Municipal de Arganil.<\/div>\n<div dir=\"auto\" style=\"text-align: justify;\">Numa regi\u00e3o reconhecida e admirada pela sua capacidade de proporcionar objetivos, promovendo a pr\u00e1tica desportiva e influenciar a opini\u00e3o p\u00fablica no contexto desportivo, a vila de Coja surge agora a coroar o Rally de Portugal, prova rainha do WRC em Portugal, utilizando algumas especiais para operacionalizar o Rally de Coja &#8211; Portas do A\u00e7or.<\/div>\n<div dir=\"auto\" style=\"text-align: justify;\">A prova compreende, no s\u00e1bado, dia 7, da dupla passagem pela especial Pai das Donas, na dist\u00e2ncia de 11,91 quil\u00f3metros (15h18 e 16h53), efetuada na vers\u00e3o mais curta do Rally de Portugal, e super-especial noturna desenhada na zona urbana de Coja, com 2,78 quil\u00f3metros (21h03).<\/div>\n<div dir=\"auto\" style=\"text-align: justify;\">Para domingo, est\u00e3o previstas duplas passagens por Casal de S\u00e3o Jo\u00e3o, uma novidade com 8,57 quil\u00f3metros (10h33 e 14h13), e Benfeita, na dist\u00e2ncia de 13,90 quil\u00f3metros (11h01 e 14h41), igual ao utilizado no Rally de Portugal.<\/div>\n<div dir=\"auto\" style=\"text-align: justify;\">Refira-se que o Rally de Coja \u2013 Portas do A\u00e7or, num total de 174,59 quil\u00f3metros, 71,54 dos quais disputados ao cron\u00f3metro, foi preparado cuidadosa e detalhadamente com a estrutura organizativa, entidades e o promotor Jos\u00e9 Manuel Pinto, em representante da Silogia e Vila Montez.<\/div>\n<div dir=\"auto\" style=\"text-align: justify;\">Na apresenta\u00e7\u00e3o, que decorreu no Parque do Prado, em Coja, marcaram presenta, entre outros, Rui Pedro (diretor de prova), Jos\u00e9 Manuel Pinto (patrocinador principal da prova, atrav\u00e9s da empresa Silogia), Jo\u00e3o Tavares (presidente da Uni\u00e3o das Freguesias de Coja e Barril de Alva), Lu\u00eds Paulo Costa (presidente da C\u00e2mara Municipal de Arganil), Armindo Ara\u00fajo (piloto de ralis) e Jo\u00e3o Miranda (presidente do Clube Autom\u00f3vel do Centro).<\/div>\n<div dir=\"auto\" style=\"text-align: justify;\">Jo\u00e3o Miranda, presidente do Clube Autom\u00f3vel do Centro, fez quest\u00e3o de sublinhar que o Rally de Coja &#8211; Portas do A\u00e7or s\u00f3 \u00e9 poss\u00edvel gra\u00e7as a um alargado conjunto de vontades e muito empenho, com particular destaque ao patroc\u00ednio Jos\u00e9 Manuel Pinto, atrav\u00e9s das suas empresas Silogia e Villa Mont\u00eas e ainda do Grupo Imeg e Tetris\u00bb.<\/div>\n<div dir=\"auto\" style=\"text-align: justify;\">Jo\u00e3o Miranda destacou, ainda, os importantes e fundamentais apoios da Uni\u00e3o de Freguesias de Coja e Barril do Alva, no que \u00e0 log\u00edstica diz respeito, bem como da C\u00e2mara Municipal de Arganil com a ced\u00eancia de materiais e equipamentos e a emiss\u00e3o do imprescind\u00edvel alvar\u00e1\u00bb, deixando, igualmente, \u00abagradecimentos aos Bombeiros Volunt\u00e1rios de Coja e \u00e0 GNR que t\u00eam por miss\u00e3o certificar a seguran\u00e7a, sem d\u00favida um aspeto fundamental para um bom desenrolar do rali\u00bb.<\/div>\n<div dir=\"auto\" style=\"text-align: justify;\">O presidente da Cube Autom\u00f3vel do Centro destacou \u00aba presen\u00e7a no Rally de Coja &#8211; Portas do A\u00e7or do m\u00faltiplo campe\u00e3o nacional de ralis, Armindo Ara\u00fajo, um piloto que eleva a notoriedade do evento e promete fortes emo\u00e7\u00f5es aos amantes do desporto motorizado e dos ralis em particular\u00bb.<\/div>\n<div dir=\"auto\" style=\"text-align: justify;\">O promotor Jos\u00e9 Manuel Pinto, em representante da Silogia e Vila Montez, real\u00e7ou que \u00aba ideia de realizar este rali nasceu no dia em que a Silogia, em parceria com o Grupo Maranello Legacy concentrou nesta vila alguns Ferrari no primeiro encontro anual\u00bb.<\/div>\n<div dir=\"auto\" style=\"text-align: justify;\">\u00abA Sologia, que nada entende de ralis, apercebeu-se seria interessante patrocinar este evento na vila de Coja, atraindo p\u00fablico, n\u00e3o s\u00f3 pela sua beleza natural e sabedoria de bem receber, mas tamb\u00e9m por ser um desporto bastante participativo, ou n\u00e3o fosse Arganil a capital dos ralis\u00bb, referiu Jos\u00e9 Manuel Pinto.<\/div>\n<div dir=\"auto\" style=\"text-align: justify;\">De acordo co o promotor, \u00abfoi necess\u00e1rio unir esfor\u00e7os de todas as entidades locais para que a prova fosse exequ\u00edvel\u00bb, desejando que o Clube Autom\u00f3vel do Centro, com a sua experi\u00eancia, assegure com sucesso a realiza\u00e7\u00e3o da prova\u00bb.<\/div>\n<div dir=\"auto\" style=\"text-align: justify;\">J\u00e1 Armindo Ara\u00fajo, que come\u00e7ou por destacar \u00abo empenho, a dedica\u00e7\u00e3o e seriedade do Grupo Silogia para que o Rally de Coja \u2013 Portas do A\u00e7or fosse uma realidade\u00bb e, por isso, o piloto tirsense sublinhou \u00abser muito gratificante poder estar aqui\u00bb.<\/div>\n<div dir=\"auto\" style=\"text-align: justify;\">\u00abComo toda a gente sabe, participei recentemente no Rally de Portugal nestas serras, em que irei voltar com a maior satisfa\u00e7\u00e3o a estes tro\u00e7os m\u00edticos e uma refer\u00eancia dos ralis mundiais. Vamos tentar dar \u00e0 regi\u00e3o e a esta vila o melhor que podemos dar e termos comerciais e exposi\u00e7\u00e3o medi\u00e1tica\u00bb, acrescentou Armindo Ara\u00fajo, sete vezes campe\u00e3o nacional (2003, 2004, 2005, 2006, 2018, 2020 e 2022),<\/div>\n<div dir=\"auto\" style=\"text-align: justify;\">Por seu turno, Lu\u00eds Paulo Costa, presidente do Munic\u00edpio de Arganil, referiu que \u00e9 de grande felicidade este tipo de eventos porque, para a C\u00e2mara Municipal, n\u00e3o d\u00e1 trabalho e n\u00e3o custa dinheiro, pelo que o nosso envolvimento \u00e9, essencialmente, de acompanhar aquilo que \u00e9 o grande prop\u00f3sito que a Junta de Freguesia entendeu para o Rally de Coja \u2013 Portas do A\u00e7or\u00bb.<\/div>\n<div dir=\"auto\" style=\"text-align: justify;\">Depois de assinalar com preciosismo o benfeitor Jos\u00e9 Manuel Pinto, referindo que gostaria que houvesse um Jos\u00e9 Manuel Pinto em cada uma das 13 freguesias de Arganil, o edul arganilense destacou que o Rally de Coja \u2013 Portas do A\u00e7or seja coroado de sucesso, que n\u00e3o existam percal\u00e7os em tro\u00e7os m\u00edticos e que permitem firmar este desporto no nosso territ\u00f3rio.<\/div>\n<div dir=\"auto\" style=\"text-align: justify;\">Jo\u00e3o Tavares, presidente da Uni\u00e3o das Freguesias de Coja e Barril de Alva, aproveitou a oportunidade para \u00abagradecer pubicamente todo o apoio prestado pelo senhor Jos\u00e9 Manuel Pinto a Coja e ao concelho de Arganil ao longo de v\u00e1rios anos\u00bb, mencionando tamb\u00e9m o Clube Autom\u00f3vel do Centro \u00abem trazer o rali para o nosso territ\u00f3rio, a GNR e os Bombeiros Volunt\u00e1rios de Coja pela envolv\u00eancia neste singular projeto\u00bb.<\/div>\n<div dir=\"auto\" style=\"text-align: justify;\">O edil local n\u00e3o descurou algumas \u00abempresas que t\u00eam colaborado para que nada falte por altura do rali e, sobretudo, os colaboradores da Uni\u00e3o das Freguesias de Coja e Barril de Alva pela disponibilidade em cada miss\u00e3o, porque somos poucos mas ningu\u00e9m vira a cara \u00e0 luta\u00bb.<\/div>\n<\/div>\n","protected":false},"excerpt":{"rendered":"<p>A vila de Coja, no concelho de Arganil, recebe, a 7 e 8 de junho, uma prova pontu\u00e1vel para os campeonatos Centro de Ralis e Centro de Ralis Duas Rodas Motrizes (2RM). Trata-se do Rally de Coja \u2013 Portas do A\u00e7or, em que as equipas utilizam algumas partes do recente Rally de Portugal, que ter\u00e1 [&hellip;]<\/p>\n","protected":false},"author":2,"featured_media":17453,"comment_status":"closed","ping_status":"open","sticky":false,"template":"","format":"standard","meta":{"_editorskit_title_hidden":false,"_editorskit_reading_time":0,"_editorskit_is_block_options_detached":false,"_editorskit_block_options_position":"{}","om_disable_all_campaigns":false,"_monsterinsights_skip_tracking":false,"_monsterinsights_sitenote_active":false,"_monsterinsights_sitenote_note":"","_monsterinsights_sitenote_category":0,"_uf_show_specific_survey":0,"_uf_disable_surveys":false,"site-sidebar-layout":"default","site-content-layout":"","ast-site-content-layout":"default","site-content-style":"default","site-sidebar-style":"default","ast-global-header-display":"","ast-banner-title-visibility":"","ast-main-header-display":"","ast-hfb-above-header-display":"","ast-hfb-below-header-display":"","ast-hfb-mobile-header-display":"","site-post-title":"","ast-breadcrumbs-content":"","ast-featured-img":"","footer-sml-layout":"","theme-transparent-header-meta":"default","adv-header-id-meta":"","stick-header-meta":"default","header-above-stick-meta":"","header-main-stick-meta":"","header-below-stick-meta":"","astra-migrate-meta-layouts":"set","ast-page-background-enabled":"default","ast-page-background-meta":{"desktop":{"background-color":"","background-image":"","background-repeat":"repeat","background-position":"center center","background-size":"auto","background-attachment":"scroll","background-type":"","background-media":"","overlay-type":"","overlay-color":"","overlay-opacity":"","overlay-gradient":""},"tablet":{"background-color":"","background-image":"","background-repeat":"repeat","background-position":"center center","background-size":"auto","background-attachment":"scroll","background-type":"","background-media":"","overlay-type":"","overlay-color":"","overlay-opacity":"","overlay-gradient":""},"mobile":{"background-color":"","background-image":"","background-repeat":"repeat","background-position":"center center","background-size":"auto","background-attachment":"scroll","background-type":"","background-media":"","overlay-type":"","overlay-color":"","overlay-opacity":"","overlay-gradient":""}},"ast-content-background-meta":{"desktop":{"background-color":"var(--ast-global-color-5)","background-image":"","background-repeat":"repeat","background-position":"center center","background-size":"auto","background-attachment":"scroll","background-type":"","background-media":"","overlay-type":"","overlay-color":"","overlay-opacity":"","overlay-gradient":""},"tablet":{"background-color":"var(--ast-global-color-5)","background-image":"","background-repeat":"repeat","background-position":"center center","background-size":"auto","background-attachment":"scroll","background-type":"","background-media":"","overlay-type":"","overlay-color":"","overlay-opacity":"","overlay-gradient":""},"mobile":{"background-color":"var(--ast-global-color-5)","background-image":"","background-repeat":"repeat","background-position":"center center","background-size":"auto","background-attachment":"scroll","background-type":"","background-media":"","overlay-type":"","overlay-color":"","overlay-opacity":"","overlay-gradient":""}},"footnotes":""},"categories":[11],"tags":[],"class_list":["post-17452","post","type-post","status-publish","format-standard","has-post-thumbnail","hentry","category-noticias"],"aioseo_notices":[],"_links":{"self":[{"href":"https:\/\/contarotacoes.com\/index.php?rest_route=\/wp\/v2\/posts\/17452","targetHints":{"allow":["GET"]}}],"collection":[{"href":"https:\/\/contarotacoes.com\/index.php?rest_route=\/wp\/v2\/posts"}],"about":[{"href":"https:\/\/contarotacoes.com\/index.php?rest_route=\/wp\/v2\/types\/post"}],"author":[{"embeddable":true,"href":"https:\/\/contarotacoes.com\/index.php?rest_route=\/wp\/v2\/users\/2"}],"replies":[{"embeddable":true,"href":"https:\/\/contarotacoes.com\/index.php?rest_route=%2Fwp%2Fv2%2Fcomments&post=17452"}],"version-history":[{"count":1,"href":"https:\/\/contarotacoes.com\/index.php?rest_route=\/wp\/v2\/posts\/17452\/revisions"}],"predecessor-version":[{"id":17454,"href":"https:\/\/contarotacoes.com\/index.php?rest_route=\/wp\/v2\/posts\/17452\/revisions\/17454"}],"wp:featuredmedia":[{"embeddable":true,"href":"https:\/\/contarotacoes.com\/index.php?rest_route=\/wp\/v2\/media\/17453"}],"wp:attachment":[{"href":"https:\/\/contarotacoes.com\/index.php?rest_route=%2Fwp%2Fv2%2Fmedia&parent=17452"}],"wp:term":[{"taxonomy":"category","embeddable":true,"href":"https:\/\/contarotacoes.com\/index.php?rest_route=%2Fwp%2Fv2%2Fcategories&post=17452"},{"taxonomy":"post_tag","embeddable":true,"href":"https:\/\/contarotacoes.com\/index.php?rest_route=%2Fwp%2Fv2%2Ftags&post=17452"}],"curies":[{"name":"wp","href":"https:\/\/api.w.org\/{rel}","templated":true}]}}