{"id":17385,"date":"2025-05-28T22:25:58","date_gmt":"2025-05-28T22:25:58","guid":{"rendered":"https:\/\/contarotacoes.com\/?p=17385"},"modified":"2025-05-28T22:25:58","modified_gmt":"2025-05-28T22:25:58","slug":"andre-cabecas-rega-vitoria-com-espumante-do-dao","status":"publish","type":"post","link":"https:\/\/contarotacoes.com\/?p=17385","title":{"rendered":"Andr\u00e9 Cabe\u00e7as rega vit\u00f3ria com Espumante do D\u00e3o"},"content":{"rendered":"<p style=\"text-align: justify;\">Aos comandos de um Ford Fiesta R5, o piloto de Cascais, navegado por Miguel Castro, venceu hoje a primeira edi\u00e7\u00e3o do Rali Espumante do D\u00e3o, quarta ronda dos campeonatos de Rali do Centro e Rali do Centro de 2RM, concluindo as oito especiais com o tempo de 34m08,4s.<\/p>\n<p style=\"text-align: justify;\">Apesar de pressionado deste a primeira especial do dia de hoje por Carlos Matos, o piloto Andr\u00e9 Cabe\u00e7as soube manter a calma e a destreza ao volante do Ford Fiesta R5 e, paulatinamente, foi segurando a vantagem angariada na v\u00e9spera, quando venceu a super-especial Touriga Nacional \u2013 Carregal do Sal, por 6,8 segundos.<\/p>\n<p style=\"text-align: justify;\">O piloto de Cascais concluiu as especiais do Rali Espumante do D\u00e3o com o tempo de 34m08,4s, deixando na segunda posi\u00e7\u00e3o a dupla de Vila Nova de Poiares, Armando Carvalho e Ana Santos, em Mitsubishi Lancer Evo IX, a 1m02,1s, com o s\u00e3o-pedrense Carlos Matos, em terceiro, a 1m04,9s dos vencedores e a 2,8 segundos do lugar interm\u00e9dio do p\u00f3dio.<\/p>\n<p style=\"text-align: justify;\">Numa altura em que Carlos Matos mantinha uma toada ofensiva e a recuperar algum tempo a Andr\u00e9 Cabe\u00e7as, a organiza\u00e7\u00e3o penalizou-o em um minuto, invocando ter entrado por avan\u00e7o na terceira especial do dia, nomeadamente Cerceal Branco \u2013 Oliveira do Conde. Tratou-se de uma situa\u00e7\u00e3o id\u00eantica a Jos\u00e9 Loureiro e Alexandre Rodrigues, em Alpine A110, que terminaram na 11.\u00aa posi\u00e7\u00e3o.<\/p>\n<p style=\"text-align: justify;\">Depois de muito porfiar, a dupla Ant\u00f3nio Cruz Monteiro e Ana Cruz Monteiro conduziu o Peugeot 208 T16 ao quarto posto da classifica\u00e7\u00e3o geral, a 1m10,4s, mantendo viva a luta pela lideran\u00e7a no Campeonato de Ralis do Centro, cabendo a Henrique Moniz e Paulo Silva encerrar o \u201ctop five\u201d.<\/p>\n<p style=\"text-align: justify;\">A dupla do Peugeot 208 Rally4 efetuou uma prova de excelente n\u00edvel, deixando uma boa imagem nas especiais do concelho de Carregal do Sal, terminando a odisseia a 1m42,1s dos vencedores.<\/p>\n<p style=\"text-align: justify;\">Depois de um in\u00edcio algo irregular, Paulo Carvalheiro foi ultrapassando as dificuldades para ficar \u00e0s portas dos cinco mais r\u00e1pidos. Ao volante do Porsche 911 GT3 Cup, com o n\u00famero 41 nas portas, o piloto Paulcar, navegado por D\u00e9rcio Carvalheiro, acabou por finalizar a sua presta\u00e7\u00e3o no Rali Espumante do D\u00e3o a 2m16,0s do topo da classifica\u00e7\u00e3o.<\/p>\n<p style=\"text-align: justify;\">Bruno Pedrosa teve uma grande performance na prova do Clube Autom\u00f3vel de Viseu, liderando de fio a pavio a competi\u00e7\u00e3o reservada \u00e0s Duas Rodas Motrizes (2RM). O piloto de Coimbra conseguiu resistir a todas as \u201cprovoca\u00e7\u00f5es\u201d dos pilotos com viaturas mais potentes, mas o Honda Civic \u201cpactuou\u201d com os objetivos tra\u00e7ados pelo conimbricense, partilhando com o navegador Tiago Silva um triunfo sem m\u00e1cula. Tratou-se de uma prova desafiante para piloto e navegador, terminando a prova promovida pela Promolaf\u00f5es a 2m19,4s de Andr\u00e9 Cabe\u00e7as, e a 3,4 segundos do Porsche 911 GT3 Cup de Paulo Carvalheiro.<\/p>\n<p style=\"text-align: justify;\">Por seu turno, Pedro Pereira Jr., que em Carregal do Sal fez equipa com Helena Maia, aproveitou a prova para ganhar ritmo e, no final, registou o oitavo lugar \u00e0 geral e segundo nas 2RM, a 2m46,0s dos vencedores e a 26,6 segundos de Bruno Pedrosa.<\/p>\n<p style=\"text-align: justify;\">Jo\u00e3o Marcelino e Nuno Mota Ribeiro (Renault Clio RS) e terminaram no nono lugar, a3m01,0s \u2013 terceiros nas 2RM) \u2013, relegando para a 10.\u00aa posi\u00e7\u00e3o Filipe Rodrigues e Ant\u00f3nio Joaquim Pereira, que efetuaram uma prova de excel\u00eancia no fant\u00e1stico Ford Escort S azul, a 3m08,3s.<\/p>\n","protected":false},"excerpt":{"rendered":"<p>Aos comandos de um Ford Fiesta R5, o piloto de Cascais, navegado por Miguel Castro, venceu hoje a primeira edi\u00e7\u00e3o do Rali Espumante do D\u00e3o, quarta ronda dos campeonatos de Rali do Centro e Rali do Centro de 2RM, concluindo as oito especiais com o tempo de 34m08,4s. Apesar de pressionado deste a primeira especial [&hellip;]<\/p>\n","protected":false},"author":2,"featured_media":17386,"comment_status":"closed","ping_status":"open","sticky":false,"template":"","format":"standard","meta":{"_editorskit_title_hidden":false,"_editorskit_reading_time":0,"_editorskit_is_block_options_detached":false,"_editorskit_block_options_position":"{}","om_disable_all_campaigns":false,"_monsterinsights_skip_tracking":false,"_monsterinsights_sitenote_active":false,"_monsterinsights_sitenote_note":"","_monsterinsights_sitenote_category":0,"_uf_show_specific_survey":0,"_uf_disable_surveys":false,"site-sidebar-layout":"default","site-content-layout":"","ast-site-content-layout":"default","site-content-style":"default","site-sidebar-style":"default","ast-global-header-display":"","ast-banner-title-visibility":"","ast-main-header-display":"","ast-hfb-above-header-display":"","ast-hfb-below-header-display":"","ast-hfb-mobile-header-display":"","site-post-title":"","ast-breadcrumbs-content":"","ast-featured-img":"","footer-sml-layout":"","theme-transparent-header-meta":"default","adv-header-id-meta":"","stick-header-meta":"default","header-above-stick-meta":"","header-main-stick-meta":"","header-below-stick-meta":"","astra-migrate-meta-layouts":"set","ast-page-background-enabled":"default","ast-page-background-meta":{"desktop":{"background-color":"","background-image":"","background-repeat":"repeat","background-position":"center center","background-size":"auto","background-attachment":"scroll","background-type":"","background-media":"","overlay-type":"","overlay-color":"","overlay-opacity":"","overlay-gradient":""},"tablet":{"background-color":"","background-image":"","background-repeat":"repeat","background-position":"center center","background-size":"auto","background-attachment":"scroll","background-type":"","background-media":"","overlay-type":"","overlay-color":"","overlay-opacity":"","overlay-gradient":""},"mobile":{"background-color":"","background-image":"","background-repeat":"repeat","background-position":"center center","background-size":"auto","background-attachment":"scroll","background-type":"","background-media":"","overlay-type":"","overlay-color":"","overlay-opacity":"","overlay-gradient":""}},"ast-content-background-meta":{"desktop":{"background-color":"var(--ast-global-color-5)","background-image":"","background-repeat":"repeat","background-position":"center center","background-size":"auto","background-attachment":"scroll","background-type":"","background-media":"","overlay-type":"","overlay-color":"","overlay-opacity":"","overlay-gradient":""},"tablet":{"background-color":"var(--ast-global-color-5)","background-image":"","background-repeat":"repeat","background-position":"center center","background-size":"auto","background-attachment":"scroll","background-type":"","background-media":"","overlay-type":"","overlay-color":"","overlay-opacity":"","overlay-gradient":""},"mobile":{"background-color":"var(--ast-global-color-5)","background-image":"","background-repeat":"repeat","background-position":"center center","background-size":"auto","background-attachment":"scroll","background-type":"","background-media":"","overlay-type":"","overlay-color":"","overlay-opacity":"","overlay-gradient":""}},"footnotes":""},"categories":[11],"tags":[],"class_list":["post-17385","post","type-post","status-publish","format-standard","has-post-thumbnail","hentry","category-noticias"],"aioseo_notices":[],"_links":{"self":[{"href":"https:\/\/contarotacoes.com\/index.php?rest_route=\/wp\/v2\/posts\/17385","targetHints":{"allow":["GET"]}}],"collection":[{"href":"https:\/\/contarotacoes.com\/index.php?rest_route=\/wp\/v2\/posts"}],"about":[{"href":"https:\/\/contarotacoes.com\/index.php?rest_route=\/wp\/v2\/types\/post"}],"author":[{"embeddable":true,"href":"https:\/\/contarotacoes.com\/index.php?rest_route=\/wp\/v2\/users\/2"}],"replies":[{"embeddable":true,"href":"https:\/\/contarotacoes.com\/index.php?rest_route=%2Fwp%2Fv2%2Fcomments&post=17385"}],"version-history":[{"count":1,"href":"https:\/\/contarotacoes.com\/index.php?rest_route=\/wp\/v2\/posts\/17385\/revisions"}],"predecessor-version":[{"id":17387,"href":"https:\/\/contarotacoes.com\/index.php?rest_route=\/wp\/v2\/posts\/17385\/revisions\/17387"}],"wp:featuredmedia":[{"embeddable":true,"href":"https:\/\/contarotacoes.com\/index.php?rest_route=\/wp\/v2\/media\/17386"}],"wp:attachment":[{"href":"https:\/\/contarotacoes.com\/index.php?rest_route=%2Fwp%2Fv2%2Fmedia&parent=17385"}],"wp:term":[{"taxonomy":"category","embeddable":true,"href":"https:\/\/contarotacoes.com\/index.php?rest_route=%2Fwp%2Fv2%2Fcategories&post=17385"},{"taxonomy":"post_tag","embeddable":true,"href":"https:\/\/contarotacoes.com\/index.php?rest_route=%2Fwp%2Fv2%2Ftags&post=17385"}],"curies":[{"name":"wp","href":"https:\/\/api.w.org\/{rel}","templated":true}]}}