{"id":17261,"date":"2025-05-23T19:17:11","date_gmt":"2025-05-23T19:17:11","guid":{"rendered":"https:\/\/contarotacoes.com\/?p=17261"},"modified":"2025-05-23T19:17:11","modified_gmt":"2025-05-23T19:17:11","slug":"ds-no4-faz-a-sua-estreia-mundial-no-ecar-show-em-lisboa","status":"publish","type":"post","link":"https:\/\/contarotacoes.com\/?p=17261","title":{"rendered":"DS N\u00ba4 FAZ A SUA ESTREIA MUNDIAL NO ECAR SHOW EM LISBOA"},"content":{"rendered":"<ul>\n<li style=\"text-align: justify;\"><strong>Apresenta\u00e7\u00e3o do novo DS N\u00ba4 ao p\u00fablico portugu\u00eas em estreia mundial da nova berlina compacta premium.<\/strong><\/li>\n<li style=\"text-align: justify;\"><strong>No espa\u00e7o da DS Automobiles no ECAR SHOW, o novo DS N\u00ba4 partilha o palco com o topo de gama 100% el\u00e9trico DS N\u00ba8.<\/strong><\/li>\n<li style=\"text-align: justify;\"><strong>Aut\u00eantico concentrado da experi\u00eancia da DS Automobiles, o N\u00b04 distingue-se pelo design de excel\u00eancia e pela mais abrangente gama de vers\u00f5es eletrificadas do seu segmento.<\/strong><\/li>\n<li style=\"text-align: justify;\"><strong>Estreia tamb\u00e9m a vers\u00e3o E-TENSE 100% el\u00e9trica para a DS no segmento compacto premium.<\/strong><\/li>\n<\/ul>\n<p style=\"text-align: justify;\">O novo DS N\u00ba4 \u00e9 um dos modelos da Stellantis em grande destaque no \u00e2mbito da edi\u00e7\u00e3o de 2025 do ECAR SHOW \u2013 Sal\u00e3o do Autom\u00f3vel H\u00edbrido e El\u00e9trico, mostrando-se ao p\u00fablico portugu\u00eas pela primeira vez, naquela que \u00e9 igualmente a sua estreia mundial num sal\u00e3o autom\u00f3vel.<\/p>\n<p style=\"text-align: justify;\">A profundamente atualizada berlina compacta premium partilha o espa\u00e7o da DS Automobiles com o novo porta-estandarte 100% el\u00e9trico da marca, o DS N\u00ba8, o SUV Coup\u00e9 topo de gama com autonomia WLTP de 750 quil\u00f3metros.<strong>\u00a0<\/strong><\/p>\n<p style=\"text-align: justify;\"><strong>ESP\u00cdRITO VANGUARDISTA NUMA OFERTA 100% ELETRIFICADA<\/strong><\/p>\n<p style=\"text-align: justify;\">O DS N\u00b04 eleva o seu estatuto com uma dianteira profundamente redesenhada e mais horizontal, unindo tecnologia e eleg\u00e2ncia. A nova grelha de radiador com acabamento preto, ampliada com grande aten\u00e7\u00e3o ao detalhe, acolhe agora uma assinatura luminosa distintiva diretamente inspirada no concept DS E-TENSE PERFORMANCE, bem como na mais recente cria\u00e7\u00e3o da Marca, o N\u00b08. O feixe de luz estende-se desde as extremidades do para-choques at\u00e9 convergir em segmentos no log\u00f3tipo DS iluminado ao centro, conferindo ao N\u00b04 uma presen\u00e7a \u00fanica e um aspeto cativante.<\/p>\n<p style=\"text-align: justify;\">Para a sec\u00e7\u00e3o traseira, os designers da DS Automobiles conceberam uma nova assinatura de ilumina\u00e7\u00e3o, onde a classe volta encontrar-se com tecnologia de vanguarda. A ilumina\u00e7\u00e3o traseira totalmente em LED apresenta uma nova m\u00e1scara &#8220;Dark Chrome&#8221;, sendo real\u00e7ada por escamas gravadas a laser em relevo que captam a luz para criar um efeito visual distinto. Estas luzes est\u00e3o ligadas por uma faixa escura com um acabamento em preto brilhante, refor\u00e7ando a impress\u00e3o de largura.<\/p>\n<p style=\"text-align: justify;\">O DS N\u00b04 ir\u00e1 contar com uma gama in\u00e9dita e abrangente de grupos propulsores eletrificados, assumindo-se como o \u00fanico hatchback multienergias do seu segmento, oferecendo j\u00e1 este ano duas tecnologias adaptadas a todas as utiliza\u00e7\u00f5es: h\u00edbrido auto-carreg\u00e1vel de 145 cavalos e uma nova vers\u00e3o 100% el\u00e9trica com 213 cv e 450 km de autonomia. Em 2026 ser\u00e1 disponibilizada a vers\u00e3o h\u00edbrida plug-in com 225 cavalos e uma autonomia el\u00e9trica em ciclo combinado de 81 km.<\/p>\n<p style=\"text-align: justify;\">Com uma experi\u00eancia de viagem melhorada gra\u00e7as ao conforto de primeira classe, a uma ergonomia redesenhada, cada vez mais fluida e envolvente, em conjunto com uma nova gama de servi\u00e7os conectados para uma maior tranquilidade, o DS N\u00ba4 chega a Portugal no \u00faltimo trimestre deste ano com as vers\u00f5es E-TENSE 100% el\u00e9trico com 213 cv e HYBRID 145 cv.<\/p>\n","protected":false},"excerpt":{"rendered":"<p>Apresenta\u00e7\u00e3o do novo DS N\u00ba4 ao p\u00fablico portugu\u00eas em estreia mundial da nova berlina compacta premium. No espa\u00e7o da DS Automobiles no ECAR SHOW, o novo DS N\u00ba4 partilha o palco com o topo de gama 100% el\u00e9trico DS N\u00ba8. Aut\u00eantico concentrado da experi\u00eancia da DS Automobiles, o N\u00b04 distingue-se pelo design de excel\u00eancia e [&hellip;]<\/p>\n","protected":false},"author":2,"featured_media":17262,"comment_status":"closed","ping_status":"open","sticky":false,"template":"","format":"standard","meta":{"_editorskit_title_hidden":false,"_editorskit_reading_time":0,"_editorskit_is_block_options_detached":false,"_editorskit_block_options_position":"{}","om_disable_all_campaigns":false,"_monsterinsights_skip_tracking":false,"_monsterinsights_sitenote_active":false,"_monsterinsights_sitenote_note":"","_monsterinsights_sitenote_category":0,"_uf_show_specific_survey":0,"_uf_disable_surveys":false,"site-sidebar-layout":"default","site-content-layout":"","ast-site-content-layout":"default","site-content-style":"default","site-sidebar-style":"default","ast-global-header-display":"","ast-banner-title-visibility":"","ast-main-header-display":"","ast-hfb-above-header-display":"","ast-hfb-below-header-display":"","ast-hfb-mobile-header-display":"","site-post-title":"","ast-breadcrumbs-content":"","ast-featured-img":"","footer-sml-layout":"","theme-transparent-header-meta":"default","adv-header-id-meta":"","stick-header-meta":"default","header-above-stick-meta":"","header-main-stick-meta":"","header-below-stick-meta":"","astra-migrate-meta-layouts":"set","ast-page-background-enabled":"default","ast-page-background-meta":{"desktop":{"background-color":"","background-image":"","background-repeat":"repeat","background-position":"center center","background-size":"auto","background-attachment":"scroll","background-type":"","background-media":"","overlay-type":"","overlay-color":"","overlay-opacity":"","overlay-gradient":""},"tablet":{"background-color":"","background-image":"","background-repeat":"repeat","background-position":"center center","background-size":"auto","background-attachment":"scroll","background-type":"","background-media":"","overlay-type":"","overlay-color":"","overlay-opacity":"","overlay-gradient":""},"mobile":{"background-color":"","background-image":"","background-repeat":"repeat","background-position":"center center","background-size":"auto","background-attachment":"scroll","background-type":"","background-media":"","overlay-type":"","overlay-color":"","overlay-opacity":"","overlay-gradient":""}},"ast-content-background-meta":{"desktop":{"background-color":"var(--ast-global-color-5)","background-image":"","background-repeat":"repeat","background-position":"center center","background-size":"auto","background-attachment":"scroll","background-type":"","background-media":"","overlay-type":"","overlay-color":"","overlay-opacity":"","overlay-gradient":""},"tablet":{"background-color":"var(--ast-global-color-5)","background-image":"","background-repeat":"repeat","background-position":"center center","background-size":"auto","background-attachment":"scroll","background-type":"","background-media":"","overlay-type":"","overlay-color":"","overlay-opacity":"","overlay-gradient":""},"mobile":{"background-color":"var(--ast-global-color-5)","background-image":"","background-repeat":"repeat","background-position":"center center","background-size":"auto","background-attachment":"scroll","background-type":"","background-media":"","overlay-type":"","overlay-color":"","overlay-opacity":"","overlay-gradient":""}},"footnotes":""},"categories":[13],"tags":[],"class_list":["post-17261","post","type-post","status-publish","format-standard","has-post-thumbnail","hentry","category-comercio"],"aioseo_notices":[],"_links":{"self":[{"href":"https:\/\/contarotacoes.com\/index.php?rest_route=\/wp\/v2\/posts\/17261","targetHints":{"allow":["GET"]}}],"collection":[{"href":"https:\/\/contarotacoes.com\/index.php?rest_route=\/wp\/v2\/posts"}],"about":[{"href":"https:\/\/contarotacoes.com\/index.php?rest_route=\/wp\/v2\/types\/post"}],"author":[{"embeddable":true,"href":"https:\/\/contarotacoes.com\/index.php?rest_route=\/wp\/v2\/users\/2"}],"replies":[{"embeddable":true,"href":"https:\/\/contarotacoes.com\/index.php?rest_route=%2Fwp%2Fv2%2Fcomments&post=17261"}],"version-history":[{"count":1,"href":"https:\/\/contarotacoes.com\/index.php?rest_route=\/wp\/v2\/posts\/17261\/revisions"}],"predecessor-version":[{"id":17263,"href":"https:\/\/contarotacoes.com\/index.php?rest_route=\/wp\/v2\/posts\/17261\/revisions\/17263"}],"wp:featuredmedia":[{"embeddable":true,"href":"https:\/\/contarotacoes.com\/index.php?rest_route=\/wp\/v2\/media\/17262"}],"wp:attachment":[{"href":"https:\/\/contarotacoes.com\/index.php?rest_route=%2Fwp%2Fv2%2Fmedia&parent=17261"}],"wp:term":[{"taxonomy":"category","embeddable":true,"href":"https:\/\/contarotacoes.com\/index.php?rest_route=%2Fwp%2Fv2%2Fcategories&post=17261"},{"taxonomy":"post_tag","embeddable":true,"href":"https:\/\/contarotacoes.com\/index.php?rest_route=%2Fwp%2Fv2%2Ftags&post=17261"}],"curies":[{"name":"wp","href":"https:\/\/api.w.org\/{rel}","templated":true}]}}