{"id":17252,"date":"2025-05-23T19:09:03","date_gmt":"2025-05-23T19:09:03","guid":{"rendered":"https:\/\/contarotacoes.com\/?p=17252"},"modified":"2025-05-23T19:09:03","modified_gmt":"2025-05-23T19:09:03","slug":"manuel-alves-preparado-para-novo-desafio-em-monteblanco","status":"publish","type":"post","link":"https:\/\/contarotacoes.com\/?p=17252","title":{"rendered":"Manuel Alves preparado para novo desafio em Monteblanco"},"content":{"rendered":"<ul style=\"font-weight: 400;\">\n<li style=\"text-align: justify;\"><strong>Depois de uma excelente arrancada de temporada, o piloto da Trofa chega \u00e0 Monteblanco empatado na lideran\u00e7a da categoria 992 e isolado na frente da classe Pro-Am<br \/>\n<\/strong><\/li>\n<li style=\"text-align: justify;\"><strong>O Circuito Espanhol \u00e9 completamente novo para piloto e equipe, que ter\u00e1 de se adaptar rapidamente \u00e0s exig\u00eancias do tra\u00e7ado<br \/>\n<\/strong><\/li>\n<li style=\"text-align: justify;\"><strong>Objetivo passa por manter consist\u00eancia, lutar por vit\u00f3rias e consolidar a lideran\u00e7a<\/strong><\/li>\n<\/ul>\n<p style=\"font-weight: 400; text-align: justify;\">Depois de uma partida deveras promissora no Aut\u00f3dromo Internacional do Algarve, Manuel Alves est\u00e1 pronto para enfrentar a segunda jornada do competitivo Porsche Sprint Challenge Ib\u00e9rica, que ocorre de 23 a 25 de maio, no Circuito de Monteblanco, em Espanha.<\/p>\n<p style=\"font-weight: 400; text-align: justify;\">O piloto da LOB Motorsport chega esta rodada empatado na lideran\u00e7a da categoria 992 com Dylan Pereira, mas isolado no topo da classifica\u00e7\u00e3o Pro-Am. Ap\u00f3s um fim de semana extremamente competitivo em Portim\u00e3o, Alves mant\u00e9m o foco na luta pelas vit\u00f3rias e na consist\u00eancia de resultados, confirmando, no entanto, os desafios que um tra\u00e7ado novo pode apresentar.<\/p>\n<p style=\"font-weight: 400; text-align: justify;\"><strong>&#8220;Encontramo-nos na primeira posi\u00e7\u00e3o da categoria 992, empatados em pontos com o Dylan, e na primeira posi\u00e7\u00e3o isolados na categoria Pro-Am. Precisamos de outro fim de semana forte, e vamos tentar que seja ainda melhor do que o de Portim\u00e3o. Monteblanco \u00e9 uma pista completamente nova para n\u00f3s. Nunca corremos l\u00e1, mas tempo de pista na sexta-feira, com os treinos privados, para a conhecer e encontrar o melhor compromisso de afina\u00e7\u00e3o&#8221;<\/strong>\u00a0, destacou Manuel Alves.<\/p>\n<p style=\"font-weight: 400; text-align: justify;\">O piloto da Trofa sublinha a import\u00e2ncia de manter o foco no pr\u00f3prio trabalho, depois de ter sa\u00eddo da ronda algarvia extremamente satisfeito com a evolu\u00e7\u00e3o feita no carro e com o trabalho realizado pela equipa:\u00a0<strong>&#8220;Vamos lutar pelas vit\u00f3rias e tentar ser o mais competitivos poss\u00edveis. Primeiro, temos de nos concentrar apenas no nosso trabalho e tentar fazer o melhor poss\u00edvel para depois, sim, perceber onde nos posicionamos para lutar pelos triunfos.&#8221;<\/strong><\/p>\n<p style=\"font-weight: 400; text-align: justify;\">Com o campeonato a revelar-se extremamente equilibrado nas posi\u00e7\u00f5es da frente, Alves est\u00e1 consciente das exig\u00eancias do desafio:\u00a0<strong>\u201cJ\u00e1 sabemos que a concorr\u00eancia \u00e9 muito forte. Este ano o campeonato est\u00e1 muito nivelado, especialmente entre os tr\u00eas ou quatro carros da frente. Por isso, temos de estar no nosso melhor para conseguir manter-nos na luta.\u201d<\/strong><\/p>\n<p style=\"font-weight: 400; text-align: justify;\">A jornada de Monteblanco ser\u00e1 ainda mais especial para Manuel Alves, uma vez que o evento ser\u00e1 partilhado com o Campeonato de Portugal de Cl\u00e1ssicos, onde estar\u00e1 presente o seu pai:<\/p>\n<p style=\"font-weight: 400; text-align: justify;\"><strong>&#8220;Vai ser um fim de semana um pouco diferente. O programa da Porsche Sprint Challenge Ib\u00e9rica vai ser partilhado com a ANPAC, e vou ter o privil\u00e9gio de dividir o fim de semana com o meu pai, que vai estar a correr nos Cl\u00e1ssicos. J\u00e1 \u00e9 habitual termos um ambiente familiar nas corridas, mas desta vez vai ser ainda mais especial. Espero que ele se divirta, que \u00e9 o mais importante&#8221;<\/strong>\u00a0, concluiu o piloto.<\/p>\n<p style=\"font-weight: 400; text-align: justify;\">O Circuito de Monteblanco, localizado em La Palma del Condado, na prov\u00edncia de Huelva, sul de Espanha, a cerca de 50 km de Sevilha, \u00e9 um aut\u00f3dromo moderno e inaugurado em 2006. O tra\u00e7ado principal tem 4.430 metros (podendo variar at\u00e9 4.458 metros em algumas configura\u00e7\u00f5es), 18 curvas e uma reta principal com 960 metros de comprimento. Com homologa\u00e7\u00e3o FIA Grau 2, pode acolher corridas at\u00e9 \u00e0 categoria GP2 e testes de F\u00f3rmula 1.O circuito conta com 26 variantes poss\u00edveis e permite o uso simult\u00e2neo de dois tra\u00e7ados independentes. Em 2023 foi pavimentado, melhorando a qualidade do tra\u00e7ado.<\/p>\n<p style=\"font-weight: 400; text-align: justify;\">Com um arranque de \u00e9poca positivo, a motiva\u00e7\u00e3o de Manuel Alves \u00e9 clara: continuar a evoluir com o Porsche 992 GT3 Cup e manter-se na luta pelo t\u00edtulo em ambas as classifica\u00e7\u00f5es.<\/p>\n","protected":false},"excerpt":{"rendered":"<p>Depois de uma excelente arrancada de temporada, o piloto da Trofa chega \u00e0 Monteblanco empatado na lideran\u00e7a da categoria 992 e isolado na frente da classe Pro-Am O Circuito Espanhol \u00e9 completamente novo para piloto e equipe, que ter\u00e1 de se adaptar rapidamente \u00e0s exig\u00eancias do tra\u00e7ado Objetivo passa por manter consist\u00eancia, lutar por vit\u00f3rias [&hellip;]<\/p>\n","protected":false},"author":2,"featured_media":17253,"comment_status":"closed","ping_status":"open","sticky":false,"template":"","format":"standard","meta":{"_editorskit_title_hidden":false,"_editorskit_reading_time":0,"_editorskit_is_block_options_detached":false,"_editorskit_block_options_position":"{}","om_disable_all_campaigns":false,"_monsterinsights_skip_tracking":false,"_monsterinsights_sitenote_active":false,"_monsterinsights_sitenote_note":"","_monsterinsights_sitenote_category":0,"_uf_show_specific_survey":0,"_uf_disable_surveys":false,"site-sidebar-layout":"default","site-content-layout":"","ast-site-content-layout":"default","site-content-style":"default","site-sidebar-style":"default","ast-global-header-display":"","ast-banner-title-visibility":"","ast-main-header-display":"","ast-hfb-above-header-display":"","ast-hfb-below-header-display":"","ast-hfb-mobile-header-display":"","site-post-title":"","ast-breadcrumbs-content":"","ast-featured-img":"","footer-sml-layout":"","theme-transparent-header-meta":"default","adv-header-id-meta":"","stick-header-meta":"default","header-above-stick-meta":"","header-main-stick-meta":"","header-below-stick-meta":"","astra-migrate-meta-layouts":"set","ast-page-background-enabled":"default","ast-page-background-meta":{"desktop":{"background-color":"","background-image":"","background-repeat":"repeat","background-position":"center center","background-size":"auto","background-attachment":"scroll","background-type":"","background-media":"","overlay-type":"","overlay-color":"","overlay-opacity":"","overlay-gradient":""},"tablet":{"background-color":"","background-image":"","background-repeat":"repeat","background-position":"center center","background-size":"auto","background-attachment":"scroll","background-type":"","background-media":"","overlay-type":"","overlay-color":"","overlay-opacity":"","overlay-gradient":""},"mobile":{"background-color":"","background-image":"","background-repeat":"repeat","background-position":"center center","background-size":"auto","background-attachment":"scroll","background-type":"","background-media":"","overlay-type":"","overlay-color":"","overlay-opacity":"","overlay-gradient":""}},"ast-content-background-meta":{"desktop":{"background-color":"var(--ast-global-color-5)","background-image":"","background-repeat":"repeat","background-position":"center center","background-size":"auto","background-attachment":"scroll","background-type":"","background-media":"","overlay-type":"","overlay-color":"","overlay-opacity":"","overlay-gradient":""},"tablet":{"background-color":"var(--ast-global-color-5)","background-image":"","background-repeat":"repeat","background-position":"center center","background-size":"auto","background-attachment":"scroll","background-type":"","background-media":"","overlay-type":"","overlay-color":"","overlay-opacity":"","overlay-gradient":""},"mobile":{"background-color":"var(--ast-global-color-5)","background-image":"","background-repeat":"repeat","background-position":"center center","background-size":"auto","background-attachment":"scroll","background-type":"","background-media":"","overlay-type":"","overlay-color":"","overlay-opacity":"","overlay-gradient":""}},"footnotes":""},"categories":[11],"tags":[],"class_list":["post-17252","post","type-post","status-publish","format-standard","has-post-thumbnail","hentry","category-noticias"],"aioseo_notices":[],"_links":{"self":[{"href":"https:\/\/contarotacoes.com\/index.php?rest_route=\/wp\/v2\/posts\/17252","targetHints":{"allow":["GET"]}}],"collection":[{"href":"https:\/\/contarotacoes.com\/index.php?rest_route=\/wp\/v2\/posts"}],"about":[{"href":"https:\/\/contarotacoes.com\/index.php?rest_route=\/wp\/v2\/types\/post"}],"author":[{"embeddable":true,"href":"https:\/\/contarotacoes.com\/index.php?rest_route=\/wp\/v2\/users\/2"}],"replies":[{"embeddable":true,"href":"https:\/\/contarotacoes.com\/index.php?rest_route=%2Fwp%2Fv2%2Fcomments&post=17252"}],"version-history":[{"count":1,"href":"https:\/\/contarotacoes.com\/index.php?rest_route=\/wp\/v2\/posts\/17252\/revisions"}],"predecessor-version":[{"id":17254,"href":"https:\/\/contarotacoes.com\/index.php?rest_route=\/wp\/v2\/posts\/17252\/revisions\/17254"}],"wp:featuredmedia":[{"embeddable":true,"href":"https:\/\/contarotacoes.com\/index.php?rest_route=\/wp\/v2\/media\/17253"}],"wp:attachment":[{"href":"https:\/\/contarotacoes.com\/index.php?rest_route=%2Fwp%2Fv2%2Fmedia&parent=17252"}],"wp:term":[{"taxonomy":"category","embeddable":true,"href":"https:\/\/contarotacoes.com\/index.php?rest_route=%2Fwp%2Fv2%2Fcategories&post=17252"},{"taxonomy":"post_tag","embeddable":true,"href":"https:\/\/contarotacoes.com\/index.php?rest_route=%2Fwp%2Fv2%2Ftags&post=17252"}],"curies":[{"name":"wp","href":"https:\/\/api.w.org\/{rel}","templated":true}]}}