{"id":17203,"date":"2025-05-22T14:31:59","date_gmt":"2025-05-22T14:31:59","guid":{"rendered":"https:\/\/contarotacoes.com\/?p=17203"},"modified":"2025-05-22T14:31:59","modified_gmt":"2025-05-22T14:31:59","slug":"monteblanco-e-o-desafio-que-se-segue-para-a-armada-da-porsche-sprint-challenge-iberica","status":"publish","type":"post","link":"https:\/\/contarotacoes.com\/?p=17203","title":{"rendered":"Monteblanco \u00e9 o desafio que se segue para a \u2018armada\u2019 da Porsche Sprint Challenge Ib\u00e9rica"},"content":{"rendered":"<p style=\"text-align: justify;\"><strong>Ser\u00e1 na solarenga Andaluzia que come\u00e7a a sequ\u00eancia de quatro rondas em territ\u00f3rio espanhol no calend\u00e1rio 2025 da Porsche Sprint Challenge Ib\u00e9rica 2025 (PSCI), sendo grande a expectativa quanto a esta estreia da competi\u00e7\u00e3o no Circuito de Monteblanco.<\/strong><strong>\u00a0<\/strong><\/p>\n<p style=\"text-align: justify;\">20 pilotos de quatro nacionalidades v\u00e3o lan\u00e7ar-se \u00e0 conquista da gl\u00f3ria, sendo de antever fortes duelos nas 3 corridas pela supremacia na geral e na luta pelos pontos vitais nas corridas aos t\u00edtulos nas duas categorias.<\/p>\n<p style=\"text-align: justify;\"><strong>\u201cEst\u00e1 tudo reunido para termos um fim-de-semana em cheio!&#8230;\u201d,<\/strong> afirma Jos\u00e9 Monroy, Series Manager da Porsche Sprint Challenge Ib\u00e9rica 2025, que espera <strong>\u201cmuita intensidade em pista. Temos um pelot\u00e3o com vinte pilotos, incluindo algumas novidades que v\u00eam acrescentar ainda mais qualidade a uma lista de participantes de grande n\u00edvel e estamos tamb\u00e9m felizes por proporcionar \u00e0s equipas e aos pilotos um fim-de-semana de competi\u00e7\u00e3o num circuito novo, desafiante e com excelentes condi\u00e7\u00f5es. O arranque da \u00e9poca em Portim\u00e3o com as tr\u00eas corridas a terem equipas e pilotos diferentes a vencer, demonstraram a enorme competitividade que temos no pelot\u00e3o da PSCI e estou convicto de que este fim-de-semana vai ser t\u00e3o ou mais emocionante\u201d<\/strong>.<\/p>\n<p style=\"text-align: justify;\"><strong>Categoria 2: Dylan Pereira encabe\u00e7a lista forte de favoritos<\/strong><\/p>\n<p style=\"text-align: justify;\">\u00c9 um verdadeiro plantel de luxo aquele que ostenta a Categoria 2, reservada aos Porsche 992 GT3 Cup e que estar\u00e1 em pista para discutir a supremacia na frente das tr\u00eas corridas do fim-de-semana andaluz. Nas duas Sprint Race do programa, os pilotos concentram-se na discuss\u00e3o do t\u00edtulo individual que est\u00e1 em jogo, com os que correm a solo a fazerem as duas corridas, enquanto as duplas se revezam. Depois, \u00e9 juntar for\u00e7as e, em dupla, ter foco total para defender as suas equipas na Endurance Race, palco de uma batalha por um apetec\u00edvel t\u00edtulo coletivo.<\/p>\n<p style=\"text-align: justify;\">A AF &amp; V Motorsport volta a fazer alinhar a dupla constitu\u00edda por Dylan Pereira e Andr\u00e9 Fernandes. O luso-luxemburgu\u00eas \u00e9, em circunst\u00e2ncias normais, o piloto mais r\u00e1pido do pelot\u00e3o e Fernandes tem sido capaz de evoluir a ponto de ser nos dias que correm um piloto a ter em conta na discuss\u00e3o dos lugares do p\u00f3dio. Juntos, v\u00e3o querer repetir o triunfo que deram \u00e0 sua equipa na primeira Endurance Race da temporada, sendo aqui claramente favoritos, embora esse favoritismo n\u00e3o seja total, at\u00e9 porque a concorr\u00eancia ser\u00e1 feroz&#8230;<\/p>\n<p style=\"text-align: justify;\">E a oposi\u00e7\u00e3o vem logo do campe\u00e3o em t\u00edtulo, Manuel Alves. O portugu\u00eas da LOB Motorsport venceu a Sprint Race 1 em Portim\u00e3o, sendo segundo nas outras duas corridas e vai querer fazer igual ou melhor em Monteblanco. Nas mesmas circunst\u00e2ncias estar\u00e1 a dupla da GT Corse formada por Alejandro Barambio e Borja Garcia. Os dois espanh\u00f3is s\u00e3o muito r\u00e1pidos e v\u00eam de um resultado de grande n\u00edvel em Portim\u00e3o: Barambio foi 2\u00ba na Sprint Race 1, Garcia venceu a Sprint Race 2 e, em dupla, colocaram a equipa no p\u00f3dio da corrida mais longa.<\/p>\n<p style=\"text-align: justify;\">Grande expectativa com o que poder\u00e1 fazer a segunda dupla da AF &amp; V Motorsport. Jos\u00e9 Barros foi muito r\u00e1pido em Portim\u00e3o e Nuno Baptista demonstrou uma enorme capacidade de evolu\u00e7\u00e3o neste seu ano inaugural na PSCI. Podem claramente discutir os lugares de p\u00f3dio nas tr\u00eas corridas, alargando assim o leque de favoritos aos lugares cimeiros.<\/p>\n<p style=\"text-align: justify;\">Correndo a solo, Jo\u00e3o Macedo e Silva tem a responsabilidade de ser o \u00fanico representante da Monteiros Competi\u00e7\u00f5es na Categoria 2. R\u00e1pido e eficaz, o piloto portugu\u00eas tem tudo para discutir taco-a-taco os lugares da frente, mesmo que estes sejam poucos para tantos pretendentes.<\/p>\n<p style=\"text-align: justify;\">J\u00e1 a RGB Racing estar\u00e1 em pista com dois carros, entregues aos espanh\u00f3is Jorge Ramirez e Daniel Garcia, sendo de esperar que almejem tamb\u00e9m se imiscuir na refrega pelo Top 5. A Skualko Competi\u00e7\u00f5es \u00e9 a equipa estreante desta jornada. Alinha com a dupla constitu\u00edda pelo espanhol Henk Van Zoest e pelo portugu\u00eas Filipe Nascimento.<\/p>\n<p style=\"text-align: justify;\">Por seu lado, Francisca Queiroz (LOB Motorsport) apresenta-se em Monteblanco altamente motivada pela forte exibi\u00e7\u00e3o e resultados de alto n\u00edvel que obteve em Portim\u00e3o. Claramente favorita nas contas da Ladies Cup, \u2018Kika\u2019 Queir\u00f3s tudo far\u00e1 para lutar pelos lugares cimeiros na categoria.<\/p>\n<p style=\"text-align: justify;\"><strong>Categoria 1: Chloe Grant \u00e9 a grande novidade<\/strong><\/p>\n<p style=\"text-align: justify;\">S\u00e3o 5 as equipas e 7 os pilotos que v\u00e3o digladiar-se pela primazia na Categoria 1, reservada aos Porsche 991 GT3 Cup, nas variantes 991.1 e 991.2.<\/p>\n<p style=\"text-align: justify;\">Na linha da frente do favoritismo est\u00e1 claramente Nuno Inoc\u00eancio. O piloto que tripula o \u00fanico 991.2 desta categoria dominou a seu belo prazer a jornada em Portim\u00e3o, vencendo as duas corridas Sprint e dando \u00e0 Monteiros Competi\u00e7\u00f5es a vit\u00f3ria na Endurance Race.<\/p>\n<p style=\"text-align: justify;\">Para tentar contestar o seu previs\u00edvel dom\u00ednio, apresenta-se a combate o seu colega de equipa Rui Miritta, que j\u00e1 demonstrou ter andamento para lutar pelas vit\u00f3rias, sendo de esperar que quer a terceira dupla da equipa, constitu\u00edda por Alexandre Fonseca e Andr\u00e9 Marques, quer o espanhol Pablo Hern\u00e1ndez (RGB Racing Team) ambicionem ter uma palavra a dizer.<\/p>\n<p style=\"text-align: justify;\">Destaque para a grande novidade que vem das ilhas brit\u00e2nicas, com a jovem Chloe Grant a unir for\u00e7as \u00e0 espanhola Maria Sanches Iglesias no quarto carro da Monteiros Competi\u00e7\u00f5es. As duas v\u00e3o medir for\u00e7as com Francisca Queir\u00f3s, numa cada vez mais animada Ladies Cup e, ambas, querer\u00e3o repetir o feito da piloto espanhola na Sprint Race 2 de Portim\u00e3o, onde subiu ao p\u00f3dio da Categoria 1.<\/p>\n<p style=\"text-align: justify;\">O programa oficial desta segunda ronda da edi\u00e7\u00e3o 2025 da Porsche Sprint Challenge Ib\u00e9rica contempla dois dia em pista. A jornada de s\u00e1bado, 24 de maio, incluir\u00e1 duas sess\u00f5es de treinos livres, ambas com 20 minutos de dura\u00e7\u00e3o, que decorrer\u00e3o durante a manh\u00e3. \u00c0s 12:35 arrancar\u00e1 a Qualifica\u00e7\u00e3o 1 (15 minutos), com a Qualifica\u00e7\u00e3o 2 (15 minutos) a decorrer pelas 14:30, antecedendo a primeira corrida do fim-de-semana, a Sprint Race 1 (20 minutos + 1 volta), que arrancar\u00e1 \u00e0s 16:45. No domingo, a Sprint Race 2 (20 minutos + 1 volta) ter\u00e1 lugar \u00e0s 10:40, com a Endurance Race (50 minutos) a ter lugar \u00e0s 14:10, com o hor\u00e1rio a obedecer \u00e0 hora oficial espanhola.<\/p>\n<p style=\"text-align: justify;\"><strong>\u00a0<\/strong><\/p>\n","protected":false},"excerpt":{"rendered":"<p>Ser\u00e1 na solarenga Andaluzia que come\u00e7a a sequ\u00eancia de quatro rondas em territ\u00f3rio espanhol no calend\u00e1rio 2025 da Porsche Sprint Challenge Ib\u00e9rica 2025 (PSCI), sendo grande a expectativa quanto a esta estreia da competi\u00e7\u00e3o no Circuito de Monteblanco.\u00a0 20 pilotos de quatro nacionalidades v\u00e3o lan\u00e7ar-se \u00e0 conquista da gl\u00f3ria, sendo de antever fortes duelos nas [&hellip;]<\/p>\n","protected":false},"author":2,"featured_media":17204,"comment_status":"closed","ping_status":"open","sticky":false,"template":"","format":"standard","meta":{"_editorskit_title_hidden":false,"_editorskit_reading_time":0,"_editorskit_is_block_options_detached":false,"_editorskit_block_options_position":"{}","om_disable_all_campaigns":false,"_monsterinsights_skip_tracking":false,"_monsterinsights_sitenote_active":false,"_monsterinsights_sitenote_note":"","_monsterinsights_sitenote_category":0,"_uf_show_specific_survey":0,"_uf_disable_surveys":false,"site-sidebar-layout":"default","site-content-layout":"","ast-site-content-layout":"default","site-content-style":"default","site-sidebar-style":"default","ast-global-header-display":"","ast-banner-title-visibility":"","ast-main-header-display":"","ast-hfb-above-header-display":"","ast-hfb-below-header-display":"","ast-hfb-mobile-header-display":"","site-post-title":"","ast-breadcrumbs-content":"","ast-featured-img":"","footer-sml-layout":"","theme-transparent-header-meta":"default","adv-header-id-meta":"","stick-header-meta":"default","header-above-stick-meta":"","header-main-stick-meta":"","header-below-stick-meta":"","astra-migrate-meta-layouts":"set","ast-page-background-enabled":"default","ast-page-background-meta":{"desktop":{"background-color":"","background-image":"","background-repeat":"repeat","background-position":"center center","background-size":"auto","background-attachment":"scroll","background-type":"","background-media":"","overlay-type":"","overlay-color":"","overlay-opacity":"","overlay-gradient":""},"tablet":{"background-color":"","background-image":"","background-repeat":"repeat","background-position":"center center","background-size":"auto","background-attachment":"scroll","background-type":"","background-media":"","overlay-type":"","overlay-color":"","overlay-opacity":"","overlay-gradient":""},"mobile":{"background-color":"","background-image":"","background-repeat":"repeat","background-position":"center center","background-size":"auto","background-attachment":"scroll","background-type":"","background-media":"","overlay-type":"","overlay-color":"","overlay-opacity":"","overlay-gradient":""}},"ast-content-background-meta":{"desktop":{"background-color":"var(--ast-global-color-5)","background-image":"","background-repeat":"repeat","background-position":"center center","background-size":"auto","background-attachment":"scroll","background-type":"","background-media":"","overlay-type":"","overlay-color":"","overlay-opacity":"","overlay-gradient":""},"tablet":{"background-color":"var(--ast-global-color-5)","background-image":"","background-repeat":"repeat","background-position":"center center","background-size":"auto","background-attachment":"scroll","background-type":"","background-media":"","overlay-type":"","overlay-color":"","overlay-opacity":"","overlay-gradient":""},"mobile":{"background-color":"var(--ast-global-color-5)","background-image":"","background-repeat":"repeat","background-position":"center center","background-size":"auto","background-attachment":"scroll","background-type":"","background-media":"","overlay-type":"","overlay-color":"","overlay-opacity":"","overlay-gradient":""}},"footnotes":""},"categories":[11],"tags":[],"class_list":["post-17203","post","type-post","status-publish","format-standard","has-post-thumbnail","hentry","category-noticias"],"aioseo_notices":[],"_links":{"self":[{"href":"https:\/\/contarotacoes.com\/index.php?rest_route=\/wp\/v2\/posts\/17203","targetHints":{"allow":["GET"]}}],"collection":[{"href":"https:\/\/contarotacoes.com\/index.php?rest_route=\/wp\/v2\/posts"}],"about":[{"href":"https:\/\/contarotacoes.com\/index.php?rest_route=\/wp\/v2\/types\/post"}],"author":[{"embeddable":true,"href":"https:\/\/contarotacoes.com\/index.php?rest_route=\/wp\/v2\/users\/2"}],"replies":[{"embeddable":true,"href":"https:\/\/contarotacoes.com\/index.php?rest_route=%2Fwp%2Fv2%2Fcomments&post=17203"}],"version-history":[{"count":1,"href":"https:\/\/contarotacoes.com\/index.php?rest_route=\/wp\/v2\/posts\/17203\/revisions"}],"predecessor-version":[{"id":17205,"href":"https:\/\/contarotacoes.com\/index.php?rest_route=\/wp\/v2\/posts\/17203\/revisions\/17205"}],"wp:featuredmedia":[{"embeddable":true,"href":"https:\/\/contarotacoes.com\/index.php?rest_route=\/wp\/v2\/media\/17204"}],"wp:attachment":[{"href":"https:\/\/contarotacoes.com\/index.php?rest_route=%2Fwp%2Fv2%2Fmedia&parent=17203"}],"wp:term":[{"taxonomy":"category","embeddable":true,"href":"https:\/\/contarotacoes.com\/index.php?rest_route=%2Fwp%2Fv2%2Fcategories&post=17203"},{"taxonomy":"post_tag","embeddable":true,"href":"https:\/\/contarotacoes.com\/index.php?rest_route=%2Fwp%2Fv2%2Ftags&post=17203"}],"curies":[{"name":"wp","href":"https:\/\/api.w.org\/{rel}","templated":true}]}}