{"id":17128,"date":"2025-05-21T15:27:45","date_gmt":"2025-05-21T15:27:45","guid":{"rendered":"https:\/\/contarotacoes.com\/?p=17128"},"modified":"2025-05-21T15:27:45","modified_gmt":"2025-05-21T15:27:45","slug":"jose-rodrigues-o-titulo-nacional-dos-gt-e-o-nosso-alvo","status":"publish","type":"post","link":"https:\/\/contarotacoes.com\/?p=17128","title":{"rendered":"Jos\u00e9 Rodrigues: \u201co t\u00edtulo nacional dos GT \u00e9 o nosso alvo!\u201d"},"content":{"rendered":"<p style=\"text-align: justify;\"><strong>A primeira parte da \u00e9poca 2025 do Campeonato de Portugal de Montanha JC Group est\u00e1 a ser imaculada para Jos\u00e9 Rodrigues. O piloto de Braga tem dominado a Categoria GT e saiu da Rampa Internacional da Falperra com a sua candidatura ao t\u00edtulo cada vez mais refor\u00e7ada.<\/strong><\/p>\n<p style=\"text-align: justify;\">Num fim-de-semana exigente e ref\u00e9m da \u201croleta meteorol\u00f3gica\u201d que condicionou grandemente o desenrolar competitivo da prova, Jos\u00e9 Rodrigues esteve sempre entre os pilotos que mais competitividade ostentaram, voltando a demonstrar um excelente momento de forma que o torna dif\u00edcil de bater.<\/p>\n<p style=\"text-align: justify;\">A presen\u00e7a na prova internacional realizada na Cidade dos Arcebispos correspondeu \u00e0 sua estreia aos comandos de um Porsche 992 GT3 Cup preparado pela Racar Motorsport e o r\u00e1pido piloto de Braga assume que <strong>\u201cestrear o Porsche na Falperra foi um grande desafio. Mesmo correndo em casa, esta aposta fez-nos passar por um processo de adapta\u00e7\u00e3o, pois neste carro \u00e9 tudo diferente. Ainda para mais, foi uma prova muito exigente, com condi\u00e7\u00f5es climat\u00e9ricas dif\u00edceis, inst\u00e1veis, obrigando-nos a uma concentra\u00e7\u00e3o total e a um trabalho de equipa muito intenso\u201d.<\/strong><\/p>\n<p style=\"text-align: justify;\">O piloto bracarense sente-se<strong> \u201cmuito feliz pela forma como me adaptei ao carro. Fui sempre competitivo e consegui ser o mais r\u00e1pido \u00e0 chuva de todos os pilotos em pista com carros da categoria GT, nacionais ou estrangeiros, algo que considero ser incr\u00edvel, para quem nunca tinha guiado em competi\u00e7\u00e3o um Porsche 992 GT3 Cup\u201d<\/strong>.<\/p>\n<p style=\"text-align: justify;\">O fim de semana na prova do Clube Autom\u00f3vel do Minho revelou-se uma excelente opera\u00e7\u00e3o para o campeonato:<strong> \u201ccumprimos o nossos grande objetivo: vencer entre os candidatos ao t\u00edtulo da Categoria GT e voltar a amealhar a pontua\u00e7\u00e3o total. Assim, dilatamos ainda mais a nossa vantagem pontual para o V\u00edtor Pascoal, que \u00e9 agora de 18 pontos. E s\u00f3 n\u00e3o vencemos \u00e0 geral entre os GT porque, na \u00faltima subida de prova, alinhei com slicks e as condi\u00e7\u00f5es n\u00e3o me permitiram andar como queria. O Carlos Vieira, meu principal advers\u00e1rio, alinhava tamb\u00e9m no Europeu e subiu numa altura diferente. Estou convicto de que os 5 d\u00e9cimos de segundo que nos separaram no final poderiam ter sido anulados. Parab\u00e9ns a ele pelo triunfo\u201d<\/strong>.<\/p>\n<p style=\"text-align: justify;\">Mas, Jos\u00e9 Rodrigues alerta que<strong> \u201cnada est\u00e1 ganho. Este campeonato tem tudo para ser muito competitivo e vamos querer dar continuidade a esta senda de vit\u00f3rias j\u00e1 na Serra da Estrela, para podermos terminar a primeira parte da temporada com a lideran\u00e7a mais refor\u00e7ada. Ser\u00e1 a melhor forma de agradecer aos meus patrocinadores por acreditarem em mim. Quero muito devolver-lhes a confian\u00e7a com a conquista do t\u00edtulo nacional!\u201d<\/strong><\/p>\n<p style=\"text-align: justify;\">Durante os dois dias, Jos\u00e9 Rodrigues desempenhou ainda um importante papel como piloto de testes da Michelin: <strong>\u201cfui convidado pela Michelin Motosport para ajudar a desenvolver um novo pneu que ainda n\u00e3o est\u00e1 no mercado. Foi uma responsabilidade que muito me honra e que exigiu de mim trabalho e foco extras para poder transmitir o m\u00e1ximo de informa\u00e7\u00e3o \u00e0 marca\u201d<\/strong>.<\/p>\n<p style=\"text-align: justify;\">A Rampa da Serra da Estrela realiza-se nos dias 31 de maio e 1 de junho, sob a \u00e9gide organizativa do CAMI Motorsport.<\/p>\n","protected":false},"excerpt":{"rendered":"<p>A primeira parte da \u00e9poca 2025 do Campeonato de Portugal de Montanha JC Group est\u00e1 a ser imaculada para Jos\u00e9 Rodrigues. O piloto de Braga tem dominado a Categoria GT e saiu da Rampa Internacional da Falperra com a sua candidatura ao t\u00edtulo cada vez mais refor\u00e7ada. Num fim-de-semana exigente e ref\u00e9m da \u201croleta meteorol\u00f3gica\u201d [&hellip;]<\/p>\n","protected":false},"author":2,"featured_media":17129,"comment_status":"closed","ping_status":"open","sticky":false,"template":"","format":"standard","meta":{"_editorskit_title_hidden":false,"_editorskit_reading_time":0,"_editorskit_is_block_options_detached":false,"_editorskit_block_options_position":"{}","om_disable_all_campaigns":false,"_monsterinsights_skip_tracking":false,"_monsterinsights_sitenote_active":false,"_monsterinsights_sitenote_note":"","_monsterinsights_sitenote_category":0,"_uf_show_specific_survey":0,"_uf_disable_surveys":false,"site-sidebar-layout":"default","site-content-layout":"","ast-site-content-layout":"default","site-content-style":"default","site-sidebar-style":"default","ast-global-header-display":"","ast-banner-title-visibility":"","ast-main-header-display":"","ast-hfb-above-header-display":"","ast-hfb-below-header-display":"","ast-hfb-mobile-header-display":"","site-post-title":"","ast-breadcrumbs-content":"","ast-featured-img":"","footer-sml-layout":"","theme-transparent-header-meta":"default","adv-header-id-meta":"","stick-header-meta":"default","header-above-stick-meta":"","header-main-stick-meta":"","header-below-stick-meta":"","astra-migrate-meta-layouts":"set","ast-page-background-enabled":"default","ast-page-background-meta":{"desktop":{"background-color":"","background-image":"","background-repeat":"repeat","background-position":"center center","background-size":"auto","background-attachment":"scroll","background-type":"","background-media":"","overlay-type":"","overlay-color":"","overlay-opacity":"","overlay-gradient":""},"tablet":{"background-color":"","background-image":"","background-repeat":"repeat","background-position":"center center","background-size":"auto","background-attachment":"scroll","background-type":"","background-media":"","overlay-type":"","overlay-color":"","overlay-opacity":"","overlay-gradient":""},"mobile":{"background-color":"","background-image":"","background-repeat":"repeat","background-position":"center center","background-size":"auto","background-attachment":"scroll","background-type":"","background-media":"","overlay-type":"","overlay-color":"","overlay-opacity":"","overlay-gradient":""}},"ast-content-background-meta":{"desktop":{"background-color":"var(--ast-global-color-5)","background-image":"","background-repeat":"repeat","background-position":"center center","background-size":"auto","background-attachment":"scroll","background-type":"","background-media":"","overlay-type":"","overlay-color":"","overlay-opacity":"","overlay-gradient":""},"tablet":{"background-color":"var(--ast-global-color-5)","background-image":"","background-repeat":"repeat","background-position":"center center","background-size":"auto","background-attachment":"scroll","background-type":"","background-media":"","overlay-type":"","overlay-color":"","overlay-opacity":"","overlay-gradient":""},"mobile":{"background-color":"var(--ast-global-color-5)","background-image":"","background-repeat":"repeat","background-position":"center center","background-size":"auto","background-attachment":"scroll","background-type":"","background-media":"","overlay-type":"","overlay-color":"","overlay-opacity":"","overlay-gradient":""}},"footnotes":""},"categories":[11],"tags":[],"class_list":["post-17128","post","type-post","status-publish","format-standard","has-post-thumbnail","hentry","category-noticias"],"aioseo_notices":[],"_links":{"self":[{"href":"https:\/\/contarotacoes.com\/index.php?rest_route=\/wp\/v2\/posts\/17128","targetHints":{"allow":["GET"]}}],"collection":[{"href":"https:\/\/contarotacoes.com\/index.php?rest_route=\/wp\/v2\/posts"}],"about":[{"href":"https:\/\/contarotacoes.com\/index.php?rest_route=\/wp\/v2\/types\/post"}],"author":[{"embeddable":true,"href":"https:\/\/contarotacoes.com\/index.php?rest_route=\/wp\/v2\/users\/2"}],"replies":[{"embeddable":true,"href":"https:\/\/contarotacoes.com\/index.php?rest_route=%2Fwp%2Fv2%2Fcomments&post=17128"}],"version-history":[{"count":1,"href":"https:\/\/contarotacoes.com\/index.php?rest_route=\/wp\/v2\/posts\/17128\/revisions"}],"predecessor-version":[{"id":17130,"href":"https:\/\/contarotacoes.com\/index.php?rest_route=\/wp\/v2\/posts\/17128\/revisions\/17130"}],"wp:featuredmedia":[{"embeddable":true,"href":"https:\/\/contarotacoes.com\/index.php?rest_route=\/wp\/v2\/media\/17129"}],"wp:attachment":[{"href":"https:\/\/contarotacoes.com\/index.php?rest_route=%2Fwp%2Fv2%2Fmedia&parent=17128"}],"wp:term":[{"taxonomy":"category","embeddable":true,"href":"https:\/\/contarotacoes.com\/index.php?rest_route=%2Fwp%2Fv2%2Fcategories&post=17128"},{"taxonomy":"post_tag","embeddable":true,"href":"https:\/\/contarotacoes.com\/index.php?rest_route=%2Fwp%2Fv2%2Ftags&post=17128"}],"curies":[{"name":"wp","href":"https:\/\/api.w.org\/{rel}","templated":true}]}}