{"id":17125,"date":"2025-05-21T15:25:16","date_gmt":"2025-05-21T15:25:16","guid":{"rendered":"https:\/\/contarotacoes.com\/?p=17125"},"modified":"2025-05-21T15:25:16","modified_gmt":"2025-05-21T15:25:16","slug":"club-mx-5-portugal-passeio-rally-de-portugal-da-adrenalina-dos-ralis-a-quietude-do-parque-do-alvao","status":"publish","type":"post","link":"https:\/\/contarotacoes.com\/?p=17125","title":{"rendered":"Club MX-5 Portugal &#8211; Passeio Rally de Portugal | Da adrenalina dos ralis \u00e0 quietude do Parque do Alv\u00e3o"},"content":{"rendered":"<p style=\"text-align: justify;\">Realizou-se de <strong>16 a 18 Maio<\/strong> o primeiro encontro do <strong>Club MX-5 Portugal<\/strong> de 2025, iniciativa que, desta feita, se concentrou numa animada confraterniza\u00e7\u00e3o dos propriet\u00e1rios do <em>\u201croadster mais vendido do mundo\u201d<\/em> em redor do <strong>Rally de Portugal,<\/strong> a nossa maior prova de estrada, sem deixar de lado o contacto com a estrada dos seus <strong>Mazda MX-5<\/strong>.<\/p>\n<p style=\"text-align: justify;\">Ponto de encontro obrigat\u00f3rio dos amantes das competi\u00e7\u00f5es de estrada, numa romaria que, a cada ano, re\u00fane milhares de adeptos dos ralis, foi sob a \u00e9gide desta prova que o <strong>Club MX-5 Portugal<\/strong> organizou essa actividade, contando com a colabora\u00e7\u00e3o do <strong>Autom\u00f3vel Clube de Portugal<\/strong>, entidade respons\u00e1vel pela prova lusa que \u00e9 pontu\u00e1vel para o Campeonato do Mundo de Ralis da FIA.<\/p>\n<p style=\"text-align: justify;\">Desta feita, mais do que conduzir os pequenos <em>roadsters<\/em> pelas nossas bel\u00edssimas estradas e conhecer hist\u00f3rias, monumentos e outros pontos de passagem em Portugal, permitiu-se aos participantes deste passeio acompanharem de perto uma parte competitiva do rali, de uma forma leve e confort\u00e1vel, livre de quaisquer constrangimentos.<\/p>\n<p style=\"text-align: justify;\">Uma vez estacionados os <strong>Mazda MX-5<\/strong> no Hotel Miracorgo, em Vila Real, onde teve lugar o <em>check-in<\/em> deste passeio, seguido de jantar e pernoita de 6\u00aa Feira para S\u00e1bado (de 16 para 17 de Maio), os participantes deste encontro seriam transportados de autocarro para a tenda <strong>Rally Pass do ACP<\/strong>, colocada numa zona central do tro\u00e7o de Cabeceiras de Basto, para ali assistirem, com o poss\u00edvel conforto de um evento desta natureza, \u00e0 dupla passagem dos concorrentes inscritos no rali, com especial destaque para as equipas oficiais das categorias Rally1, WRC2 e das estruturas que discutem os v\u00e1rios t\u00edtulos do Campeonato de Portugal de Ralis 2025.<\/p>\n<p style=\"text-align: justify;\">Dada a tit\u00e2nica luta que este rali proporcionou, protagonizada quer pelos homens da frente, quer nas diversas categorias de ve\u00edculos admitidos na prova, foram in\u00fameros os temas de conversa naquele espa\u00e7o, n\u00e3o s\u00f3 desta edi\u00e7\u00e3o da prova como, pelos mais conhecedores, de eventos de edi\u00e7\u00f5es passadas, num dia que todos consideraram excelente e repleto de adrenalina, enquanto desfrutavam de um servi\u00e7o de <em>catering<\/em> permanente.<\/p>\n<p style=\"text-align: justify;\">Finda a vertente competitiva deste encontro, os participantes prepararam-se para o dia seguinte (Domingo, 18 de Maio), em que, a\u00ed sim, regressaram \u00e0 ess\u00eancia dos passeios do <strong>Club MX-5 Portugal<\/strong>, num percurso de estrada de tirar a respira\u00e7\u00e3o, desenhado no Parque Nacional do Alv\u00e3o, com passagem (obrigat\u00f3ria) Por Lamas de Olo, Figas de Ermelo, rumo a lind\u00edssima N304 e at\u00e9 ao Peso da R\u00e9gua, com final no Restaurante A Companhia, onde decorreu o almo\u00e7o de encerramento.<\/p>\n<p style=\"text-align: justify;\">Estes e outros conte\u00fados est\u00e3o dispon\u00edveis para consulta em <a href=\"http:\/\/www.clubmx-5.com\"><strong>www.clubmx-5.com<\/strong><\/a> e na p\u00e1gina de <a href=\"https:\/\/www.facebook.com\/groups\/clubmx5portugal\/\"><strong>Facebook<\/strong><\/a> (nota: Grupo Fechado). Informa\u00e7\u00f5es adicionais e inscri\u00e7\u00f5es os eventos a formalizar pelo <em>e-mail<\/em> <a href=\"mailto:geral@clubmx-5.com.pt\"><strong>geral@clubmx-5.com.pt<\/strong><\/a> ou pelo telefone <strong>(+351) 218 258\u00a0625<\/strong>.<\/p>\n","protected":false},"excerpt":{"rendered":"<p>Realizou-se de 16 a 18 Maio o primeiro encontro do Club MX-5 Portugal de 2025, iniciativa que, desta feita, se concentrou numa animada confraterniza\u00e7\u00e3o dos propriet\u00e1rios do \u201croadster mais vendido do mundo\u201d em redor do Rally de Portugal, a nossa maior prova de estrada, sem deixar de lado o contacto com a estrada dos seus [&hellip;]<\/p>\n","protected":false},"author":2,"featured_media":17126,"comment_status":"closed","ping_status":"open","sticky":false,"template":"","format":"standard","meta":{"_editorskit_title_hidden":false,"_editorskit_reading_time":0,"_editorskit_is_block_options_detached":false,"_editorskit_block_options_position":"{}","om_disable_all_campaigns":false,"_monsterinsights_skip_tracking":false,"_monsterinsights_sitenote_active":false,"_monsterinsights_sitenote_note":"","_monsterinsights_sitenote_category":0,"_uf_show_specific_survey":0,"_uf_disable_surveys":false,"site-sidebar-layout":"default","site-content-layout":"","ast-site-content-layout":"default","site-content-style":"default","site-sidebar-style":"default","ast-global-header-display":"","ast-banner-title-visibility":"","ast-main-header-display":"","ast-hfb-above-header-display":"","ast-hfb-below-header-display":"","ast-hfb-mobile-header-display":"","site-post-title":"","ast-breadcrumbs-content":"","ast-featured-img":"","footer-sml-layout":"","theme-transparent-header-meta":"default","adv-header-id-meta":"","stick-header-meta":"default","header-above-stick-meta":"","header-main-stick-meta":"","header-below-stick-meta":"","astra-migrate-meta-layouts":"set","ast-page-background-enabled":"default","ast-page-background-meta":{"desktop":{"background-color":"","background-image":"","background-repeat":"repeat","background-position":"center center","background-size":"auto","background-attachment":"scroll","background-type":"","background-media":"","overlay-type":"","overlay-color":"","overlay-opacity":"","overlay-gradient":""},"tablet":{"background-color":"","background-image":"","background-repeat":"repeat","background-position":"center center","background-size":"auto","background-attachment":"scroll","background-type":"","background-media":"","overlay-type":"","overlay-color":"","overlay-opacity":"","overlay-gradient":""},"mobile":{"background-color":"","background-image":"","background-repeat":"repeat","background-position":"center center","background-size":"auto","background-attachment":"scroll","background-type":"","background-media":"","overlay-type":"","overlay-color":"","overlay-opacity":"","overlay-gradient":""}},"ast-content-background-meta":{"desktop":{"background-color":"var(--ast-global-color-5)","background-image":"","background-repeat":"repeat","background-position":"center center","background-size":"auto","background-attachment":"scroll","background-type":"","background-media":"","overlay-type":"","overlay-color":"","overlay-opacity":"","overlay-gradient":""},"tablet":{"background-color":"var(--ast-global-color-5)","background-image":"","background-repeat":"repeat","background-position":"center center","background-size":"auto","background-attachment":"scroll","background-type":"","background-media":"","overlay-type":"","overlay-color":"","overlay-opacity":"","overlay-gradient":""},"mobile":{"background-color":"var(--ast-global-color-5)","background-image":"","background-repeat":"repeat","background-position":"center center","background-size":"auto","background-attachment":"scroll","background-type":"","background-media":"","overlay-type":"","overlay-color":"","overlay-opacity":"","overlay-gradient":""}},"footnotes":""},"categories":[11],"tags":[],"class_list":["post-17125","post","type-post","status-publish","format-standard","has-post-thumbnail","hentry","category-noticias"],"aioseo_notices":[],"_links":{"self":[{"href":"https:\/\/contarotacoes.com\/index.php?rest_route=\/wp\/v2\/posts\/17125","targetHints":{"allow":["GET"]}}],"collection":[{"href":"https:\/\/contarotacoes.com\/index.php?rest_route=\/wp\/v2\/posts"}],"about":[{"href":"https:\/\/contarotacoes.com\/index.php?rest_route=\/wp\/v2\/types\/post"}],"author":[{"embeddable":true,"href":"https:\/\/contarotacoes.com\/index.php?rest_route=\/wp\/v2\/users\/2"}],"replies":[{"embeddable":true,"href":"https:\/\/contarotacoes.com\/index.php?rest_route=%2Fwp%2Fv2%2Fcomments&post=17125"}],"version-history":[{"count":1,"href":"https:\/\/contarotacoes.com\/index.php?rest_route=\/wp\/v2\/posts\/17125\/revisions"}],"predecessor-version":[{"id":17127,"href":"https:\/\/contarotacoes.com\/index.php?rest_route=\/wp\/v2\/posts\/17125\/revisions\/17127"}],"wp:featuredmedia":[{"embeddable":true,"href":"https:\/\/contarotacoes.com\/index.php?rest_route=\/wp\/v2\/media\/17126"}],"wp:attachment":[{"href":"https:\/\/contarotacoes.com\/index.php?rest_route=%2Fwp%2Fv2%2Fmedia&parent=17125"}],"wp:term":[{"taxonomy":"category","embeddable":true,"href":"https:\/\/contarotacoes.com\/index.php?rest_route=%2Fwp%2Fv2%2Fcategories&post=17125"},{"taxonomy":"post_tag","embeddable":true,"href":"https:\/\/contarotacoes.com\/index.php?rest_route=%2Fwp%2Fv2%2Ftags&post=17125"}],"curies":[{"name":"wp","href":"https:\/\/api.w.org\/{rel}","templated":true}]}}