{"id":17122,"date":"2025-05-21T15:21:28","date_gmt":"2025-05-21T15:21:28","guid":{"rendered":"https:\/\/contarotacoes.com\/?p=17122"},"modified":"2025-05-21T15:21:28","modified_gmt":"2025-05-21T15:21:28","slug":"novo-opel-mokka-gse-rally-o-futuro-dos-ralis-eletricos-comeca-agora","status":"publish","type":"post","link":"https:\/\/contarotacoes.com\/?p=17122","title":{"rendered":"Novo Opel Mokka GSE Rally: o futuro dos ralis el\u00e9tricos come\u00e7a agora"},"content":{"rendered":"<ul>\n<li style=\"text-align: justify;\">Pioneiro: O Mokka GSE Rally \u00e9 o primeiro ve\u00edculo a ser desenvolvido de acordo com os novos regulamentos eRally5 da FIA<\/li>\n<li style=\"text-align: justify;\">Prot\u00f3tipo atraente: com a decora\u00e7\u00e3o &#8220;OMG! GSE&#8221;, cores fortes e jantes especiais<\/li>\n<li style=\"text-align: justify;\">Desempenho m\u00e1ximo: 207 kW (280 cv) e 345 Nm de bin\u00e1rio<\/li>\n<li style=\"text-align: justify;\">Tecnologia <em>motorsport<\/em>: suspens\u00e3o de rali Bilstein, caixa de velocidades de competi\u00e7\u00e3o, chassis de baixo peso<\/li>\n<li style=\"text-align: justify;\">Estreia em ralis: o Mokka GSE Rally estreia-se no ELE Rally Eindhoven, a 23\/24 de maio<\/li>\n<\/ul>\n<p style=\"text-align: justify;\">A ADAC Opel Electric Rally Cup \u2018powered by GSE\u2019 acaba de dar in\u00edcio, com sucesso, <a href=\"https:\/\/www.media.stellantis.com\/pt-pt\/opel\/press\/adac-opel-electric-rally-cup-powered-by-gse-2025-batalhas-emocionantes-na-jornada-de-abertura-da-temporada\">\u00e0 sua quinta \u00e9poca<\/a>. Atualmente, este campeonato \u00e9 o \u00fanico trof\u00e9u de ralis monomarca 100% el\u00e9trico do mundo, mas a Opel est\u00e1 j\u00e1 a olhar para o futuro. Isto porque o construtor apresenta agora uma antevis\u00e3o do que poder\u00e1 ser o carro el\u00e9trico de ralis do futuro atrav\u00e9s do novo <a href=\"https:\/\/www.youtube.com\/watch?v=X7Qjt1nCh18\"><strong>Opel Mokka GSE Rally, <\/strong>tamb\u00e9m neste emocionante e eletrizante v\u00eddeo<\/a>. Com 207 kW (280 cv), o potente prot\u00f3tipo sublinha mais uma vez o papel pioneiro que a Opel desempenha nos ralis el\u00e9tricos.<\/p>\n<p style=\"text-align: justify;\"><em>\u201cNos \u00faltimos quatro anos, a Opel e a ADAC t\u00eam vindo a demonstrar que os ralis el\u00e9tricos resultam e s\u00e3o entusiasmantes. Com o nosso novo Opel Mokka GSE Rally, oferecemos uma antevis\u00e3o de um carro de ralis 100% el\u00e9trico da pr\u00f3xima gera\u00e7\u00e3o. Gra\u00e7as \u00e0 mais recente tecnologia de \u2018motorsport, o prot\u00f3tipo oferece uma forte performance e pot\u00eancia em abund\u00e2ncia&#8221;<\/em>, afirmou o CEO da Opel e da Vauxhall, Florian Huettl.<\/p>\n<p style=\"text-align: justify;\"><strong>Mokka GSE Rally: arrepios, comportamento desportivo e euforia eletrizante<\/strong><\/p>\n<p style=\"text-align: justify;\">A vers\u00e3o de produ\u00e7\u00e3o em s\u00e9rie do <a href=\"https:\/\/www.media.stellantis.com\/pt-pt\/opel\/press\/mais-dinamico-mais-moderno-e-digital-o-novo-opel-mokka\">Opel Mokka<\/a> \u00e9 j\u00e1 um modelo extremamente atraente com o seu design carater\u00edstico e <a href=\"https:\/\/www.media.stellantis.com\/pt-pt\/opel\/press\/verdadeiramente-apelativo-o-novo-opel-mokka-ganha-novas-cores\">novas cores<\/a><em>, <\/em>novo habit\u00e1culo e tecnologias de vanguarda<em>.<\/em> O novo Mokka GSE Rally mant\u00e9m muito desta abordagem e representa o pr\u00f3ximo grande passo, nomeadamente nos ralis 100% el\u00e9tricos: \u00e9 mais robusto, mais r\u00e1pido, mais intransigente em todos os aspetos!<\/p>\n<p style=\"text-align: justify;\">Por fora, o Mokka GSE Rally \u00e9 verdadeiramente cativante com a sua extraordin\u00e1ria decora\u00e7\u00e3o <em>motorsport<\/em>, incluindo a grande inscri\u00e7\u00e3o &#8220;<a href=\"https:\/\/www.media.stellantis.com\/pt-pt\/opel\/press\/omg-gse-opel-da-os-primeiros-indicios-dos-modelos-gse-de-alta-performance-totalmente-eletricos\">OMG! GSE<\/a>&#8220;. Al\u00e9m disso, destacam-se as pin\u00e7as de trav\u00e3o amarelas \u00e0 frente e as jantes amarelas atr\u00e1s, bem como outros detalhes de design inspirados nos ralis. A entrada de ar claramente vis\u00edvel no tejadilho e a inscri\u00e7\u00e3o \u201cMokka GSE RALLY\u201d gravada em letras brancas e amarelas no capot preto, real\u00e7am o visual do <em>concept<\/em>.<\/p>\n<p style=\"text-align: justify;\">Por outro lado, os valores intr\u00ednsecos do prot\u00f3tipo com a marca do Blitz s\u00e3o ainda mais impressionantes: uma pot\u00eancia el\u00e9trica m\u00e1xima de 207 kW (280 cv) e um bin\u00e1rio de 345 Nm, combinados com uma sofisticada tecnologia <em>motorsport<\/em>, prometem um desempenho ao n\u00edvel de um carro de Rally4. Um diferencial multidisco de deslizamento limitado e uma caixa de velocidades de competi\u00e7\u00e3o, juntamente com veios de transmiss\u00e3o e cubos de roda refor\u00e7ados, proporcionam uma propuls\u00e3o de elevada pot\u00eancia. O chassis foi fabricado com um design de baixo peso. A suspens\u00e3o de rali Bilsten, com afina\u00e7\u00e3o otimizada, \u00e9 composta por uma configura\u00e7\u00e3o do tipo McPherson refor\u00e7ada e apoios do tipo <em>uniball<\/em> no eixo dianteiro, bem como um eixo traseiro r\u00edgido com molas e amortecedores modificados. As ajudas eletr\u00f3nicas \u00e0 condu\u00e7\u00e3o, como o ABS, ESP, assist\u00eancia \u00e0 manuten\u00e7\u00e3o na faixa de rodagem e controlo de tra\u00e7\u00e3o, n\u00e3o est\u00e3o presentes no Mokka GSE Rally. Com base na experi\u00eancia adquirida com o Corsa Rally Electric, a afina\u00e7\u00e3o do <em>software<\/em> para a gest\u00e3o do motor e da bateria foi concebida para obter o m\u00e1ximo de efici\u00eancia, estabilidade em condi\u00e7\u00f5es de competi\u00e7\u00e3o e performance. A bateria corresponde \u00e0 vers\u00e3o de s\u00e9rie com uma capacidade de armazenamento de 54 kWh.<\/p>\n<p style=\"text-align: justify;\"><em>\u201cO Mokka GSE Rally vai fazer bater mais depressa o cora\u00e7\u00e3o dos f\u00e3s da Opel Motorsport e proporcionar-lhes verdadeiros momentos \u2018OMG! GSE\u2019. O prot\u00f3tipo el\u00e9trico de ralis prova que a nossa submarca GSE atingir\u00e1 o pr\u00f3ximo n\u00edvel em 2025: com emo\u00e7\u00f5es el\u00e9tricas e um desempenho de alto n\u00edvel fiel \u00e0 nossa valiosa heran\u00e7a no \u2018motorsport\u2019&#8221;,<\/em> afirmou Rebecca Reinermann, Vice-Presidente de Marketing da Opel e da Vauxhall.<\/p>\n<p style=\"text-align: justify;\">De resto, foram mantidos os padr\u00f5es de seguran\u00e7a extremamente elevados. Tal como o <a href=\"https:\/\/www.media.stellantis.com\/pt-pt\/opel\/corsa-e-rally\">Opel Corsa Rally Electric<\/a>, o Mokka GSE Rally tamb\u00e9m disp\u00f5e de uma estrutura de prote\u00e7\u00e3o (certificada pela FIA), bancos de rali com cintos de seguran\u00e7a de seis pontos, um encapsulamento especial da bateria e uma prote\u00e7\u00e3o adicional inferior. O sistema de 400 volts \u00e9 continuamente monitorizado pelo comprovado Indicador Master Alarm. No caso improv\u00e1vel de ocorrer um problema de isolamento, um sistema de alerta visual e ac\u00fastico comunica imediatamente uma avaria. No caso de uma desacelera\u00e7\u00e3o s\u00fabita (como numa colis\u00e3o), um sofisticado sistema de sensores desliga completamente o sistema de alta tens\u00e3o em poucos d\u00e9cimos de segundo. Al\u00e9m disso, o Mokka GSE Rally disp\u00f5e de um sistema de extin\u00e7\u00e3o especial com um agente extintor n\u00e3o condutor de eletricidade.<\/p>\n<p style=\"text-align: justify;\">E ainda: o Opel Mokka GSE Rally \u00e9 o primeiro carro de rali do mundo a ser desenvolvido de acordo com os novos regulamentos eRally5 da FIA. O veloz prot\u00f3tipo poder\u00e1 assim ser utilizado em todo o mundo em v\u00e1rias competi\u00e7\u00f5es desportivas para clientes, a partir da \u00e9poca de ralis de 2026.<\/p>\n<p style=\"text-align: justify;\"><strong>Do sonho \u00e0 realidade: a aposta da marca nos ralis el\u00e9tricos resulta e inspira<\/strong><\/p>\n<p style=\"text-align: justify;\">O Mokka GSE Rally representa, assim, a pr\u00f3xima fase do poss\u00edvel desenvolvimento para os trof\u00e9us monomarca de ralis 100% el\u00e9tricos. Desde a temporada de 2021, a Opel tem comprovado que: os ralis el\u00e9tricos resultam e s\u00e3o motivadores! O Corsa Rally Electric, utilizado na ADAC Opel Electric Rally Cup \u2018powered by GSE\u2019, provou ser um carro el\u00e9trico de ralis r\u00e1pido, fi\u00e1vel e seguro. A tecnologia pr\u00f3xima da produ\u00e7\u00e3o, especialmente os componentes de alta tens\u00e3o, como o motor el\u00e9trico, o inversor e a bateria, satisfaz, sem dificuldades, as exig\u00eancias extremas dos ralis. \u00a0O mesmo se aplica \u00e0 <a href=\"https:\/\/www.media.stellantis.com\/pt-pt\/opel\/press\/potencia-maxima-a-infraestrutura-de-carregamento-movel-para-a-adac-opel-electric-rally-cup\">inovadora infraestrutura de carregamento<\/a>, que a Opel utiliza para abastecer, com energia sustent\u00e1vel, no local e de forma fi\u00e1vel, os \u00e1geis carros de rali el\u00e9tricos.<\/p>\n<p style=\"text-align: justify;\">A aceita\u00e7\u00e3o e o interesse pelo primeiro trof\u00e9u monomarca de ralis el\u00e9tricos do mundo t\u00eam vindo a crescer de ano para ano, desde o in\u00edcio. At\u00e9 agora, desde a \u00e9poca de estreia em 2021, um total de 63 pilotos de 13 na\u00e7\u00f5es participaram numa das 33 provas do Trof\u00e9u, realizadas em seis pa\u00edses. A pr\u00f3xima ronda da ADAC Opel Electric Rally Cup \u2018powered by GSE\u2019 2025 ter\u00e1 lugar a 23 e 24 de maio, integrada no Rali ELE em Eindhoven. Os visitantes do parque de assist\u00eancia da Opel Motorsport podem ver mais de perto o prot\u00f3tipo do Mokka GSE Rally, que far\u00e1 a sua estreia em ralis nos Pa\u00edses Baixos.<strong>\u00a0<\/strong><\/p>\n","protected":false},"excerpt":{"rendered":"<p>Pioneiro: O Mokka GSE Rally \u00e9 o primeiro ve\u00edculo a ser desenvolvido de acordo com os novos regulamentos eRally5 da FIA Prot\u00f3tipo atraente: com a decora\u00e7\u00e3o &#8220;OMG! GSE&#8221;, cores fortes e jantes especiais Desempenho m\u00e1ximo: 207 kW (280 cv) e 345 Nm de bin\u00e1rio Tecnologia motorsport: suspens\u00e3o de rali Bilstein, caixa de velocidades de competi\u00e7\u00e3o, [&hellip;]<\/p>\n","protected":false},"author":2,"featured_media":17123,"comment_status":"closed","ping_status":"open","sticky":false,"template":"","format":"standard","meta":{"_editorskit_title_hidden":false,"_editorskit_reading_time":0,"_editorskit_is_block_options_detached":false,"_editorskit_block_options_position":"{}","om_disable_all_campaigns":false,"_monsterinsights_skip_tracking":false,"_monsterinsights_sitenote_active":false,"_monsterinsights_sitenote_note":"","_monsterinsights_sitenote_category":0,"_uf_show_specific_survey":0,"_uf_disable_surveys":false,"site-sidebar-layout":"default","site-content-layout":"","ast-site-content-layout":"default","site-content-style":"default","site-sidebar-style":"default","ast-global-header-display":"","ast-banner-title-visibility":"","ast-main-header-display":"","ast-hfb-above-header-display":"","ast-hfb-below-header-display":"","ast-hfb-mobile-header-display":"","site-post-title":"","ast-breadcrumbs-content":"","ast-featured-img":"","footer-sml-layout":"","theme-transparent-header-meta":"default","adv-header-id-meta":"","stick-header-meta":"default","header-above-stick-meta":"","header-main-stick-meta":"","header-below-stick-meta":"","astra-migrate-meta-layouts":"set","ast-page-background-enabled":"default","ast-page-background-meta":{"desktop":{"background-color":"","background-image":"","background-repeat":"repeat","background-position":"center center","background-size":"auto","background-attachment":"scroll","background-type":"","background-media":"","overlay-type":"","overlay-color":"","overlay-opacity":"","overlay-gradient":""},"tablet":{"background-color":"","background-image":"","background-repeat":"repeat","background-position":"center center","background-size":"auto","background-attachment":"scroll","background-type":"","background-media":"","overlay-type":"","overlay-color":"","overlay-opacity":"","overlay-gradient":""},"mobile":{"background-color":"","background-image":"","background-repeat":"repeat","background-position":"center center","background-size":"auto","background-attachment":"scroll","background-type":"","background-media":"","overlay-type":"","overlay-color":"","overlay-opacity":"","overlay-gradient":""}},"ast-content-background-meta":{"desktop":{"background-color":"var(--ast-global-color-5)","background-image":"","background-repeat":"repeat","background-position":"center center","background-size":"auto","background-attachment":"scroll","background-type":"","background-media":"","overlay-type":"","overlay-color":"","overlay-opacity":"","overlay-gradient":""},"tablet":{"background-color":"var(--ast-global-color-5)","background-image":"","background-repeat":"repeat","background-position":"center center","background-size":"auto","background-attachment":"scroll","background-type":"","background-media":"","overlay-type":"","overlay-color":"","overlay-opacity":"","overlay-gradient":""},"mobile":{"background-color":"var(--ast-global-color-5)","background-image":"","background-repeat":"repeat","background-position":"center center","background-size":"auto","background-attachment":"scroll","background-type":"","background-media":"","overlay-type":"","overlay-color":"","overlay-opacity":"","overlay-gradient":""}},"footnotes":""},"categories":[13,11],"tags":[],"class_list":["post-17122","post","type-post","status-publish","format-standard","has-post-thumbnail","hentry","category-comercio","category-noticias"],"aioseo_notices":[],"_links":{"self":[{"href":"https:\/\/contarotacoes.com\/index.php?rest_route=\/wp\/v2\/posts\/17122","targetHints":{"allow":["GET"]}}],"collection":[{"href":"https:\/\/contarotacoes.com\/index.php?rest_route=\/wp\/v2\/posts"}],"about":[{"href":"https:\/\/contarotacoes.com\/index.php?rest_route=\/wp\/v2\/types\/post"}],"author":[{"embeddable":true,"href":"https:\/\/contarotacoes.com\/index.php?rest_route=\/wp\/v2\/users\/2"}],"replies":[{"embeddable":true,"href":"https:\/\/contarotacoes.com\/index.php?rest_route=%2Fwp%2Fv2%2Fcomments&post=17122"}],"version-history":[{"count":1,"href":"https:\/\/contarotacoes.com\/index.php?rest_route=\/wp\/v2\/posts\/17122\/revisions"}],"predecessor-version":[{"id":17124,"href":"https:\/\/contarotacoes.com\/index.php?rest_route=\/wp\/v2\/posts\/17122\/revisions\/17124"}],"wp:featuredmedia":[{"embeddable":true,"href":"https:\/\/contarotacoes.com\/index.php?rest_route=\/wp\/v2\/media\/17123"}],"wp:attachment":[{"href":"https:\/\/contarotacoes.com\/index.php?rest_route=%2Fwp%2Fv2%2Fmedia&parent=17122"}],"wp:term":[{"taxonomy":"category","embeddable":true,"href":"https:\/\/contarotacoes.com\/index.php?rest_route=%2Fwp%2Fv2%2Fcategories&post=17122"},{"taxonomy":"post_tag","embeddable":true,"href":"https:\/\/contarotacoes.com\/index.php?rest_route=%2Fwp%2Fv2%2Ftags&post=17122"}],"curies":[{"name":"wp","href":"https:\/\/api.w.org\/{rel}","templated":true}]}}