{"id":17115,"date":"2025-05-20T21:54:38","date_gmt":"2025-05-20T21:54:38","guid":{"rendered":"https:\/\/contarotacoes.com\/?p=17115"},"modified":"2025-05-20T21:54:38","modified_gmt":"2025-05-20T21:54:38","slug":"campeonato-nacional-de-flat-track-arrancou-com-novidades-e-duelos-acesos","status":"publish","type":"post","link":"https:\/\/contarotacoes.com\/?p=17115","title":{"rendered":"Campeonato Nacional de Flat Track arrancou com novidades e duelos acesos"},"content":{"rendered":"<p style=\"font-weight: 400; text-align: justify;\"><strong>O Campeonato Nacional de Flat Track 2025 come\u00e7ou em Chaves, com corridas discutidas por escassos mil\u00e9simos e a estreia bem-sucedida de uma nova classe.<\/strong><\/p>\n<p style=\"font-weight: 400; text-align: justify;\">O Clube Motard de Chaves voltou a receber, na oval do est\u00e1dio da Associa\u00e7\u00e3o Desportiva Flaviense, uma prova do Campeonato Nacional de Flat Track, desta feita a ronda de abertura da temporada 2025, que teve lugar no passado s\u00e1bado, 17 de maio.<\/p>\n<p style=\"font-weight: 400; text-align: justify;\">Desta vez com seis categorias em pista, gra\u00e7as \u00e0 estreia da classe Infantis para jovens pilotos dos 6 aos 12 anos de idade, viveu-se um grande dia de corridas, com algumas finais discutidas \u2018ombro a ombro\u2019. Foi o caso da final de Power Bike, em que, ap\u00f3s terem dividido as vit\u00f3rias nas duas mangas de qualifica\u00e7\u00e3o, sempre com vantagens m\u00ednimas, Henrique Pinheiro e Jo\u00e3o S\u00e1 levaram at\u00e9 ao extremo a luta pela vit\u00f3ria na final, com Pinheiro a triunfar por somente 15 mil\u00e9simas de segundo \u2013 em todos os casos sempre com F\u00e1bio Fel\u00edcia no lugar mais baixo do p\u00f3dio.<\/p>\n<p style=\"font-weight: 400; text-align: justify;\">Lutas pela vit\u00f3ria muito acesas tamb\u00e9m nas Dirt Bike, com o espanhol Ito Glez e Miguel Fernandes a vencerem as mangas de qualifica\u00e7\u00e3o e, na final, a travarem um duelo que acabou por sorrir ao piloto do pa\u00eds vizinho por apenas 0,2s. Outro piloto espanhol, Emilio Garcia, foi 3\u00ba na final. Foi um quadro n\u00e3o muito diferente do que se assistiu em Promo Bike, com Tony Martinez e Reinaldo Ribeiro a dividirem os triunfos nas mangas de qualifica\u00e7\u00e3o e Martinez a vencer a final com 0,6s de vantagem sobre o seu rival. Rodrigo Falc\u00e3o foi sempre o terceiro.<\/p>\n<p style=\"font-weight: 400; text-align: justify;\">Se nestas categorias houve sempre incerteza quanto ao vencedor, nas restantes houve dominadores claros. Em Mini Flat Track, Lu\u00eds Sousa foi sempre o mais forte e, se nas duas mangas de qualifica\u00e7\u00e3o foi sempre Alberto Gonzalez a secund\u00e1-lo, na final foi Afonso Santos que mais incomodou o l\u00edder, terminando em 2\u00ba lugar a 1,3s, com Vasco Monteiro no 3\u00ba posto.<\/p>\n<p style=\"font-weight: 400; text-align: justify;\">Tamb\u00e9m nas Tracker houve um piloto que se destacou sempre: o campe\u00e3o da classe, Maur\u00edcio Santos, fez valer o seu estatuto e venceu as MQ e a Final, com Sim\u00e3o Vidinha e Filipe Torre a acompanharem-no ao p\u00f3dio nas mangas de qualifica\u00e7\u00e3o. Na final, foi Avelino Ferreira a conquistar o 2\u00ba posto, seguido de Sim\u00e3o Vidinha.<\/p>\n<p style=\"font-weight: 400; text-align: justify;\">Finalmente, uma palavra para a animadora estreia do Trof\u00e9u Infantil de Flat Track, que contou com nove jovens pilotos que nos deixam boas perspetivas para o futuro da modalidade. Curiosidade para o facto de o dom\u00ednio absoluto ter ido para o \u2018cl\u00e3 Mateus\u2019, que monopolizou os p\u00f3dios das MQ e da Final. Nas mangas de qualifica\u00e7\u00e3o, Enzo Mateus foi sempre o mais forte, seguido pelo seu irm\u00e3o Gustavo e com o seu primo, Tom\u00e1s Mateus, no 3\u00ba posto. J\u00e1 na final, embora Enzo Mateus se tenha feito valer da sua \u2018escola\u2019 do Motocross para voltar a ganhar, desta feita foi Tom\u00e1s a roubar o 2\u00ba posto ao seu primo Gustavo. Leandro Fel\u00edcia e Manuel Agonia fecharam o top 5.<\/p>\n<p style=\"font-weight: 400; text-align: justify;\">Depois desta estreia auspiciosa, o Campeonato Nacional de Flat Track vai prosseguir no dia 1 de junho em Marco de Canaveses.<\/p>\n<p style=\"font-weight: 400; text-align: justify;\"><em>Fotos:\u00a0<strong>F\u00e1bio Pando<\/strong><\/em><\/p>\n","protected":false},"excerpt":{"rendered":"<p>O Campeonato Nacional de Flat Track 2025 come\u00e7ou em Chaves, com corridas discutidas por escassos mil\u00e9simos e a estreia bem-sucedida de uma nova classe. O Clube Motard de Chaves voltou a receber, na oval do est\u00e1dio da Associa\u00e7\u00e3o Desportiva Flaviense, uma prova do Campeonato Nacional de Flat Track, desta feita a ronda de abertura da [&hellip;]<\/p>\n","protected":false},"author":2,"featured_media":17116,"comment_status":"closed","ping_status":"open","sticky":false,"template":"","format":"standard","meta":{"_editorskit_title_hidden":false,"_editorskit_reading_time":0,"_editorskit_is_block_options_detached":false,"_editorskit_block_options_position":"{}","om_disable_all_campaigns":false,"_monsterinsights_skip_tracking":false,"_monsterinsights_sitenote_active":false,"_monsterinsights_sitenote_note":"","_monsterinsights_sitenote_category":0,"_uf_show_specific_survey":0,"_uf_disable_surveys":false,"site-sidebar-layout":"default","site-content-layout":"","ast-site-content-layout":"default","site-content-style":"default","site-sidebar-style":"default","ast-global-header-display":"","ast-banner-title-visibility":"","ast-main-header-display":"","ast-hfb-above-header-display":"","ast-hfb-below-header-display":"","ast-hfb-mobile-header-display":"","site-post-title":"","ast-breadcrumbs-content":"","ast-featured-img":"","footer-sml-layout":"","theme-transparent-header-meta":"default","adv-header-id-meta":"","stick-header-meta":"default","header-above-stick-meta":"","header-main-stick-meta":"","header-below-stick-meta":"","astra-migrate-meta-layouts":"set","ast-page-background-enabled":"default","ast-page-background-meta":{"desktop":{"background-color":"","background-image":"","background-repeat":"repeat","background-position":"center center","background-size":"auto","background-attachment":"scroll","background-type":"","background-media":"","overlay-type":"","overlay-color":"","overlay-opacity":"","overlay-gradient":""},"tablet":{"background-color":"","background-image":"","background-repeat":"repeat","background-position":"center center","background-size":"auto","background-attachment":"scroll","background-type":"","background-media":"","overlay-type":"","overlay-color":"","overlay-opacity":"","overlay-gradient":""},"mobile":{"background-color":"","background-image":"","background-repeat":"repeat","background-position":"center center","background-size":"auto","background-attachment":"scroll","background-type":"","background-media":"","overlay-type":"","overlay-color":"","overlay-opacity":"","overlay-gradient":""}},"ast-content-background-meta":{"desktop":{"background-color":"var(--ast-global-color-5)","background-image":"","background-repeat":"repeat","background-position":"center center","background-size":"auto","background-attachment":"scroll","background-type":"","background-media":"","overlay-type":"","overlay-color":"","overlay-opacity":"","overlay-gradient":""},"tablet":{"background-color":"var(--ast-global-color-5)","background-image":"","background-repeat":"repeat","background-position":"center center","background-size":"auto","background-attachment":"scroll","background-type":"","background-media":"","overlay-type":"","overlay-color":"","overlay-opacity":"","overlay-gradient":""},"mobile":{"background-color":"var(--ast-global-color-5)","background-image":"","background-repeat":"repeat","background-position":"center center","background-size":"auto","background-attachment":"scroll","background-type":"","background-media":"","overlay-type":"","overlay-color":"","overlay-opacity":"","overlay-gradient":""}},"footnotes":""},"categories":[11],"tags":[],"class_list":["post-17115","post","type-post","status-publish","format-standard","has-post-thumbnail","hentry","category-noticias"],"aioseo_notices":[],"_links":{"self":[{"href":"https:\/\/contarotacoes.com\/index.php?rest_route=\/wp\/v2\/posts\/17115","targetHints":{"allow":["GET"]}}],"collection":[{"href":"https:\/\/contarotacoes.com\/index.php?rest_route=\/wp\/v2\/posts"}],"about":[{"href":"https:\/\/contarotacoes.com\/index.php?rest_route=\/wp\/v2\/types\/post"}],"author":[{"embeddable":true,"href":"https:\/\/contarotacoes.com\/index.php?rest_route=\/wp\/v2\/users\/2"}],"replies":[{"embeddable":true,"href":"https:\/\/contarotacoes.com\/index.php?rest_route=%2Fwp%2Fv2%2Fcomments&post=17115"}],"version-history":[{"count":1,"href":"https:\/\/contarotacoes.com\/index.php?rest_route=\/wp\/v2\/posts\/17115\/revisions"}],"predecessor-version":[{"id":17117,"href":"https:\/\/contarotacoes.com\/index.php?rest_route=\/wp\/v2\/posts\/17115\/revisions\/17117"}],"wp:featuredmedia":[{"embeddable":true,"href":"https:\/\/contarotacoes.com\/index.php?rest_route=\/wp\/v2\/media\/17116"}],"wp:attachment":[{"href":"https:\/\/contarotacoes.com\/index.php?rest_route=%2Fwp%2Fv2%2Fmedia&parent=17115"}],"wp:term":[{"taxonomy":"category","embeddable":true,"href":"https:\/\/contarotacoes.com\/index.php?rest_route=%2Fwp%2Fv2%2Fcategories&post=17115"},{"taxonomy":"post_tag","embeddable":true,"href":"https:\/\/contarotacoes.com\/index.php?rest_route=%2Fwp%2Fv2%2Ftags&post=17115"}],"curies":[{"name":"wp","href":"https:\/\/api.w.org\/{rel}","templated":true}]}}