{"id":17052,"date":"2025-05-20T20:47:34","date_gmt":"2025-05-20T20:47:34","guid":{"rendered":"https:\/\/contarotacoes.com\/?p=17052"},"modified":"2025-05-20T20:47:34","modified_gmt":"2025-05-20T20:47:34","slug":"forthing-estreia-se-no-ecar-show-para-mostrar-a-sua-gama-100-eletrica","status":"publish","type":"post","link":"https:\/\/contarotacoes.com\/?p=17052","title":{"rendered":"FORTHING estreia-se no ECAR SHOW para mostrar a sua gama 100% el\u00e9trica"},"content":{"rendered":"<ul>\n<li style=\"text-align: justify;\"><strong>A FORTHING PORTUGAL ir\u00e1 estar presente pela primeira vez no ECAR SHOW &#8211; Sal\u00e3o do Autom\u00f3vel H\u00edbrido e El\u00e9trico com uma proposta abrangente e inovadora, apresentando ao p\u00fablico portugu\u00eas solu\u00e7\u00f5es de mobilidade 100% el\u00e9tricas, parte integrante da sua ampla gama multi-energias.<\/strong><\/li>\n<li style=\"text-align: justify;\"><strong>Num espa\u00e7o no certame dedicado \u00e0 mobilidade el\u00e9trica, a marca chinesa dar\u00e1 a conhecer dois dos seus principais modelos \u2013 o FORTHING S7 e o FORTHING Friday EV \u2013 que estar\u00e3o tamb\u00e9m dispon\u00edveis para <em>test-drives<\/em>, permitindo ao p\u00fablico experimentar a sua performance e conforto.<\/strong><\/li>\n<li style=\"text-align: justify;\"><strong>Com ativa\u00e7\u00f5es no <em>stand<\/em> e surpresas ao longo dos tr\u00eas dias de evento, a FORTHING ganha for\u00e7a no mercado portugu\u00eas, que serve de porta de entrada para a Europa.<\/strong><strong style=\"font-size: 16px;\">\u00a0<\/strong><\/li>\n<\/ul>\n<p style=\"text-align: justify;\">Procurando ser uma das novas refer\u00eancias do mercado autom\u00f3vel portugu\u00eas, <strong>a FORTHING marcar\u00e1 presen\u00e7a na edi\u00e7\u00e3o de 2025 do ECAR SHOW &#8211; Sal\u00e3o do Autom\u00f3vel H\u00edbrido e El\u00e9trico<\/strong>, o maior evento dedicado \u00e0 mobilidade sustent\u00e1vel em Portugal, que ter\u00e1 lugar de 23 a 25 de maio, na FIL \u2013 Feira Internacional de Lisboa.<\/p>\n<p style=\"text-align: justify;\">Com um <strong>espa\u00e7o de exposi\u00e7\u00e3o de 72 m\u00b2<\/strong>, a FORTHING procurar\u00e1 refor\u00e7ar as suas a\u00e7\u00f5es de <em>marketing<\/em>, pretendendo <strong>chegar a um vasto p\u00fablico e mostrar as suas solu\u00e7\u00f5es inovadoras<\/strong>. Para isso apresentar-se-\u00e1 aos visitantes do ECAR SHOW, <strong>apostando em dois dos seus modelos de refer\u00eancia<\/strong>:<\/p>\n<ul style=\"text-align: justify;\">\n<li><strong>O FORTHING S7<\/strong>, proposta arrojada de mobilidade el\u00e9trica inteligente, equipado com a mais moderna tecnologia e materiais sustent\u00e1veis. Com o coeficiente aerodin\u00e2mico mais baixo do mercado, vem equipado com um motor de 209 cv e bateria LiFePO4 de 56,8 kWh, oferece at\u00e9 420 km de autonomia (WLTP) e carregamento r\u00e1pido de 30% a 80% em 25 minutos.<\/li>\n<li>O <strong>FORTHING Friday EV<\/strong>, SUV el\u00e9trico sofisticado e vers\u00e1til, equipado com um motor de 150 kW (204 cv) e autonomia at\u00e9 510 km (ciclo WLTP). Com design arrojado, conforto e tecnologia de ponta, permite carregamentos dom\u00e9sticos de 0 a 100% em 8 horas (carregador de 11 kW) ou r\u00e1pidos de 30 a 80% em apenas 45 minutos.<\/li>\n<\/ul>\n<p style=\"text-align: justify;\">Ao longo dos tr\u00eas dias de evento, os visitantes ter\u00e3o a oportunidade de participar em <strong><em>test-drives<\/em> exclusivos<\/strong> de ambos os modelos, iniciativa que visa proporcionar um contacto direto com ambas as propostas da marca chinesa e refor\u00e7ar a confian\u00e7a dos consumidores nas <strong>solu\u00e7\u00f5es de mobilidade el\u00e9trica<\/strong> oferecidas pela FORTHING.<\/p>\n<p style=\"text-align: justify;\">O <em>stand<\/em> da marca ser\u00e1 tamb\u00e9m palco de <strong>a\u00e7\u00f5es de ativa\u00e7\u00e3o e de anima\u00e7\u00e3o<\/strong>, incluindo <strong>algumas surpresas<\/strong> ao longo do evento, proporcionando aos visitantes uma <strong>experi\u00eancia din\u00e2mica e envolvente<\/strong>.<\/p>\n<p style=\"text-align: justify;\"><strong><em>\u201cA presen\u00e7a da FORTHING no ECAR SHOW 2025<\/em><\/strong> <strong><em>vem<\/em><\/strong> <strong><em>reafirmar o compromisso da marca chinesa para com o mercado portugu\u00eas e com a transi\u00e7\u00e3o para uma mobilidade mais sustent\u00e1vel e conectada\u201d,<\/em> <\/strong>sublinha <strong>Pedro Galv\u00e3o<\/strong> <strong>\u2013 Gerente da FORTHING PORTUGAL<\/strong>. <strong><em>\u201cA nossa participa\u00e7\u00e3o representa um passo importante na nossa estrat\u00e9gia de internacionaliza\u00e7\u00e3o e de aproxima\u00e7\u00e3o ao consumidor europeu, oferecendo solu\u00e7\u00f5es modernas, eficientes e alinhadas com as exig\u00eancias ambientais e urbanas atuais\u201d<\/em><\/strong>.<strong>\u00a0<\/strong><\/p>\n<p style=\"text-align: justify;\"><strong>A OFERTA DA FORTHING EM PORTUGAL <\/strong><\/p>\n<p style=\"text-align: justify;\">A aposta da FORTHING PORTUGAL assenta na <strong>diversidade mec\u00e2nica<\/strong>, apostando n\u00e3o s\u00f3 na presente tend\u00eancia de <strong>transi\u00e7\u00e3o el\u00e9trica<\/strong> do mercado, atrav\u00e9s de <strong>propostas 100% el\u00e9tricas a bateria<\/strong> \u2013 como os exemplares S7 e Friday EV presentes no ECAR SHOW 2025 \u2013 como tamb\u00e9m nas vertentes <strong>puramente h\u00edbridas, h\u00edbridas <em>plug-in<\/em> e t\u00e9rmicas<\/strong>, neste \u00faltimo caso adicionando, quando aplic\u00e1vel, <strong>a vertente GPL<\/strong>.<\/p>\n<p style=\"text-align: justify;\">O seu <strong>cat\u00e1logo de modelos<\/strong> comp\u00f5e-se, nesta fase de lan\u00e7amento da marca no mercado nacional, <strong>de tr\u00eas propostas \u2013 S7, U-Tour e Friday<\/strong> \u2013 cada um deles com motoriza\u00e7\u00f5es perfeitamente definidas e adaptadas aos segmentos em que se inserem.<\/p>\n<p style=\"text-align: justify;\">Concorrendo em segmentos-chave, esta defini\u00e7\u00e3o permite dar resposta \u00e0s principais necessidades dos clientes nacionais da FORTHING PORTUGAL, fazendo-se a sua comercializa\u00e7\u00e3o numa <strong>Rede de Concession\u00e1rios<\/strong> que tem vindo a solidificar-se nas principais cidades e regi\u00f5es do continente, prevendo-se o seu alargamento \u00e0s regi\u00f5es aut\u00f3nomas dos A\u00e7ores e da Madeira.<\/p>\n","protected":false},"excerpt":{"rendered":"<p>A FORTHING PORTUGAL ir\u00e1 estar presente pela primeira vez no ECAR SHOW &#8211; Sal\u00e3o do Autom\u00f3vel H\u00edbrido e El\u00e9trico com uma proposta abrangente e inovadora, apresentando ao p\u00fablico portugu\u00eas solu\u00e7\u00f5es de mobilidade 100% el\u00e9tricas, parte integrante da sua ampla gama multi-energias. Num espa\u00e7o no certame dedicado \u00e0 mobilidade el\u00e9trica, a marca chinesa dar\u00e1 a conhecer [&hellip;]<\/p>\n","protected":false},"author":2,"featured_media":17053,"comment_status":"closed","ping_status":"open","sticky":false,"template":"","format":"standard","meta":{"_editorskit_title_hidden":false,"_editorskit_reading_time":0,"_editorskit_is_block_options_detached":false,"_editorskit_block_options_position":"{}","om_disable_all_campaigns":false,"_monsterinsights_skip_tracking":false,"_monsterinsights_sitenote_active":false,"_monsterinsights_sitenote_note":"","_monsterinsights_sitenote_category":0,"_uf_show_specific_survey":0,"_uf_disable_surveys":false,"site-sidebar-layout":"default","site-content-layout":"","ast-site-content-layout":"default","site-content-style":"default","site-sidebar-style":"default","ast-global-header-display":"","ast-banner-title-visibility":"","ast-main-header-display":"","ast-hfb-above-header-display":"","ast-hfb-below-header-display":"","ast-hfb-mobile-header-display":"","site-post-title":"","ast-breadcrumbs-content":"","ast-featured-img":"","footer-sml-layout":"","theme-transparent-header-meta":"default","adv-header-id-meta":"","stick-header-meta":"default","header-above-stick-meta":"","header-main-stick-meta":"","header-below-stick-meta":"","astra-migrate-meta-layouts":"set","ast-page-background-enabled":"default","ast-page-background-meta":{"desktop":{"background-color":"","background-image":"","background-repeat":"repeat","background-position":"center center","background-size":"auto","background-attachment":"scroll","background-type":"","background-media":"","overlay-type":"","overlay-color":"","overlay-opacity":"","overlay-gradient":""},"tablet":{"background-color":"","background-image":"","background-repeat":"repeat","background-position":"center center","background-size":"auto","background-attachment":"scroll","background-type":"","background-media":"","overlay-type":"","overlay-color":"","overlay-opacity":"","overlay-gradient":""},"mobile":{"background-color":"","background-image":"","background-repeat":"repeat","background-position":"center center","background-size":"auto","background-attachment":"scroll","background-type":"","background-media":"","overlay-type":"","overlay-color":"","overlay-opacity":"","overlay-gradient":""}},"ast-content-background-meta":{"desktop":{"background-color":"var(--ast-global-color-5)","background-image":"","background-repeat":"repeat","background-position":"center center","background-size":"auto","background-attachment":"scroll","background-type":"","background-media":"","overlay-type":"","overlay-color":"","overlay-opacity":"","overlay-gradient":""},"tablet":{"background-color":"var(--ast-global-color-5)","background-image":"","background-repeat":"repeat","background-position":"center center","background-size":"auto","background-attachment":"scroll","background-type":"","background-media":"","overlay-type":"","overlay-color":"","overlay-opacity":"","overlay-gradient":""},"mobile":{"background-color":"var(--ast-global-color-5)","background-image":"","background-repeat":"repeat","background-position":"center center","background-size":"auto","background-attachment":"scroll","background-type":"","background-media":"","overlay-type":"","overlay-color":"","overlay-opacity":"","overlay-gradient":""}},"footnotes":""},"categories":[13],"tags":[],"class_list":["post-17052","post","type-post","status-publish","format-standard","has-post-thumbnail","hentry","category-comercio"],"aioseo_notices":[],"_links":{"self":[{"href":"https:\/\/contarotacoes.com\/index.php?rest_route=\/wp\/v2\/posts\/17052","targetHints":{"allow":["GET"]}}],"collection":[{"href":"https:\/\/contarotacoes.com\/index.php?rest_route=\/wp\/v2\/posts"}],"about":[{"href":"https:\/\/contarotacoes.com\/index.php?rest_route=\/wp\/v2\/types\/post"}],"author":[{"embeddable":true,"href":"https:\/\/contarotacoes.com\/index.php?rest_route=\/wp\/v2\/users\/2"}],"replies":[{"embeddable":true,"href":"https:\/\/contarotacoes.com\/index.php?rest_route=%2Fwp%2Fv2%2Fcomments&post=17052"}],"version-history":[{"count":1,"href":"https:\/\/contarotacoes.com\/index.php?rest_route=\/wp\/v2\/posts\/17052\/revisions"}],"predecessor-version":[{"id":17054,"href":"https:\/\/contarotacoes.com\/index.php?rest_route=\/wp\/v2\/posts\/17052\/revisions\/17054"}],"wp:featuredmedia":[{"embeddable":true,"href":"https:\/\/contarotacoes.com\/index.php?rest_route=\/wp\/v2\/media\/17053"}],"wp:attachment":[{"href":"https:\/\/contarotacoes.com\/index.php?rest_route=%2Fwp%2Fv2%2Fmedia&parent=17052"}],"wp:term":[{"taxonomy":"category","embeddable":true,"href":"https:\/\/contarotacoes.com\/index.php?rest_route=%2Fwp%2Fv2%2Fcategories&post=17052"},{"taxonomy":"post_tag","embeddable":true,"href":"https:\/\/contarotacoes.com\/index.php?rest_route=%2Fwp%2Fv2%2Ftags&post=17052"}],"curies":[{"name":"wp","href":"https:\/\/api.w.org\/{rel}","templated":true}]}}