{"id":17036,"date":"2025-05-18T19:01:16","date_gmt":"2025-05-18T19:01:16","guid":{"rendered":"https:\/\/contarotacoes.com\/?p=17036"},"modified":"2025-05-18T19:01:16","modified_gmt":"2025-05-18T19:01:16","slug":"armindo-araujo-foi-o-melhor-portugues","status":"publish","type":"post","link":"https:\/\/contarotacoes.com\/?p=17036","title":{"rendered":"Armindo Ara\u00fajo foi o melhor portugu\u00eas"},"content":{"rendered":"<p style=\"font-weight: 400; text-align: justify;\"><strong>14\u00aa vez e s\u00e9tima consecutiva<\/strong><\/p>\n<p style=\"font-weight: 400; text-align: justify;\">Armindo Ara\u00fajo, acompanhado por Lu\u00eds Ramalho, voltou a subir ao p\u00f3dio final de mais uma edi\u00e7\u00e3o do Rali de Portugal para receber, pela d\u00e9cima quarta vez, a s\u00e9tima consecutiva, o trof\u00e9u de melhor piloto portugu\u00eas, na prova organizada pelo Autom\u00f3vel Club de Portugal.<\/p>\n<p style=\"font-weight: 400; text-align: justify;\">Com o grande objetivo de ser o primeiro piloto nacional, nesta sua d\u00e9cima nona participa\u00e7\u00e3o, na prova, o piloto de Santo Tirso geriu muito bem o seu andamento durante as vinte e quatro classificativas e chegou ao p\u00f3dio de Matosinhos, visivelmente satisfeito com mais um hist\u00f3rico resultado para o seu palmar\u00e9s.\u00a0\u00a0<strong><em>\u201c\u00c9 um enorme orgulho voltar a subir ao p\u00f3dio, no final de mais um Rali de Portugal, com o t\u00edtulo de melhor portugu\u00eas. Assumimos que o nosso grande objetivo era conseguir este resultado e n\u00e3o pod\u00edamos estar mais satisfeitos depois de quatro dias muito desafiantes e exigentes. A equipa fez um grande trabalho e estamos todos de parab\u00e9ns. Este continua a ser o melhor rali do mundo e a maior festa do automobilismo no nosso pais, organizado de forma exemplar pelo ACP\u201d<\/em><\/strong>, disse no final Armindo Ara\u00fajo.<\/p>\n<p style=\"font-weight: 400; text-align: justify;\">Com a fase de\u00a0 terra do Campeonato de Portugal de Ralis, Armindo Ara\u00fajo come\u00e7ar\u00e1 em breve\u00a0 a preparar a segunda metade da temporada que ter\u00e1 o seu in\u00edcio com a disputa do Rali de Castelo Branco, na estrada entre os dias 13 e 14 de junho.<strong>\u00a0<\/strong><\/p>\n","protected":false},"excerpt":{"rendered":"<p>14\u00aa vez e s\u00e9tima consecutiva Armindo Ara\u00fajo, acompanhado por Lu\u00eds Ramalho, voltou a subir ao p\u00f3dio final de mais uma edi\u00e7\u00e3o do Rali de Portugal para receber, pela d\u00e9cima quarta vez, a s\u00e9tima consecutiva, o trof\u00e9u de melhor piloto portugu\u00eas, na prova organizada pelo Autom\u00f3vel Club de Portugal. Com o grande objetivo de ser o [&hellip;]<\/p>\n","protected":false},"author":2,"featured_media":17037,"comment_status":"closed","ping_status":"open","sticky":false,"template":"","format":"standard","meta":{"_editorskit_title_hidden":false,"_editorskit_reading_time":0,"_editorskit_is_block_options_detached":false,"_editorskit_block_options_position":"{}","om_disable_all_campaigns":false,"_monsterinsights_skip_tracking":false,"_monsterinsights_sitenote_active":false,"_monsterinsights_sitenote_note":"","_monsterinsights_sitenote_category":0,"_uf_show_specific_survey":0,"_uf_disable_surveys":false,"site-sidebar-layout":"default","site-content-layout":"","ast-site-content-layout":"default","site-content-style":"default","site-sidebar-style":"default","ast-global-header-display":"","ast-banner-title-visibility":"","ast-main-header-display":"","ast-hfb-above-header-display":"","ast-hfb-below-header-display":"","ast-hfb-mobile-header-display":"","site-post-title":"","ast-breadcrumbs-content":"","ast-featured-img":"","footer-sml-layout":"","theme-transparent-header-meta":"default","adv-header-id-meta":"","stick-header-meta":"default","header-above-stick-meta":"","header-main-stick-meta":"","header-below-stick-meta":"","astra-migrate-meta-layouts":"set","ast-page-background-enabled":"default","ast-page-background-meta":{"desktop":{"background-color":"","background-image":"","background-repeat":"repeat","background-position":"center center","background-size":"auto","background-attachment":"scroll","background-type":"","background-media":"","overlay-type":"","overlay-color":"","overlay-opacity":"","overlay-gradient":""},"tablet":{"background-color":"","background-image":"","background-repeat":"repeat","background-position":"center center","background-size":"auto","background-attachment":"scroll","background-type":"","background-media":"","overlay-type":"","overlay-color":"","overlay-opacity":"","overlay-gradient":""},"mobile":{"background-color":"","background-image":"","background-repeat":"repeat","background-position":"center center","background-size":"auto","background-attachment":"scroll","background-type":"","background-media":"","overlay-type":"","overlay-color":"","overlay-opacity":"","overlay-gradient":""}},"ast-content-background-meta":{"desktop":{"background-color":"var(--ast-global-color-5)","background-image":"","background-repeat":"repeat","background-position":"center center","background-size":"auto","background-attachment":"scroll","background-type":"","background-media":"","overlay-type":"","overlay-color":"","overlay-opacity":"","overlay-gradient":""},"tablet":{"background-color":"var(--ast-global-color-5)","background-image":"","background-repeat":"repeat","background-position":"center center","background-size":"auto","background-attachment":"scroll","background-type":"","background-media":"","overlay-type":"","overlay-color":"","overlay-opacity":"","overlay-gradient":""},"mobile":{"background-color":"var(--ast-global-color-5)","background-image":"","background-repeat":"repeat","background-position":"center center","background-size":"auto","background-attachment":"scroll","background-type":"","background-media":"","overlay-type":"","overlay-color":"","overlay-opacity":"","overlay-gradient":""}},"footnotes":""},"categories":[11],"tags":[],"class_list":["post-17036","post","type-post","status-publish","format-standard","has-post-thumbnail","hentry","category-noticias"],"aioseo_notices":[],"_links":{"self":[{"href":"https:\/\/contarotacoes.com\/index.php?rest_route=\/wp\/v2\/posts\/17036","targetHints":{"allow":["GET"]}}],"collection":[{"href":"https:\/\/contarotacoes.com\/index.php?rest_route=\/wp\/v2\/posts"}],"about":[{"href":"https:\/\/contarotacoes.com\/index.php?rest_route=\/wp\/v2\/types\/post"}],"author":[{"embeddable":true,"href":"https:\/\/contarotacoes.com\/index.php?rest_route=\/wp\/v2\/users\/2"}],"replies":[{"embeddable":true,"href":"https:\/\/contarotacoes.com\/index.php?rest_route=%2Fwp%2Fv2%2Fcomments&post=17036"}],"version-history":[{"count":1,"href":"https:\/\/contarotacoes.com\/index.php?rest_route=\/wp\/v2\/posts\/17036\/revisions"}],"predecessor-version":[{"id":17038,"href":"https:\/\/contarotacoes.com\/index.php?rest_route=\/wp\/v2\/posts\/17036\/revisions\/17038"}],"wp:featuredmedia":[{"embeddable":true,"href":"https:\/\/contarotacoes.com\/index.php?rest_route=\/wp\/v2\/media\/17037"}],"wp:attachment":[{"href":"https:\/\/contarotacoes.com\/index.php?rest_route=%2Fwp%2Fv2%2Fmedia&parent=17036"}],"wp:term":[{"taxonomy":"category","embeddable":true,"href":"https:\/\/contarotacoes.com\/index.php?rest_route=%2Fwp%2Fv2%2Fcategories&post=17036"},{"taxonomy":"post_tag","embeddable":true,"href":"https:\/\/contarotacoes.com\/index.php?rest_route=%2Fwp%2Fv2%2Ftags&post=17036"}],"curies":[{"name":"wp","href":"https:\/\/api.w.org\/{rel}","templated":true}]}}