{"id":16934,"date":"2025-05-17T20:38:19","date_gmt":"2025-05-17T20:38:19","guid":{"rendered":"https:\/\/contarotacoes.com\/?p=16934"},"modified":"2025-05-17T20:38:19","modified_gmt":"2025-05-17T20:38:19","slug":"lideranca-entre-os-portugueses","status":"publish","type":"post","link":"https:\/\/contarotacoes.com\/?p=16934","title":{"rendered":"Lideran\u00e7a entre os portugueses"},"content":{"rendered":"<p style=\"font-weight: 400; text-align: justify;\"><strong>Armindo Ara\u00fajo com dia tranquilo<\/strong><\/p>\n<p style=\"font-weight: 400; text-align: justify;\">Disputadas as sete provas especiais de classifica\u00e7\u00e3o da segunda etapa do Rali de Portugal, Armindo Ara\u00fajo e Lu\u00eds Ramalho regressaram \u00e0 Exponor na lideran\u00e7a entre as equipas que lutam pelo p\u00f3dio final de melhor dupla portuguesa, depois de um dia sem quaisquer problemas ou sobressaltos.<\/p>\n<p style=\"font-weight: 400; text-align: justify;\">Com uma margem confort\u00e1vel na primeira posi\u00e7\u00e3o entre os portugueses, Armindo Ara\u00fajo precisa ainda de cumprir amanh\u00e3 as derradeiras seis classificativas da prova do ACP, para chegar ao grande objetivo a que se prop\u00f4s \u00e0 partida.\u00a0<strong><em>\u201cFizemos uma etapa sem qualquer problema, n\u00e3o colocamos um ritmo muito elevado e defendemos bem a mec\u00e2nica do nosso Fabia RS. Chegamos \u00e0 primeira posi\u00e7\u00e3o entre os portugueses e terminamos o dia com uma margem que nos permite gerir bem o ritmo nas classificativas de amanh\u00e3 para podermos chegar a Matosinhos com o resultado que ambicionamos\u201d<\/em><\/strong>, disse o piloto de Santo Tirso.<\/p>\n<p style=\"font-weight: 400; text-align: justify;\">O derradeiro dia do Rali de Portugal ter\u00e1 seis provas especiais, com dupla passagem por Paredes, Felgueiras e Fafe, num total de 72,16 km. O p\u00f3dio final, em Matosinhos, est\u00e1 previsto para pouco depois das 15h00.<\/p>\n","protected":false},"excerpt":{"rendered":"<p>Armindo Ara\u00fajo com dia tranquilo Disputadas as sete provas especiais de classifica\u00e7\u00e3o da segunda etapa do Rali de Portugal, Armindo Ara\u00fajo e Lu\u00eds Ramalho regressaram \u00e0 Exponor na lideran\u00e7a entre as equipas que lutam pelo p\u00f3dio final de melhor dupla portuguesa, depois de um dia sem quaisquer problemas ou sobressaltos. Com uma margem confort\u00e1vel na [&hellip;]<\/p>\n","protected":false},"author":2,"featured_media":16935,"comment_status":"closed","ping_status":"open","sticky":false,"template":"","format":"standard","meta":{"_editorskit_title_hidden":false,"_editorskit_reading_time":0,"_editorskit_is_block_options_detached":false,"_editorskit_block_options_position":"{}","om_disable_all_campaigns":false,"_monsterinsights_skip_tracking":false,"_monsterinsights_sitenote_active":false,"_monsterinsights_sitenote_note":"","_monsterinsights_sitenote_category":0,"_uf_show_specific_survey":0,"_uf_disable_surveys":false,"site-sidebar-layout":"default","site-content-layout":"","ast-site-content-layout":"default","site-content-style":"default","site-sidebar-style":"default","ast-global-header-display":"","ast-banner-title-visibility":"","ast-main-header-display":"","ast-hfb-above-header-display":"","ast-hfb-below-header-display":"","ast-hfb-mobile-header-display":"","site-post-title":"","ast-breadcrumbs-content":"","ast-featured-img":"","footer-sml-layout":"","theme-transparent-header-meta":"default","adv-header-id-meta":"","stick-header-meta":"default","header-above-stick-meta":"","header-main-stick-meta":"","header-below-stick-meta":"","astra-migrate-meta-layouts":"set","ast-page-background-enabled":"default","ast-page-background-meta":{"desktop":{"background-color":"","background-image":"","background-repeat":"repeat","background-position":"center center","background-size":"auto","background-attachment":"scroll","background-type":"","background-media":"","overlay-type":"","overlay-color":"","overlay-opacity":"","overlay-gradient":""},"tablet":{"background-color":"","background-image":"","background-repeat":"repeat","background-position":"center center","background-size":"auto","background-attachment":"scroll","background-type":"","background-media":"","overlay-type":"","overlay-color":"","overlay-opacity":"","overlay-gradient":""},"mobile":{"background-color":"","background-image":"","background-repeat":"repeat","background-position":"center center","background-size":"auto","background-attachment":"scroll","background-type":"","background-media":"","overlay-type":"","overlay-color":"","overlay-opacity":"","overlay-gradient":""}},"ast-content-background-meta":{"desktop":{"background-color":"var(--ast-global-color-5)","background-image":"","background-repeat":"repeat","background-position":"center center","background-size":"auto","background-attachment":"scroll","background-type":"","background-media":"","overlay-type":"","overlay-color":"","overlay-opacity":"","overlay-gradient":""},"tablet":{"background-color":"var(--ast-global-color-5)","background-image":"","background-repeat":"repeat","background-position":"center center","background-size":"auto","background-attachment":"scroll","background-type":"","background-media":"","overlay-type":"","overlay-color":"","overlay-opacity":"","overlay-gradient":""},"mobile":{"background-color":"var(--ast-global-color-5)","background-image":"","background-repeat":"repeat","background-position":"center center","background-size":"auto","background-attachment":"scroll","background-type":"","background-media":"","overlay-type":"","overlay-color":"","overlay-opacity":"","overlay-gradient":""}},"footnotes":""},"categories":[11],"tags":[],"class_list":["post-16934","post","type-post","status-publish","format-standard","has-post-thumbnail","hentry","category-noticias"],"aioseo_notices":[],"_links":{"self":[{"href":"https:\/\/contarotacoes.com\/index.php?rest_route=\/wp\/v2\/posts\/16934","targetHints":{"allow":["GET"]}}],"collection":[{"href":"https:\/\/contarotacoes.com\/index.php?rest_route=\/wp\/v2\/posts"}],"about":[{"href":"https:\/\/contarotacoes.com\/index.php?rest_route=\/wp\/v2\/types\/post"}],"author":[{"embeddable":true,"href":"https:\/\/contarotacoes.com\/index.php?rest_route=\/wp\/v2\/users\/2"}],"replies":[{"embeddable":true,"href":"https:\/\/contarotacoes.com\/index.php?rest_route=%2Fwp%2Fv2%2Fcomments&post=16934"}],"version-history":[{"count":1,"href":"https:\/\/contarotacoes.com\/index.php?rest_route=\/wp\/v2\/posts\/16934\/revisions"}],"predecessor-version":[{"id":16936,"href":"https:\/\/contarotacoes.com\/index.php?rest_route=\/wp\/v2\/posts\/16934\/revisions\/16936"}],"wp:featuredmedia":[{"embeddable":true,"href":"https:\/\/contarotacoes.com\/index.php?rest_route=\/wp\/v2\/media\/16935"}],"wp:attachment":[{"href":"https:\/\/contarotacoes.com\/index.php?rest_route=%2Fwp%2Fv2%2Fmedia&parent=16934"}],"wp:term":[{"taxonomy":"category","embeddable":true,"href":"https:\/\/contarotacoes.com\/index.php?rest_route=%2Fwp%2Fv2%2Fcategories&post=16934"},{"taxonomy":"post_tag","embeddable":true,"href":"https:\/\/contarotacoes.com\/index.php?rest_route=%2Fwp%2Fv2%2Ftags&post=16934"}],"curies":[{"name":"wp","href":"https:\/\/api.w.org\/{rel}","templated":true}]}}