{"id":16927,"date":"2025-05-17T11:25:14","date_gmt":"2025-05-17T11:25:14","guid":{"rendered":"https:\/\/contarotacoes.com\/?p=16927"},"modified":"2025-05-17T11:25:14","modified_gmt":"2025-05-17T11:25:14","slug":"cpr-vodafone-rally-de-portugal-pedro-almeida-estreia-se-a-vencer","status":"publish","type":"post","link":"https:\/\/contarotacoes.com\/?p=16927","title":{"rendered":"CPR | Vodafone Rally de Portugal: Pedro Almeida estreia-se a vencer"},"content":{"rendered":"<p style=\"text-align: justify;\">Pedro Almeida (Skoda Fabia RS Rally2) foi o surpreendente vencedor da quarta jornada do Campeonato de Portugal de Ralis (CPR), decorrida na primeira etapa do Vodafone Rally de Portugal, depois de um verdadeiro \u201cgolpe de teatro\u201d na \u00faltima classificativa [Sever\/Albergaria], quando o l\u00edder destacado, Kris Meeke, se debateu com graves problemas na suspens\u00e3o traseira do Toyota GR Yaris Rally2 e j\u00e1 nem conseguiu chegar ao controlo hor\u00e1rio final, em Matosinhos (Exponor). A n\u00edvel de tempo total, o brit\u00e2nico ganharia por uma margem de 9.5 segundos, mas teria, para certificar aquela que parecia ser a quarta vit\u00f3ria da \u00e9poca, que cumprir uma longa liga\u00e7\u00e3o at\u00e9 \u00e0 \u201cmeta\u201d\u2026<\/p>\n<p style=\"text-align: justify;\">Meeke dominou em absoluto, apesar de um furo, e chegou \u00e0 d\u00e9cima e derradeira classificativa com um pec\u00falio de 2m13.9s em rela\u00e7\u00e3o a Pedro Almeida, que aproveitara o furo de Armindo Ara\u00fajo (Skoda Fabia RS Rally2) j\u00e1 na parte final do dia para ascender ao segundo lugar e melhor portugu\u00eas e mais tarde vencedor.<\/p>\n<p style=\"text-align: justify;\">Numa prova bastante dura \u2013 a primeira etapa do rali portugu\u00eas do WRC comportava 149,48km em dez classificativas \u2013, devido ao estado dos pisos aquando da passagem das equipas do CPR, o piloto da Toyota destacou-se sempre de Dani Sordo (Hyundai i20 N Rally2). O espanhol da Hyundai, tal como sucedera nas tr\u00eas provas anteriores, nunca conseguiu superiorizar-se a Meeke e quando saiu de estrada, na quinta classificativa, estava a 15.1 segundos do l\u00edder. Depois e, na sequ\u00eancia do despiste, um problema el\u00e9trico impediu-o de continuar.<\/p>\n<p style=\"text-align: justify;\">A segunda passagem pelo tro\u00e7o da Lous\u00e3 foi pr\u00f3diga em incidentes, j\u00e1 que Meeke sofreu um furo, perdendo bastante tempo, e Sordo despistou-se, permitindo ao seu rival manter a lideran\u00e7a, com 48.3s face a Armindo Ara\u00fajo (Skoda Fabia RS Rally2). Este ascendeu ao primeiro lugar entre os pilotos portugueses logo em Mort\u00e1gua, apesar da oposi\u00e7\u00e3o de Pedro Almeida (Skoda Fabia RS Rally2) desde o in\u00edcio. Ricardo Teod\u00f3sio (Toyota GR Yaris Rally2) ainda rondou essa luta, com Jos\u00e9 Pedro Fontes (Citroen C3 Rally2) e Pedro Meireles (Skoda Fabia RS Rally2) muito por perto. Contudo, alguns contratempos surgidos ao algarvio fizeram-no perder tempo para aqueles advers\u00e1rios. Para al\u00e9m de Sordo, tamb\u00e9m Ernesto Cunha (Skoda Fabia Evo Rally2), devido a uma sa\u00edda de estrada sem consequ\u00eancias, desistiu na Lous\u00e3.<\/p>\n<p style=\"text-align: justify;\">O \u201cgolpe de teatro\u201d na lideran\u00e7a entre os pilotos portugueses aconteceu em Mort\u00e1gua 2, quando Armindo Ara\u00fajo furou e Pedro Almeida assumiu o segundo lugar, com 24.7s de vantagem para o piloto do Skoda. E Jos\u00e9 Pedro Fontes, que era quarto classificado, teve pior sorte, ao desistir devido a uma avaria na bomba de \u00f3leo do Citroen C3 Rally2. Quando o primeiro lugar parecia entregue a Meeke, que tinha 2m13.9s de vantagem para Almeida, surge novo volte-face, com a quebra da suspens\u00e3o traseira do Toyota. Embora tivesse conclu\u00eddo a \u201cespecial\u201d e totalizasse uma vantagem de 9.5s para aquele \u00faltimo, j\u00e1 n\u00e3o teve possibilidade de concluir o rali. O \u201cforcing\u201d de Armindo Ara\u00fajo nesse tro\u00e7o, que era a power stage do CPR, deixou-o a 2.7s de Almeida, depois de ter dominado entre os portugueses em mais de metade da prova. Quem esteve algo discreto, para o que tamb\u00e9m contribu\u00edram dois furos, foi o jovem Gon\u00e7alo Henriques (Hyundai i20 N Rally2).<\/p>\n<p style=\"text-align: justify;\"><strong>Classifica\u00e7\u00e3o final <\/strong>(Oficiosa)<\/p>\n<p style=\"text-align: justify;\">1\u00ba, Pedro Almeida\/Ant\u00f3nio Costa (Skoda Fabia RS Rally2), 1h50m37.4s<\/p>\n<p style=\"text-align: justify;\">2\u00ba, Armindo Ara\u00fajo\/Lu\u00eds Ramalho (Skoda Fabia RS Rally2), 1.50.40.1<\/p>\n<p style=\"text-align: justify;\">3\u00ba, Pedro Meireles\/M\u00e1rio Castro (Skoda Fabia RS Rally2), 1.51.36.5<\/p>\n<p style=\"text-align: justify;\">4\u00ba, Gon\u00e7alo Henriques\/In\u00eas Veiga (Hyundai i20 N Rally2), 1.52.49.4<\/p>\n<p style=\"text-align: justify;\">5\u00ba, Ricardo Teod\u00f3sio\/Jos\u00e9 Teixeira (Toyota GR Yaris Rally2), 1.52.51.6<\/p>\n<p style=\"text-align: justify;\">6\u00ba, Diogo Marujo\/Jorge Carvalho (Skoda Fabia Evo Rally2), 1.55.44.7<\/p>\n<p style=\"text-align: justify;\"><strong>CAMPEONATO<\/strong> (Classifica\u00e7\u00e3o oficiosa)<\/p>\n<p style=\"text-align: justify;\">1\u00ba, Kris Meeke, 81 pontos; 2\u00ba, Armindo Ara\u00fajo, 76; 3\u00ba, Dani Sordo, 66; 4\u00ba, Ricardo Teod\u00f3sio, 50; 5\u00ba, 6\u00ba, Pedro Almeida, 37; 6\u00ba, Pedro Meireles, 36; 7\u00ba, Gon\u00e7alo Henriques, 31; 8\u00ba, Jos\u00e9 Pedro Fontes, 29; 9\u00ba, R\u00faben Rodrigues, 18; 10\u00ba, Ernesto Cunha, 17.<\/p>\n<p style=\"text-align: justify;\">A pr\u00f3xima prova (quinta) do Campeonato de Portugal de Ralis, e que marca a entrada na fase de pisos de asfalto da temporada, \u00e9 o Rali de Castelo Branco e Vila Velha de R\u00f3d\u00e3o (13\/14 junho), organizado pela Escuderia de Castelo Branco.<\/p>\n<p style=\"text-align: justify;\"><b>Fotos: Zoom Motorsport\/FPAK<\/b><\/p>\n","protected":false},"excerpt":{"rendered":"<p>Pedro Almeida (Skoda Fabia RS Rally2) foi o surpreendente vencedor da quarta jornada do Campeonato de Portugal de Ralis (CPR), decorrida na primeira etapa do Vodafone Rally de Portugal, depois de um verdadeiro \u201cgolpe de teatro\u201d na \u00faltima classificativa [Sever\/Albergaria], quando o l\u00edder destacado, Kris Meeke, se debateu com graves problemas na suspens\u00e3o traseira do [&hellip;]<\/p>\n","protected":false},"author":2,"featured_media":16928,"comment_status":"closed","ping_status":"open","sticky":false,"template":"","format":"standard","meta":{"_editorskit_title_hidden":false,"_editorskit_reading_time":0,"_editorskit_is_block_options_detached":false,"_editorskit_block_options_position":"{}","om_disable_all_campaigns":false,"_monsterinsights_skip_tracking":false,"_monsterinsights_sitenote_active":false,"_monsterinsights_sitenote_note":"","_monsterinsights_sitenote_category":0,"_uf_show_specific_survey":0,"_uf_disable_surveys":false,"site-sidebar-layout":"default","site-content-layout":"","ast-site-content-layout":"default","site-content-style":"default","site-sidebar-style":"default","ast-global-header-display":"","ast-banner-title-visibility":"","ast-main-header-display":"","ast-hfb-above-header-display":"","ast-hfb-below-header-display":"","ast-hfb-mobile-header-display":"","site-post-title":"","ast-breadcrumbs-content":"","ast-featured-img":"","footer-sml-layout":"","theme-transparent-header-meta":"default","adv-header-id-meta":"","stick-header-meta":"default","header-above-stick-meta":"","header-main-stick-meta":"","header-below-stick-meta":"","astra-migrate-meta-layouts":"set","ast-page-background-enabled":"default","ast-page-background-meta":{"desktop":{"background-color":"","background-image":"","background-repeat":"repeat","background-position":"center center","background-size":"auto","background-attachment":"scroll","background-type":"","background-media":"","overlay-type":"","overlay-color":"","overlay-opacity":"","overlay-gradient":""},"tablet":{"background-color":"","background-image":"","background-repeat":"repeat","background-position":"center center","background-size":"auto","background-attachment":"scroll","background-type":"","background-media":"","overlay-type":"","overlay-color":"","overlay-opacity":"","overlay-gradient":""},"mobile":{"background-color":"","background-image":"","background-repeat":"repeat","background-position":"center center","background-size":"auto","background-attachment":"scroll","background-type":"","background-media":"","overlay-type":"","overlay-color":"","overlay-opacity":"","overlay-gradient":""}},"ast-content-background-meta":{"desktop":{"background-color":"var(--ast-global-color-5)","background-image":"","background-repeat":"repeat","background-position":"center center","background-size":"auto","background-attachment":"scroll","background-type":"","background-media":"","overlay-type":"","overlay-color":"","overlay-opacity":"","overlay-gradient":""},"tablet":{"background-color":"var(--ast-global-color-5)","background-image":"","background-repeat":"repeat","background-position":"center center","background-size":"auto","background-attachment":"scroll","background-type":"","background-media":"","overlay-type":"","overlay-color":"","overlay-opacity":"","overlay-gradient":""},"mobile":{"background-color":"var(--ast-global-color-5)","background-image":"","background-repeat":"repeat","background-position":"center center","background-size":"auto","background-attachment":"scroll","background-type":"","background-media":"","overlay-type":"","overlay-color":"","overlay-opacity":"","overlay-gradient":""}},"footnotes":""},"categories":[11],"tags":[],"class_list":["post-16927","post","type-post","status-publish","format-standard","has-post-thumbnail","hentry","category-noticias"],"aioseo_notices":[],"_links":{"self":[{"href":"https:\/\/contarotacoes.com\/index.php?rest_route=\/wp\/v2\/posts\/16927","targetHints":{"allow":["GET"]}}],"collection":[{"href":"https:\/\/contarotacoes.com\/index.php?rest_route=\/wp\/v2\/posts"}],"about":[{"href":"https:\/\/contarotacoes.com\/index.php?rest_route=\/wp\/v2\/types\/post"}],"author":[{"embeddable":true,"href":"https:\/\/contarotacoes.com\/index.php?rest_route=\/wp\/v2\/users\/2"}],"replies":[{"embeddable":true,"href":"https:\/\/contarotacoes.com\/index.php?rest_route=%2Fwp%2Fv2%2Fcomments&post=16927"}],"version-history":[{"count":1,"href":"https:\/\/contarotacoes.com\/index.php?rest_route=\/wp\/v2\/posts\/16927\/revisions"}],"predecessor-version":[{"id":16929,"href":"https:\/\/contarotacoes.com\/index.php?rest_route=\/wp\/v2\/posts\/16927\/revisions\/16929"}],"wp:featuredmedia":[{"embeddable":true,"href":"https:\/\/contarotacoes.com\/index.php?rest_route=\/wp\/v2\/media\/16928"}],"wp:attachment":[{"href":"https:\/\/contarotacoes.com\/index.php?rest_route=%2Fwp%2Fv2%2Fmedia&parent=16927"}],"wp:term":[{"taxonomy":"category","embeddable":true,"href":"https:\/\/contarotacoes.com\/index.php?rest_route=%2Fwp%2Fv2%2Fcategories&post=16927"},{"taxonomy":"post_tag","embeddable":true,"href":"https:\/\/contarotacoes.com\/index.php?rest_route=%2Fwp%2Fv2%2Ftags&post=16927"}],"curies":[{"name":"wp","href":"https:\/\/api.w.org\/{rel}","templated":true}]}}