{"id":16913,"date":"2025-05-17T11:04:22","date_gmt":"2025-05-17T11:04:22","guid":{"rendered":"https:\/\/contarotacoes.com\/?p=16913"},"modified":"2025-05-17T11:04:22","modified_gmt":"2025-05-17T11:04:22","slug":"primeira-etapa-do-rali-de-portugal-positiva","status":"publish","type":"post","link":"https:\/\/contarotacoes.com\/?p=16913","title":{"rendered":"Primeira etapa do Rali de Portugal positiva"},"content":{"rendered":"<p style=\"font-weight: 400; text-align: justify;\">Armindo Ara\u00fajo e Lu\u00eds Ramalho fizeram uma primeira etapa muito positiva no Rali de Portugal e terminaram a parte competitiva pontu\u00e1vel para o Campeonato de Portugal de Ralis na segunda posi\u00e7\u00e3o final, melhorando tamb\u00e9m a pontua\u00e7\u00e3o m\u00e1xima na power stage.<\/p>\n<p style=\"font-weight: 400; text-align: justify;\">Num dia em que venceram, at\u00e9 \u00e0 nona especial a luta pela posi\u00e7\u00e3o de melhores portugueses na prova do ACP, a dupla do Fabia RS acabou por ser v\u00edtima de um furo e, com isso, perder a possibilidade de alcan\u00e7ar um resultado ainda amais positivo.\u00a0<strong><em>\u201cSab\u00edamos que seria um dia muito dif\u00edcil, tentamos imprimir um bom ritmo que nos permitimos alcan\u00e7ar um bom resultado para o CPR e lideramos entre os portugueses. Conseguimos faz\u00ea-lo at\u00e9 \u00e0 segunda passagem pela classificativa de Mort\u00e1gua, altura em que furamos e perdemos uma posi\u00e7\u00e3o. Atacamos forte nas duas \u00faltimas especiais, mas n\u00e3o conseguimos vencer o rali por escassos 2,7s. Parab\u00e9ns ao Pedro Almeida que fez tamb\u00e9m uma excelente prova e conseguiu a sua primeira vit\u00f3ria no campeonato\u201d<\/em><\/strong>\u00a0, come\u00e7ou por dizer Armindo Ara\u00fajo.<\/p>\n<p style=\"font-weight: 400; text-align: justify;\">Com as contas do CPR fechadas, o piloto de Santo Tirso partir\u00e1 amanh\u00e3 para a segunda etapa com o objetivo de conseguir ser o melhor portugu\u00eas, que \u00e9 o grande objetivo tra\u00e7ado \u00e0 partida.\u00a0<strong><em>&#8220;Estamos satisfeitos com o desfecho do primeiro dia, onde saltamos para a segunda posi\u00e7\u00e3o do campeonato e vamos agora focarmo-nos em alcan\u00e7ar a posi\u00e7\u00e3o de melhor dupla nacional. Ainda estamos muito rali pela frente, mas estamos confiantes&#8221;<\/em><\/strong>\u00a0, disse ainda.<\/p>\n<p style=\"font-weight: 400; text-align: justify;\">A segunda etapa do Rali de Portugal ter\u00e1 in\u00edcio bem cedo com a disputa da classificativa de Vieira do Minho, que antecede a passagem por Cabeceiras de Basto e Amarante, tro\u00e7os que ter\u00e3o nova visita na parte da tarde. O dia de s\u00e1bado termina com a m\u00edtica especial na pista da Costilha em Lousada.<\/p>\n","protected":false},"excerpt":{"rendered":"<p>Armindo Ara\u00fajo e Lu\u00eds Ramalho fizeram uma primeira etapa muito positiva no Rali de Portugal e terminaram a parte competitiva pontu\u00e1vel para o Campeonato de Portugal de Ralis na segunda posi\u00e7\u00e3o final, melhorando tamb\u00e9m a pontua\u00e7\u00e3o m\u00e1xima na power stage. Num dia em que venceram, at\u00e9 \u00e0 nona especial a luta pela posi\u00e7\u00e3o de melhores [&hellip;]<\/p>\n","protected":false},"author":2,"featured_media":16914,"comment_status":"closed","ping_status":"open","sticky":false,"template":"","format":"standard","meta":{"_editorskit_title_hidden":false,"_editorskit_reading_time":0,"_editorskit_is_block_options_detached":false,"_editorskit_block_options_position":"{}","om_disable_all_campaigns":false,"_monsterinsights_skip_tracking":false,"_monsterinsights_sitenote_active":false,"_monsterinsights_sitenote_note":"","_monsterinsights_sitenote_category":0,"_uf_show_specific_survey":0,"_uf_disable_surveys":false,"site-sidebar-layout":"default","site-content-layout":"","ast-site-content-layout":"default","site-content-style":"default","site-sidebar-style":"default","ast-global-header-display":"","ast-banner-title-visibility":"","ast-main-header-display":"","ast-hfb-above-header-display":"","ast-hfb-below-header-display":"","ast-hfb-mobile-header-display":"","site-post-title":"","ast-breadcrumbs-content":"","ast-featured-img":"","footer-sml-layout":"","theme-transparent-header-meta":"default","adv-header-id-meta":"","stick-header-meta":"default","header-above-stick-meta":"","header-main-stick-meta":"","header-below-stick-meta":"","astra-migrate-meta-layouts":"set","ast-page-background-enabled":"default","ast-page-background-meta":{"desktop":{"background-color":"","background-image":"","background-repeat":"repeat","background-position":"center center","background-size":"auto","background-attachment":"scroll","background-type":"","background-media":"","overlay-type":"","overlay-color":"","overlay-opacity":"","overlay-gradient":""},"tablet":{"background-color":"","background-image":"","background-repeat":"repeat","background-position":"center center","background-size":"auto","background-attachment":"scroll","background-type":"","background-media":"","overlay-type":"","overlay-color":"","overlay-opacity":"","overlay-gradient":""},"mobile":{"background-color":"","background-image":"","background-repeat":"repeat","background-position":"center center","background-size":"auto","background-attachment":"scroll","background-type":"","background-media":"","overlay-type":"","overlay-color":"","overlay-opacity":"","overlay-gradient":""}},"ast-content-background-meta":{"desktop":{"background-color":"var(--ast-global-color-5)","background-image":"","background-repeat":"repeat","background-position":"center center","background-size":"auto","background-attachment":"scroll","background-type":"","background-media":"","overlay-type":"","overlay-color":"","overlay-opacity":"","overlay-gradient":""},"tablet":{"background-color":"var(--ast-global-color-5)","background-image":"","background-repeat":"repeat","background-position":"center center","background-size":"auto","background-attachment":"scroll","background-type":"","background-media":"","overlay-type":"","overlay-color":"","overlay-opacity":"","overlay-gradient":""},"mobile":{"background-color":"var(--ast-global-color-5)","background-image":"","background-repeat":"repeat","background-position":"center center","background-size":"auto","background-attachment":"scroll","background-type":"","background-media":"","overlay-type":"","overlay-color":"","overlay-opacity":"","overlay-gradient":""}},"footnotes":""},"categories":[11],"tags":[],"class_list":["post-16913","post","type-post","status-publish","format-standard","has-post-thumbnail","hentry","category-noticias"],"aioseo_notices":[],"_links":{"self":[{"href":"https:\/\/contarotacoes.com\/index.php?rest_route=\/wp\/v2\/posts\/16913","targetHints":{"allow":["GET"]}}],"collection":[{"href":"https:\/\/contarotacoes.com\/index.php?rest_route=\/wp\/v2\/posts"}],"about":[{"href":"https:\/\/contarotacoes.com\/index.php?rest_route=\/wp\/v2\/types\/post"}],"author":[{"embeddable":true,"href":"https:\/\/contarotacoes.com\/index.php?rest_route=\/wp\/v2\/users\/2"}],"replies":[{"embeddable":true,"href":"https:\/\/contarotacoes.com\/index.php?rest_route=%2Fwp%2Fv2%2Fcomments&post=16913"}],"version-history":[{"count":1,"href":"https:\/\/contarotacoes.com\/index.php?rest_route=\/wp\/v2\/posts\/16913\/revisions"}],"predecessor-version":[{"id":16915,"href":"https:\/\/contarotacoes.com\/index.php?rest_route=\/wp\/v2\/posts\/16913\/revisions\/16915"}],"wp:featuredmedia":[{"embeddable":true,"href":"https:\/\/contarotacoes.com\/index.php?rest_route=\/wp\/v2\/media\/16914"}],"wp:attachment":[{"href":"https:\/\/contarotacoes.com\/index.php?rest_route=%2Fwp%2Fv2%2Fmedia&parent=16913"}],"wp:term":[{"taxonomy":"category","embeddable":true,"href":"https:\/\/contarotacoes.com\/index.php?rest_route=%2Fwp%2Fv2%2Fcategories&post=16913"},{"taxonomy":"post_tag","embeddable":true,"href":"https:\/\/contarotacoes.com\/index.php?rest_route=%2Fwp%2Fv2%2Ftags&post=16913"}],"curies":[{"name":"wp","href":"https:\/\/api.w.org\/{rel}","templated":true}]}}