{"id":16910,"date":"2025-05-16T22:57:21","date_gmt":"2025-05-16T22:57:21","guid":{"rendered":"https:\/\/contarotacoes.com\/?p=16910"},"modified":"2025-05-17T11:01:29","modified_gmt":"2025-05-17T11:01:29","slug":"dominio-de-ott-tanak-hyundai-na-primeira-etapa-do-vodafone-rally-de-portugal","status":"publish","type":"post","link":"https:\/\/contarotacoes.com\/?p=16910","title":{"rendered":"Dom\u00ednio de Ott T\u00e4nak (Hyundai) na primeira etapa do Vodafone Rally de Portugal"},"content":{"rendered":"<p style=\"text-align: justify;\"><strong>A edi\u00e7\u00e3o 2025 do Vodafone Rally de Portugal est\u00e1 ao rubro! Ap\u00f3s 11 classificativas e cerca de 150 quil\u00f3metros disputados ao cron\u00f3metro, os dois primeiros classificados terminaram a primeira etapa separados por escassos 7 segundos e o top 5 por apenas 32,7 segundos. Ott T\u00e4nak (Hyundai) foi o her\u00f3i do dia, contrariando o dom\u00ednio que a Toyota tem exercido desde o in\u00edcio do ano. Pela primeira vez na sua carreira, Pedro Almeida (Skoda) foi o melhor entre os concorrentes do Campeonato de Portugal de Ralis e o primeiro entre os pilotos nacionais.<\/strong><\/p>\n<p style=\"text-align: justify;\">Com sete vit\u00f3rias em 11 tro\u00e7os, a Hyundai entrou em grande forma na primeira etapa do Vodafone Rally de Portugal. Ott T\u00e4nak assumiu a lideran\u00e7a logo na primeira especial do dia e, at\u00e9 \u00e0 chegada a Matosinhos, conseguiu suster os ataques da armada da Toyota. Curiosamente, o tempo mais r\u00e1pido do est\u00f3nio, registou na \u00faltima classificativa, assinalou o 400.\u00ba da sua carreira no WRC.\u00a0<i>&#8220;Foi uma etapa exigente, especialmente nas segundas passagens. Nem sempre consegui encontrar o ritmo ideal, mas as duas \u00faltimas especiais correram bem&#8221;<\/i>\u00a0, afirmou.<\/p>\n<p style=\"text-align: justify;\">Com duas vit\u00f3rias em tro\u00e7os, S\u00e9bastien Ogier parte para o dia de amanh\u00e3 a apenas sete segundos do rival da Hyundai Shell Mobis World Rally Team.\u00a0<i>&#8220;Hoje foi uma etapa dif\u00edcil. Guardei os pneus macios para amanh\u00e3 e espero que tenha sido uma boa decis\u00e3o&#8221;<\/i>\u00a0, referiu o piloto da Toyota Gazoo Racing WRT.<\/p>\n<p style=\"text-align: justify;\">Nas posi\u00e7\u00f5es imediatas terminaram os colegas da equipa Takamoto Katsuta e o bicampe\u00e3o do mundo Kalle Rovanper\u00e4, que conseguiu manter Thierry Neuville (Hyundai) \u00e0 dist\u00e2ncia nos quil\u00f3metros finais. O belga perdeu preciosos segundos com um pi\u00e3o na se\u00e7\u00e3o matinal.\u00a0<i>&#8220;Foi dif\u00edcil fazer bons tempos. Os pisos eram muito escorregadios. Estou feliz por termos recuperados a velocidade e estar mais \u00e0 vontade com o carro na parte final.&#8221;<\/i><\/p>\n<p style=\"text-align: justify;\">J\u00e1 Elfyn Evans, atual l\u00edder do WRC, \u201cpagou\u201d pelo estatuto de l\u00edder do campeonato, ao ter de abrir a estrada \u2013 tarefa ingrata que o custou tempo precioso enfrenta aos rivais diretos na luta pelo t\u00edtulo.\u00a0<i>&#8220;Foi um dia dif\u00edcil e algo frustrante. Esper\u00e1vamos estar mais bem classificados, mas terminamos. Esperemos que amanh\u00e3 corra melhor.&#8221;<\/i><\/p>\n<p style=\"text-align: justify;\">Sami Pajari, da Toyota, conseguiu manter-se \u00e0 frente dos Ford Puma de Gr\u00e9goire Munster e Josh McErlean, segurando a s\u00e9tima posi\u00e7\u00e3o.<br \/>\nM\u0101rti\u0146\u0161 Sesks, da M-Sport Ford, teve de parar 3,8 km ap\u00f3s o in\u00edcio da primeira especial para trocar a roda esquerda, depois de embater numa pedra e furar. O custou ao let\u00e3o tr\u00eas minutos e meio, comprometendo qualquer possibilidade de incidente um bom resultado no dia.<\/p>\n<p style=\"text-align: justify;\">Entre as incid\u00eancias da primeira etapa, destaque para a resist\u00eancia de Adrien Fourmaux. O piloto da Hyundai foi o mais r\u00e1pido nas quarta e quinta especiais, aproximando-se de apenas duas d\u00e9cimas de segundo da lideran\u00e7a da geral, antes de n\u00e3o conseguir evitar um pi\u00e3o na segunda passagem por Arganil. O impacto danificou a suspens\u00e3o do seu Hyundai i20, for\u00e7ando o franc\u00eas a abandonar para o resto do dia.<\/p>\n<p style=\"text-align: justify;\"><strong>Dom\u00ednio total de Oliver Solberg no WRC2<\/strong><\/p>\n<p style=\"text-align: justify;\">Na categoria WRC2, Oliver Solberg dominou o volante do Toyota GR Yaris Rally2, encerrando a etapa entre os dez primeiros da geral. O piloto sueco terminou a primeira etapa com uma vantagem de 53,5 segundos sobre Gus Greensmith (Skoda), depois de Yohan Rossel (Citro\u00ebn) ter sofrido um furo na \u00faltima classifica\u00e7\u00e3o, caindo para o terceiro posto.<\/p>\n<p style=\"text-align: justify;\"><strong>A estreia de Pedro Almeida no Campeonato de Portugal de Ralis<\/strong><\/p>\n<p style=\"text-align: justify;\">A primeira etapa do Vodafone Rally de Portugal fez parte do Campeonato de Portugal de Ralis (CPR) e terminou com a vit\u00f3ria de Pedro Almeida (Skoda Fabia RS Rally2), ap\u00f3s um verdadeiro golpe de teatro j\u00e1 depois de concluir a \u00faltima classificativa. Kris Meeke (Toyota GR Yaris Rally2) foi o mais r\u00e1pido depois de concluir as 11 classificativas, mas na liga\u00e7\u00e3o para o parque fechado na Exponor, a suspens\u00e3o cedeu e o piloto foi obrigado a desistir. O azar do piloto ingl\u00eas foi \u00e0 sorte de Pedro Almeida, que assim conquistou a primeira vit\u00f3ria no campeonato nacional, com 2,7 s de vantagem sobre Armindo Ara\u00fajo (Skoda Fabia RS Rally2) e 59,1 s sobre Pedro Meireles (Skoda Fabia RS Rally2).<\/p>\n<p style=\"text-align: justify;\"><strong>O dia de amanh\u00e3<\/strong><\/p>\n<p style=\"text-align: justify;\">A segunda etapa, marcada para s\u00e1bado, inclui sete provas especiais de classifica\u00e7\u00e3o, totalizando 122,7 quil\u00f4metros cronometrados. O percurso contempla o regresso da classificativa de Vieira do Minho, duas passagens pelos tro\u00e7os de Cabeceiras de Basto e Amarante, e termina com o Super Especial no renovado Eurocircuito de Lousada.<\/p>\n<p><strong>Classifica\u00e7\u00e3o no final da 1.\u00aa etapa<\/strong><\/p>\n<p style=\"text-align: justify;\">1.\u00ba Ott T\u00e4nak \/ Martin J\u00e4rveoja (Hyundai i20N Rally1), 1h41m26,2s<br \/>\n2.\u00ba S\u00e9bastien Ogier \/ Vincent Landais (Toyota GR Yaris Rally1), +7,0s<br \/>\n3.\u00ba Takamoto Katsuta \/ Aaron Johnston (Toyota GR Yaris Rally1), +27,1s<br \/>\n4.\u00ba Kalle Rovanper\u00e4 \/ Jonne Halttunen (Toyota GR Yaris Rally1), +28,3s<br \/>\n5.\u00ba Thierry Neuville \/ Martijn Wydaeghe (Hyundai i20N Rally1), +32,7s<br \/>\n6.\u00ba Sami Pajari \/ Marko Salminen (Toyota GR Yaris Rally1), +1m01,4s<br \/>\n7.\u00ba Elfyn Evans \/ Scott Martin (Toyota GR Yaris Rally1), +1m09,0s<br \/>\n8.\u00ba Gr\u00e9goire Munster \/ Louis Louka (Ford Puma Rally1), +1m50,2s<br \/>\n9.\u00ba Joshua McErlean \/ Eoin Treacy (Ford Puma Rally1), +1m54,3s<br \/>\n10.\u00ba Oliver Solberg \/ Elliott Edmondson (Toyota GR Yaris Rally2), +3m38,2s (1.\u00ba Rally2)<br \/>\n27.\u00ba Kris Meeke \/ Stuart Loudon (Toyota GR Yaris Rally2), +9m01,7s (1.\u00ba CPR)<br \/>\n29.\u00ba Pedro Almeida \/ Ant\u00f3nio Costa (Skoda Fabia RS Rally2), +9m11,2s (1.\u00ba portugu\u00eas)<\/p>\n<p><strong>Programa<\/strong><\/p>\n<p><u>S\u00e1bado, 17 de maio<\/u><br \/>\nPE12 \u2013 Vieira do Minho 1 (17,69 km) \u2013 07h35<br \/>\nPE13 \u2013 Cabeceiras de Basto 1 (19,91 km) \u2013 08h35<br \/>\nPE14 \u2013 Amarante 1 (22,10 km) \u2013 10h25<br \/>\nPE15 \u2013 Vieira do Minho 2 (17,69 km) \u2013 15h05<br \/>\nPE16 \u2013 Cabeceiras de Basto 2 (19,91 km) \u2013 16h05<br \/>\nPE17 \u2013 Amarante 2 (22,10 km) \u2013 17h55<br \/>\nSS18 \u2013 Lousada (3,36 km) \u2013 19h05<\/p>\n<p><u>Domingo, 18 de maio<\/u><br \/>\nSS19 \u2013 Paredes 1 (16,09 km) \u2013 06h43<br \/>\nPE20 \u2013 Felgueiras 1 (8,81 km) \u2013 07h48<br \/>\nPE21 \u2013 Fafe 1 (11,18 km) \u2013 08h35<br \/>\nSS22 \u2013 Paredes 2 (16,09 km) \u2013 09h58<br \/>\nPE23 \u2013 Felgueiras 2 (8,81 km) \u2013 11h03<br \/>\nSS24 \u2013 Fafe 2 &#8211; Etapa de Pot\u00eancia (11,18 km) \u2013 13h15<\/p>\n","protected":false},"excerpt":{"rendered":"<p>A edi\u00e7\u00e3o 2025 do Vodafone Rally de Portugal est\u00e1 ao rubro! Ap\u00f3s 11 classificativas e cerca de 150 quil\u00f3metros disputados ao cron\u00f3metro, os dois primeiros classificados terminaram a primeira etapa separados por escassos 7 segundos e o top 5 por apenas 32,7 segundos. Ott T\u00e4nak (Hyundai) foi o her\u00f3i do dia, contrariando o dom\u00ednio que [&hellip;]<\/p>\n","protected":false},"author":2,"featured_media":16911,"comment_status":"closed","ping_status":"open","sticky":false,"template":"","format":"standard","meta":{"_editorskit_title_hidden":false,"_editorskit_reading_time":0,"_editorskit_is_block_options_detached":false,"_editorskit_block_options_position":"{}","om_disable_all_campaigns":false,"_monsterinsights_skip_tracking":false,"_monsterinsights_sitenote_active":false,"_monsterinsights_sitenote_note":"","_monsterinsights_sitenote_category":0,"_uf_show_specific_survey":0,"_uf_disable_surveys":false,"site-sidebar-layout":"default","site-content-layout":"","ast-site-content-layout":"default","site-content-style":"default","site-sidebar-style":"default","ast-global-header-display":"","ast-banner-title-visibility":"","ast-main-header-display":"","ast-hfb-above-header-display":"","ast-hfb-below-header-display":"","ast-hfb-mobile-header-display":"","site-post-title":"","ast-breadcrumbs-content":"","ast-featured-img":"","footer-sml-layout":"","theme-transparent-header-meta":"default","adv-header-id-meta":"","stick-header-meta":"default","header-above-stick-meta":"","header-main-stick-meta":"","header-below-stick-meta":"","astra-migrate-meta-layouts":"set","ast-page-background-enabled":"default","ast-page-background-meta":{"desktop":{"background-color":"","background-image":"","background-repeat":"repeat","background-position":"center center","background-size":"auto","background-attachment":"scroll","background-type":"","background-media":"","overlay-type":"","overlay-color":"","overlay-opacity":"","overlay-gradient":""},"tablet":{"background-color":"","background-image":"","background-repeat":"repeat","background-position":"center center","background-size":"auto","background-attachment":"scroll","background-type":"","background-media":"","overlay-type":"","overlay-color":"","overlay-opacity":"","overlay-gradient":""},"mobile":{"background-color":"","background-image":"","background-repeat":"repeat","background-position":"center center","background-size":"auto","background-attachment":"scroll","background-type":"","background-media":"","overlay-type":"","overlay-color":"","overlay-opacity":"","overlay-gradient":""}},"ast-content-background-meta":{"desktop":{"background-color":"var(--ast-global-color-5)","background-image":"","background-repeat":"repeat","background-position":"center center","background-size":"auto","background-attachment":"scroll","background-type":"","background-media":"","overlay-type":"","overlay-color":"","overlay-opacity":"","overlay-gradient":""},"tablet":{"background-color":"var(--ast-global-color-5)","background-image":"","background-repeat":"repeat","background-position":"center center","background-size":"auto","background-attachment":"scroll","background-type":"","background-media":"","overlay-type":"","overlay-color":"","overlay-opacity":"","overlay-gradient":""},"mobile":{"background-color":"var(--ast-global-color-5)","background-image":"","background-repeat":"repeat","background-position":"center center","background-size":"auto","background-attachment":"scroll","background-type":"","background-media":"","overlay-type":"","overlay-color":"","overlay-opacity":"","overlay-gradient":""}},"footnotes":""},"categories":[11],"tags":[],"class_list":["post-16910","post","type-post","status-publish","format-standard","has-post-thumbnail","hentry","category-noticias"],"aioseo_notices":[],"_links":{"self":[{"href":"https:\/\/contarotacoes.com\/index.php?rest_route=\/wp\/v2\/posts\/16910","targetHints":{"allow":["GET"]}}],"collection":[{"href":"https:\/\/contarotacoes.com\/index.php?rest_route=\/wp\/v2\/posts"}],"about":[{"href":"https:\/\/contarotacoes.com\/index.php?rest_route=\/wp\/v2\/types\/post"}],"author":[{"embeddable":true,"href":"https:\/\/contarotacoes.com\/index.php?rest_route=\/wp\/v2\/users\/2"}],"replies":[{"embeddable":true,"href":"https:\/\/contarotacoes.com\/index.php?rest_route=%2Fwp%2Fv2%2Fcomments&post=16910"}],"version-history":[{"count":1,"href":"https:\/\/contarotacoes.com\/index.php?rest_route=\/wp\/v2\/posts\/16910\/revisions"}],"predecessor-version":[{"id":16912,"href":"https:\/\/contarotacoes.com\/index.php?rest_route=\/wp\/v2\/posts\/16910\/revisions\/16912"}],"wp:featuredmedia":[{"embeddable":true,"href":"https:\/\/contarotacoes.com\/index.php?rest_route=\/wp\/v2\/media\/16911"}],"wp:attachment":[{"href":"https:\/\/contarotacoes.com\/index.php?rest_route=%2Fwp%2Fv2%2Fmedia&parent=16910"}],"wp:term":[{"taxonomy":"category","embeddable":true,"href":"https:\/\/contarotacoes.com\/index.php?rest_route=%2Fwp%2Fv2%2Fcategories&post=16910"},{"taxonomy":"post_tag","embeddable":true,"href":"https:\/\/contarotacoes.com\/index.php?rest_route=%2Fwp%2Fv2%2Ftags&post=16910"}],"curies":[{"name":"wp","href":"https:\/\/api.w.org\/{rel}","templated":true}]}}