{"id":16392,"date":"2025-05-05T10:43:30","date_gmt":"2025-05-05T10:43:30","guid":{"rendered":"https:\/\/contarotacoes.com\/?p=16392"},"modified":"2025-05-05T10:43:30","modified_gmt":"2025-05-05T10:43:30","slug":"vitor-pascoal-a-falperra-e-um-dos-desafios-mais-dificeis-da-epoca","status":"publish","type":"post","link":"https:\/\/contarotacoes.com\/?p=16392","title":{"rendered":"V\u00edtor Pascoal: &#8220;a Falperra \u00e9 um dos desafios mais dif\u00edceis da \u00e9poca&#8221;"},"content":{"rendered":"<p style=\"text-align: justify;\"><strong>V\u00edtor Pascoal encara a Rampa Internacional da Falperra como mais um desafio dif\u00edcil para suplantar. O piloto de Bai\u00e3o coloca como objetivo terminar entre os tr\u00eas primeiros dos pilotos que est\u00e3o na luta pelo t\u00edtulo na Categoria GT.<\/strong><strong>\u00a0<\/strong><\/p>\n<p style=\"text-align: justify;\">A \u2018festa\u2019 internacional da Falperra acontece j\u00e1 no pr\u00f3ximo fim-de-semana, com Braga a esperar, como sempre, mais de uma centena de milhar de aficionados, que n\u00e3o querem perder pitada do encontro anual entre o Europeu e o Campeonato de Portugal de Montanha JC Group.<\/p>\n<p style=\"text-align: justify;\">Para V\u00edtor Pascoal, a prova organizada pelo Clube Autom\u00f3vel do Minho assume-se como <strong>\u201cum dos mais dif\u00edceis desafios da temporada. Ainda para mais, depois de n\u00e3o termos vencido nas duas primeiras provas da temporada, apesar de estarmos sempre na luta pelo triunfo, tornando ainda mais dif\u00edcil a reconquista do t\u00edtulo, mas isto tamb\u00e9m \u00e9 prova de que o n\u00edvel na Categoria GT est\u00e1 cada vez mais forte e isso \u00e9 algo que todos temos de aplaudir\u201d<\/strong>.<\/p>\n<p style=\"text-align: justify;\">Mesmo assumindo que este arranque de temporada tem sido dif\u00edcil, V\u00edtor Pascoal tamb\u00e9m releva que <strong>\u201cest\u00e1 tudo em aberto quanto \u00e0 conquista do t\u00edtulo nos GT e quanto a uma boa posi\u00e7\u00e3o final na geral do campeonato. Estamos em segundo na tabela pontual da categoria e somos quartos em termos absolutos. \u00c9 um campeonato longo, onde \u00e9 fundamental recolher bons pontos em todas as provas e a Falperra \u00e9 mais uma rampa onde teremos de nos focar nesse objetivo\u201d<\/strong>, at\u00e9 porque, o tetracampe\u00e3o baionense reconhece que <strong>\u201cn\u00e3o \u00e9 uma das minhas rampas favoritas em termos de tra\u00e7ado, que n\u00e3o nos favorece, sendo ainda de real\u00e7ar que os nossos principais advers\u00e1rios est\u00e3o a jogar em casa, tendo um conhecimento da rampa imposs\u00edvel de igualar\u201d<\/strong>.<\/p>\n<p style=\"text-align: justify;\">O tetracampe\u00e3o real\u00e7a que <strong>\u201ca equipa fez um excelente trabalho no carro, como sempre. N\u00e3o iremos com pneus novos, mas os que levamos est\u00e3o aceit\u00e1veis e n\u00e3o ser\u00e1 por a\u00ed que deixaremos de lutar pelo p\u00f3dio entre os GT que pontuam para o campeonato. \u00c9 um objetivo vital, para encararmos a segunda parte da \u00e9poca com reais possibilidades de chegarmos a mais um t\u00edtulo\u201d<\/strong>.<\/p>\n<p style=\"text-align: justify;\">A Rampa Internacional da Falperra, realiza-se de 9 a 11 de maio. O primeiro dia \u00e9 reservado a uma exposi\u00e7\u00e3o e a uma parada dos carros no cora\u00e7\u00e3o da cidade de Braga. As hostilidades competitivas come\u00e7ar\u00e3o no s\u00e1bado com o CPM JC Group a realizar duas subidas de treinos cronometrados e um Subida de Prova. No domingo, a jornada final e decisiva arrancar\u00e1 com a \u00faltima subida de treinos cronometrados, antes da 2\u00aa e da 3\u00aa Subidas de Prova.<\/p>\n","protected":false},"excerpt":{"rendered":"<p>V\u00edtor Pascoal encara a Rampa Internacional da Falperra como mais um desafio dif\u00edcil para suplantar. O piloto de Bai\u00e3o coloca como objetivo terminar entre os tr\u00eas primeiros dos pilotos que est\u00e3o na luta pelo t\u00edtulo na Categoria GT.\u00a0 A \u2018festa\u2019 internacional da Falperra acontece j\u00e1 no pr\u00f3ximo fim-de-semana, com Braga a esperar, como sempre, mais [&hellip;]<\/p>\n","protected":false},"author":2,"featured_media":16393,"comment_status":"closed","ping_status":"open","sticky":false,"template":"","format":"standard","meta":{"_editorskit_title_hidden":false,"_editorskit_reading_time":0,"_editorskit_is_block_options_detached":false,"_editorskit_block_options_position":"{}","om_disable_all_campaigns":false,"_monsterinsights_skip_tracking":false,"_monsterinsights_sitenote_active":false,"_monsterinsights_sitenote_note":"","_monsterinsights_sitenote_category":0,"_uf_show_specific_survey":0,"_uf_disable_surveys":false,"site-sidebar-layout":"default","site-content-layout":"","ast-site-content-layout":"default","site-content-style":"default","site-sidebar-style":"default","ast-global-header-display":"","ast-banner-title-visibility":"","ast-main-header-display":"","ast-hfb-above-header-display":"","ast-hfb-below-header-display":"","ast-hfb-mobile-header-display":"","site-post-title":"","ast-breadcrumbs-content":"","ast-featured-img":"","footer-sml-layout":"","theme-transparent-header-meta":"default","adv-header-id-meta":"","stick-header-meta":"default","header-above-stick-meta":"","header-main-stick-meta":"","header-below-stick-meta":"","astra-migrate-meta-layouts":"set","ast-page-background-enabled":"default","ast-page-background-meta":{"desktop":{"background-color":"","background-image":"","background-repeat":"repeat","background-position":"center center","background-size":"auto","background-attachment":"scroll","background-type":"","background-media":"","overlay-type":"","overlay-color":"","overlay-opacity":"","overlay-gradient":""},"tablet":{"background-color":"","background-image":"","background-repeat":"repeat","background-position":"center center","background-size":"auto","background-attachment":"scroll","background-type":"","background-media":"","overlay-type":"","overlay-color":"","overlay-opacity":"","overlay-gradient":""},"mobile":{"background-color":"","background-image":"","background-repeat":"repeat","background-position":"center center","background-size":"auto","background-attachment":"scroll","background-type":"","background-media":"","overlay-type":"","overlay-color":"","overlay-opacity":"","overlay-gradient":""}},"ast-content-background-meta":{"desktop":{"background-color":"var(--ast-global-color-5)","background-image":"","background-repeat":"repeat","background-position":"center center","background-size":"auto","background-attachment":"scroll","background-type":"","background-media":"","overlay-type":"","overlay-color":"","overlay-opacity":"","overlay-gradient":""},"tablet":{"background-color":"var(--ast-global-color-5)","background-image":"","background-repeat":"repeat","background-position":"center center","background-size":"auto","background-attachment":"scroll","background-type":"","background-media":"","overlay-type":"","overlay-color":"","overlay-opacity":"","overlay-gradient":""},"mobile":{"background-color":"var(--ast-global-color-5)","background-image":"","background-repeat":"repeat","background-position":"center center","background-size":"auto","background-attachment":"scroll","background-type":"","background-media":"","overlay-type":"","overlay-color":"","overlay-opacity":"","overlay-gradient":""}},"footnotes":""},"categories":[11],"tags":[],"class_list":["post-16392","post","type-post","status-publish","format-standard","has-post-thumbnail","hentry","category-noticias"],"aioseo_notices":[],"_links":{"self":[{"href":"https:\/\/contarotacoes.com\/index.php?rest_route=\/wp\/v2\/posts\/16392","targetHints":{"allow":["GET"]}}],"collection":[{"href":"https:\/\/contarotacoes.com\/index.php?rest_route=\/wp\/v2\/posts"}],"about":[{"href":"https:\/\/contarotacoes.com\/index.php?rest_route=\/wp\/v2\/types\/post"}],"author":[{"embeddable":true,"href":"https:\/\/contarotacoes.com\/index.php?rest_route=\/wp\/v2\/users\/2"}],"replies":[{"embeddable":true,"href":"https:\/\/contarotacoes.com\/index.php?rest_route=%2Fwp%2Fv2%2Fcomments&post=16392"}],"version-history":[{"count":1,"href":"https:\/\/contarotacoes.com\/index.php?rest_route=\/wp\/v2\/posts\/16392\/revisions"}],"predecessor-version":[{"id":16394,"href":"https:\/\/contarotacoes.com\/index.php?rest_route=\/wp\/v2\/posts\/16392\/revisions\/16394"}],"wp:featuredmedia":[{"embeddable":true,"href":"https:\/\/contarotacoes.com\/index.php?rest_route=\/wp\/v2\/media\/16393"}],"wp:attachment":[{"href":"https:\/\/contarotacoes.com\/index.php?rest_route=%2Fwp%2Fv2%2Fmedia&parent=16392"}],"wp:term":[{"taxonomy":"category","embeddable":true,"href":"https:\/\/contarotacoes.com\/index.php?rest_route=%2Fwp%2Fv2%2Fcategories&post=16392"},{"taxonomy":"post_tag","embeddable":true,"href":"https:\/\/contarotacoes.com\/index.php?rest_route=%2Fwp%2Fv2%2Ftags&post=16392"}],"curies":[{"name":"wp","href":"https:\/\/api.w.org\/{rel}","templated":true}]}}