{"id":16340,"date":"2025-05-02T21:47:20","date_gmt":"2025-05-02T21:47:20","guid":{"rendered":"https:\/\/contarotacoes.com\/?p=16340"},"modified":"2025-05-02T21:47:20","modified_gmt":"2025-05-02T21:47:20","slug":"cpr-rali-terras-daboboreira-kris-meeke-ja-lidera-em-amarante","status":"publish","type":"post","link":"https:\/\/contarotacoes.com\/?p=16340","title":{"rendered":"CPR | Rali Terras D\u2019Aboboreira: Kris Meeke j\u00e1 lidera em Amarante"},"content":{"rendered":"<p style=\"text-align: justify;\">Meeke (Toyota GR Yaris Rally2), est\u00e1 na frente do Rali Terras D\u2019Aboboreira, com uma vantagem de 3.7s, depois de conclu\u00eddas, na noite desta sexta-feira, as tr\u00eas classificativas (16,73 km) da primeira etapa.<\/p>\n<p style=\"text-align: justify;\">Dani Sordo (Hyundai i20 N Rally2) ganhou a \u201cespecial\u201d de abertura, mas a partir da\u00ed Meeke, vencedor das duas jornadas iniciais da \u00e9poca (Fafe e Algarve), assumiu o comando do rali do Clube Autom\u00f3vel de Amarante. Aquele duo apoderou-se dos dois primeiros lugares, face ao \u201cpelot\u00e3o\u201d de pilotos do WRC2 que veio a Amarante preparar a etapa portuguesa do WRC, cavando uma diferen\u00e7a acentuada para os seus colegas do CPR, entre os quais se destacou Armindo Ara\u00fajo (Skoda Fabia RS Rally2). O piloto de Santo Tirso procurou cavar dist\u00e2ncia para o jovem Gon\u00e7alo Henriques (Hyundai i20 N Rally2), mas n\u00e3o foi al\u00e9m de 0.9s e no lote de candidatos ao lugar de melhor portugu\u00eas a primeira \u201cbaixa\u201d foi a de Pedro Almeida (Skoda Fabia RS Rally2), na sequ\u00eancia de um despiste no tro\u00e7o inaugural. Com v\u00e1rios protagonistas separados por diferen\u00e7as muito pequenas, na super-especial noturna de Marco de Canaveses Pedro Meireles (Skoda Fabia RS Rally2) ainda subiu \u00e0 quinta posi\u00e7\u00e3o do CPR, por troca com R\u00faben Rodrigues (Toyota GR Yaris Rally2).<\/p>\n<p style=\"text-align: justify;\">No CPR 2RM (duas rodas motrizes), o jovem Rafael Rego (Peugeot 208 Rally4) esteve em evid\u00eancia, j\u00e1 que superou a concorr\u00eancia nas tr\u00eas classificativas, construindo um pec\u00falio de 9.9s face a H\u00e9lder Miranda (Peugeot 208 Rally4), com Ricardo Sousa (Peugeot 208 Rally4) na terceira posi\u00e7\u00e3o. O l\u00edder do campeonato, Guilherme Meireles (Peugeot 208 Rally4) \u00e9 quarto classificado, a 15.5s do l\u00edder, e Gil Antunes (Peugeot 208 Rally4) o quinto, somando mais um segundo.<\/p>\n<p style=\"text-align: justify;\">Claro que tal como sucede a n\u00edvel absoluto, este s\u00e1bado, com 97,72 quil\u00f3metros de classificativas (7), \u00e9 quando tudo se vai decidir numa jornada em que se prev\u00ea, de novo, a queda de chuva.<\/p>\n<p style=\"text-align: justify;\"><strong>Classifica\u00e7\u00e3o ap\u00f3s PEC 3 (oficiosa)<\/strong><\/p>\n<p style=\"text-align: justify;\">1\u00ba, Kris Meeke\/Stuart Loudon (Toyota GR Yaris Rally2), 12m23.2s<\/p>\n<p style=\"text-align: justify;\">2\u00ba, Dani Sordo\/Patricia S\u00e1iz Ruiloba (Hyundai i20 N Rally2), a 3.7s<\/p>\n<p style=\"text-align: justify;\">3\u00ba, Martins Sesks\/Renars Francis (Ford Fiesta MKII Rally2), a 14.3<\/p>\n<p style=\"text-align: justify;\">4\u00ba, Roope Korhonen\/Anssi Viinikka (Toyota GR Yaris Rally2), a 18.5<\/p>\n<p style=\"text-align: justify;\">5\u00ba, Yohan Rossel\/Arnaud Dunand (Citroen C3 Rally2), a 19.9<\/p>\n<p style=\"text-align: justify;\">6\u00ba, Marco Bullacia\/Diego Vallejo (Toyota GR Yaris Rally2), a 22.7<\/p>\n<p style=\"text-align: justify;\">7\u00ba, Armindo Ara\u00fajo\/Lu\u00eds Ramalho (Skoda Fabia RS Rally2), a 25.7<\/p>\n<p style=\"text-align: justify;\">8\u00ba, Gon\u00e7alo Henriques\/In\u00eas Veiga (Hyundai i20 N Rally2), a 26.6<\/p>\n<p style=\"text-align: justify;\">9\u00ba, Jan Solans\/Rodrigo Sanjuan (Toyota GR Yaris Rally2), a 29.9<\/p>\n<p style=\"text-align: justify;\">10\u00ba, Pedro Meireles\/M\u00e1rio Castro (Skoda Fabia RS Rally2), a 32.0<\/p>\n<p style=\"text-align: justify;\">11\u00ba, Diego Ruiloba\/Angel Vela (Citroen C3 Rally2), a 32.4<\/p>\n<p style=\"text-align: justify;\">12\u00ba, R\u00faben Rodrigues\/Rui Raimundo (Toyota GR Yaris Rally2), a 34.1<\/p>\n<p style=\"text-align: justify;\">13\u00ba, Ricardo Teod\u00f3sio\/Jos\u00e9 Teixeira (Toyota GR Yaris Rally2), a 38.1<\/p>\n<p style=\"text-align: justify;\">14\u00ba, Jos\u00e9 Pedro Fontes\/In\u00eas Ponte (Citroen C3 Rally2), a 40.1<\/p>\n<p style=\"text-align: justify;\">15\u00ba, Ernesto Cunha\/Valter Cardoso (Skoda Fabia Evo Rally2), a 57.6<\/p>\n<p style=\"text-align: justify;\"><strong>2RM<\/strong><\/p>\n<p style=\"text-align: justify;\">1\u00ba, Rafael Rego\/Ana Gon\u00e7alves (Peugeot 208 Rally4), 14m22.6s<\/p>\n<p style=\"text-align: justify;\">2\u00ba, H\u00e9lder Miranda\/Andr\u00e9 Bastos (Peugeot 208 Rally4), a 9.9<\/p>\n<p style=\"text-align: justify;\">3\u00ba, Ricardo Sousa\/Lu\u00eds Marques (Peugeot 208 Rally4), a 13.3<\/p>\n<p style=\"text-align: justify;\">4\u00ba, Guilherme Meireles\/Pedro Alves (Peugeot 208 Rally4), a 15.5<\/p>\n<p style=\"text-align: justify;\">5\u00ba, Gil Antunes\/Alexandre Ramos (Peugeot 208 Rally4), a 16.5<\/p>\n<p style=\"text-align: justify;\"><strong>\u00a0<\/strong><strong>PROGRAMA DO RALI TERRAS D\u2019ABOBOREIRA<\/strong><\/p>\n<p style=\"text-align: justify;\"><strong>S\u00c1BADO<\/strong> (3 maio)<\/p>\n<p style=\"text-align: justify;\">Partida (Metalocardoso)\u00a0\u00a0\u00a0\u00a0\u00a0\u00a0\u00a0\u00a0\u00a0\u00a0\u00a0\u00a0\u00a0\u00a0\u00a0\u00a0\u00a0\u00a0\u00a0\u00a0\u00a0\u00a0\u00a0\u00a0\u00a0\u00a0\u00a0\u00a0\u00a0\u00a0\u00a0\u00a0\u00a0\u00a0\u00a0\u00a0\u00a0\u00a0\u00a0\u00a0\u00a0\u00a0\u00a0\u00a0\u00a0\u00a0\u00a0\u00a0\u00a0\u00a0\u00a0\u00a0\u00a0\u00a0\u00a0\u00a0\u00a0\u00a0\u00a0\u00a0\u00a0 08h00<\/p>\n<p style=\"text-align: justify;\"><strong>PEC 4 \u2013 Marco 2\u00a0\u00a0\u00a0\u00a0\u00a0\u00a0\u00a0\u00a0\u00a0\u00a0\u00a0\u00a0\u00a0\u00a0\u00a0\u00a0\u00a0\u00a0\u00a0\u00a0\u00a0\u00a0\u00a0\u00a0\u00a0\u00a0\u00a0\u00a0\u00a0\u00a0\u00a0\u00a0\u00a0\u00a0\u00a0\u00a0\u00a0\u00a0\u00a0\u00a0\u00a0\u00a0\u00a0\u00a0\u00a0\u00a0\u00a0\u00a0\u00a0\u00a0\u00a0\u00a0\u00a0\u00a0\u00a0\u00a0\u00a0\u00a0\u00a0\u00a0\u00a0\u00a0\u00a0\u00a0\u00a0\u00a0\u00a0\u00a0\u00a0\u00a0\u00a0\u00a0\u00a0\u00a0 09h10<\/strong><\/p>\n<p style=\"text-align: justify;\"><strong>PEC 5 \u2013 Bai\u00e3o <\/strong>(12,72 km)\u00a0 <strong>\u00a0\u00a0\u00a0\u00a0\u00a0\u00a0\u00a0\u00a0\u00a0\u00a0\u00a0\u00a0\u00a0\u00a0\u00a0\u00a0\u00a0\u00a0\u00a0\u00a0\u00a0\u00a0\u00a0\u00a0\u00a0\u00a0\u00a0\u00a0\u00a0\u00a0\u00a0\u00a0\u00a0\u00a0\u00a0\u00a0\u00a0\u00a0\u00a0\u00a0\u00a0\u00a0\u00a0\u00a0\u00a0\u00a0\u00a0\u00a0\u00a0\u00a0\u00a0\u00a0\u00a0\u00a0\u00a0\u00a0\u00a0\u00a0 09h45<\/strong><\/p>\n<p style=\"text-align: justify;\"><strong>PEC 6 \u2013 Mar\u00e3o <\/strong>(14,07 km) <strong>\u00a0\u00a0\u00a0\u00a0\u00a0\u00a0\u00a0\u00a0\u00a0\u00a0\u00a0\u00a0\u00a0\u00a0\u00a0\u00a0\u00a0\u00a0\u00a0\u00a0\u00a0\u00a0\u00a0\u00a0\u00a0\u00a0\u00a0\u00a0\u00a0\u00a0\u00a0\u00a0\u00a0\u00a0\u00a0\u00a0\u00a0\u00a0\u00a0\u00a0\u00a0\u00a0\u00a0\u00a0\u00a0\u00a0\u00a0\u00a0\u00a0\u00a0\u00a0\u00a0\u00a0\u00a0\u00a0\u00a0\u00a0\u00a0 10h30<\/strong><\/p>\n<p style=\"text-align: justify;\">Parque de Assist\u00eancia (Metalocardoso)\u00a0\u00a0\u00a0\u00a0\u00a0\u00a0\u00a0\u00a0\u00a0\u00a0\u00a0\u00a0\u00a0\u00a0\u00a0\u00a0\u00a0\u00a0\u00a0\u00a0\u00a0\u00a0\u00a0\u00a0\u00a0\u00a0\u00a0\u00a0\u00a0\u00a0\u00a0\u00a0\u00a0\u00a0\u00a0\u00a0\u00a0 12h20\/12h50<\/p>\n<p style=\"text-align: justify;\"><strong>PEC 7 \u2013 Amarante 2\u00a0\u00a0\u00a0\u00a0\u00a0\u00a0\u00a0\u00a0\u00a0\u00a0\u00a0\u00a0\u00a0\u00a0\u00a0\u00a0\u00a0\u00a0\u00a0\u00a0\u00a0\u00a0\u00a0\u00a0\u00a0\u00a0\u00a0\u00a0\u00a0\u00a0\u00a0\u00a0\u00a0\u00a0\u00a0\u00a0\u00a0\u00a0\u00a0\u00a0\u00a0\u00a0\u00a0\u00a0\u00a0\u00a0\u00a0\u00a0\u00a0\u00a0\u00a0\u00a0\u00a0\u00a0\u00a0\u00a0\u00a0\u00a0\u00a0\u00a0\u00a0\u00a0\u00a0\u00a0\u00a0\u00a0\u00a0\u00a0 13h35<\/strong><\/p>\n<p style=\"text-align: justify;\"><strong>PEC 8 \u2013 Aboboreira (<\/strong>21,13 km)<strong>\u00a0\u00a0\u00a0\u00a0\u00a0\u00a0\u00a0\u00a0\u00a0\u00a0\u00a0\u00a0\u00a0\u00a0\u00a0\u00a0\u00a0\u00a0\u00a0\u00a0\u00a0\u00a0\u00a0\u00a0\u00a0\u00a0\u00a0\u00a0\u00a0\u00a0\u00a0\u00a0\u00a0\u00a0\u00a0\u00a0\u00a0\u00a0\u00a0\u00a0\u00a0\u00a0\u00a0\u00a0\u00a0\u00a0\u00a0\u00a0\u00a0\u00a0 14h25<\/strong><\/p>\n<p style=\"text-align: justify;\"><strong>PEC 9 \u2013 Mar\u00e3o 2\u00a0\u00a0\u00a0\u00a0\u00a0\u00a0\u00a0\u00a0\u00a0\u00a0\u00a0\u00a0\u00a0\u00a0\u00a0\u00a0\u00a0\u00a0\u00a0\u00a0\u00a0\u00a0\u00a0\u00a0\u00a0\u00a0\u00a0\u00a0\u00a0\u00a0\u00a0\u00a0\u00a0\u00a0\u00a0\u00a0\u00a0\u00a0\u00a0\u00a0\u00a0\u00a0\u00a0\u00a0\u00a0\u00a0\u00a0\u00a0\u00a0\u00a0\u00a0\u00a0\u00a0\u00a0\u00a0\u00a0\u00a0\u00a0\u00a0\u00a0\u00a0\u00a0\u00a0\u00a0\u00a0\u00a0\u00a0\u00a0\u00a0\u00a0\u00a0\u00a0\u00a0\u00a0 15h20<\/strong><\/p>\n<p style=\"text-align: justify;\">Reagrupamento (Metalocardoso)\u00a0\u00a0\u00a0\u00a0\u00a0\u00a0\u00a0\u00a0\u00a0\u00a0\u00a0\u00a0\u00a0\u00a0\u00a0\u00a0\u00a0\u00a0\u00a0\u00a0\u00a0\u00a0\u00a0\u00a0\u00a0\u00a0\u00a0\u00a0\u00a0\u00a0\u00a0\u00a0\u00a0\u00a0\u00a0\u00a0\u00a0\u00a0\u00a0\u00a0\u00a0\u00a0\u00a0\u00a0\u00a0\u00a0\u00a0 16h20\/17h40<\/p>\n<p style=\"text-align: justify;\"><strong>PEC 10 \u2013 Aboboreira 2\u00a0\u00a0\u00a0\u00a0\u00a0\u00a0\u00a0\u00a0\u00a0\u00a0\u00a0\u00a0\u00a0\u00a0\u00a0\u00a0\u00a0\u00a0\u00a0\u00a0\u00a0\u00a0\u00a0\u00a0\u00a0\u00a0\u00a0\u00a0\u00a0\u00a0\u00a0\u00a0\u00a0\u00a0\u00a0\u00a0\u00a0\u00a0\u00a0\u00a0\u00a0\u00a0\u00a0\u00a0\u00a0\u00a0\u00a0\u00a0\u00a0\u00a0\u00a0\u00a0\u00a0\u00a0\u00a0\u00a0\u00a0\u00a0\u00a0\u00a0\u00a0\u00a0\u00a0 18h15<\/strong><\/p>\n<p style=\"text-align: justify;\">Final em Amarante (Rua General Silveira)\u00a0\u00a0\u00a0\u00a0\u00a0\u00a0\u00a0\u00a0\u00a0\u00a0\u00a0\u00a0\u00a0\u00a0\u00a0\u00a0\u00a0\u00a0\u00a0\u00a0\u00a0\u00a0\u00a0\u00a0\u00a0\u00a0\u00a0\u00a0\u00a0\u00a0\u00a0\u00a0\u00a0\u00a0\u00a0\u00a0\u00a0\u00a0\u00a0\u00a0\u00a0\u00a0\u00a0\u00a0\u00a0 19h15<\/p>\n<p style=\"text-align: justify;\"><b>Fotos: Zoom Motorsport\/FPAK<\/b><\/p>\n","protected":false},"excerpt":{"rendered":"<p>Meeke (Toyota GR Yaris Rally2), est\u00e1 na frente do Rali Terras D\u2019Aboboreira, com uma vantagem de 3.7s, depois de conclu\u00eddas, na noite desta sexta-feira, as tr\u00eas classificativas (16,73 km) da primeira etapa. Dani Sordo (Hyundai i20 N Rally2) ganhou a \u201cespecial\u201d de abertura, mas a partir da\u00ed Meeke, vencedor das duas jornadas iniciais da \u00e9poca [&hellip;]<\/p>\n","protected":false},"author":2,"featured_media":16341,"comment_status":"closed","ping_status":"open","sticky":false,"template":"","format":"standard","meta":{"_editorskit_title_hidden":false,"_editorskit_reading_time":0,"_editorskit_is_block_options_detached":false,"_editorskit_block_options_position":"{}","om_disable_all_campaigns":false,"_monsterinsights_skip_tracking":false,"_monsterinsights_sitenote_active":false,"_monsterinsights_sitenote_note":"","_monsterinsights_sitenote_category":0,"_uf_show_specific_survey":0,"_uf_disable_surveys":false,"site-sidebar-layout":"default","site-content-layout":"","ast-site-content-layout":"default","site-content-style":"default","site-sidebar-style":"default","ast-global-header-display":"","ast-banner-title-visibility":"","ast-main-header-display":"","ast-hfb-above-header-display":"","ast-hfb-below-header-display":"","ast-hfb-mobile-header-display":"","site-post-title":"","ast-breadcrumbs-content":"","ast-featured-img":"","footer-sml-layout":"","theme-transparent-header-meta":"default","adv-header-id-meta":"","stick-header-meta":"default","header-above-stick-meta":"","header-main-stick-meta":"","header-below-stick-meta":"","astra-migrate-meta-layouts":"set","ast-page-background-enabled":"default","ast-page-background-meta":{"desktop":{"background-color":"","background-image":"","background-repeat":"repeat","background-position":"center center","background-size":"auto","background-attachment":"scroll","background-type":"","background-media":"","overlay-type":"","overlay-color":"","overlay-opacity":"","overlay-gradient":""},"tablet":{"background-color":"","background-image":"","background-repeat":"repeat","background-position":"center center","background-size":"auto","background-attachment":"scroll","background-type":"","background-media":"","overlay-type":"","overlay-color":"","overlay-opacity":"","overlay-gradient":""},"mobile":{"background-color":"","background-image":"","background-repeat":"repeat","background-position":"center center","background-size":"auto","background-attachment":"scroll","background-type":"","background-media":"","overlay-type":"","overlay-color":"","overlay-opacity":"","overlay-gradient":""}},"ast-content-background-meta":{"desktop":{"background-color":"var(--ast-global-color-5)","background-image":"","background-repeat":"repeat","background-position":"center center","background-size":"auto","background-attachment":"scroll","background-type":"","background-media":"","overlay-type":"","overlay-color":"","overlay-opacity":"","overlay-gradient":""},"tablet":{"background-color":"var(--ast-global-color-5)","background-image":"","background-repeat":"repeat","background-position":"center center","background-size":"auto","background-attachment":"scroll","background-type":"","background-media":"","overlay-type":"","overlay-color":"","overlay-opacity":"","overlay-gradient":""},"mobile":{"background-color":"var(--ast-global-color-5)","background-image":"","background-repeat":"repeat","background-position":"center center","background-size":"auto","background-attachment":"scroll","background-type":"","background-media":"","overlay-type":"","overlay-color":"","overlay-opacity":"","overlay-gradient":""}},"footnotes":""},"categories":[11],"tags":[],"class_list":["post-16340","post","type-post","status-publish","format-standard","has-post-thumbnail","hentry","category-noticias"],"aioseo_notices":[],"_links":{"self":[{"href":"https:\/\/contarotacoes.com\/index.php?rest_route=\/wp\/v2\/posts\/16340","targetHints":{"allow":["GET"]}}],"collection":[{"href":"https:\/\/contarotacoes.com\/index.php?rest_route=\/wp\/v2\/posts"}],"about":[{"href":"https:\/\/contarotacoes.com\/index.php?rest_route=\/wp\/v2\/types\/post"}],"author":[{"embeddable":true,"href":"https:\/\/contarotacoes.com\/index.php?rest_route=\/wp\/v2\/users\/2"}],"replies":[{"embeddable":true,"href":"https:\/\/contarotacoes.com\/index.php?rest_route=%2Fwp%2Fv2%2Fcomments&post=16340"}],"version-history":[{"count":1,"href":"https:\/\/contarotacoes.com\/index.php?rest_route=\/wp\/v2\/posts\/16340\/revisions"}],"predecessor-version":[{"id":16342,"href":"https:\/\/contarotacoes.com\/index.php?rest_route=\/wp\/v2\/posts\/16340\/revisions\/16342"}],"wp:featuredmedia":[{"embeddable":true,"href":"https:\/\/contarotacoes.com\/index.php?rest_route=\/wp\/v2\/media\/16341"}],"wp:attachment":[{"href":"https:\/\/contarotacoes.com\/index.php?rest_route=%2Fwp%2Fv2%2Fmedia&parent=16340"}],"wp:term":[{"taxonomy":"category","embeddable":true,"href":"https:\/\/contarotacoes.com\/index.php?rest_route=%2Fwp%2Fv2%2Fcategories&post=16340"},{"taxonomy":"post_tag","embeddable":true,"href":"https:\/\/contarotacoes.com\/index.php?rest_route=%2Fwp%2Fv2%2Ftags&post=16340"}],"curies":[{"name":"wp","href":"https:\/\/api.w.org\/{rel}","templated":true}]}}