{"id":16337,"date":"2025-05-02T21:43:03","date_gmt":"2025-05-02T21:43:03","guid":{"rendered":"https:\/\/contarotacoes.com\/?p=16337"},"modified":"2025-05-02T21:43:03","modified_gmt":"2025-05-02T21:43:03","slug":"etapa-positiva-em-terras-daboboreira","status":"publish","type":"post","link":"https:\/\/contarotacoes.com\/?p=16337","title":{"rendered":"Etapa positiva em Terras D&#8217;Aboboreira"},"content":{"rendered":"<p style=\"font-weight: 400; text-align: justify;\"><strong>Armindo Ara\u00fajo no p\u00f3dio do CPR<\/strong><strong>\u00a0<\/strong><\/p>\n<p style=\"font-weight: 400; text-align: justify;\">Ap\u00f3s as tr\u00eas especiais de classifica\u00e7\u00e3o, disputadas na primeira etapa do Rali Terras D\u2019Aboboreira, Armindo Ara\u00fajo e Lu\u00eds Ramalho ocupam a terceira posi\u00e7\u00e3o do Campeonato de Portugal de Ralis, sendo, por isso, a melhor dupla nacional na prova pontu\u00e1vel para o European Rally Trophy.<\/p>\n<p style=\"font-weight: 400; text-align: justify;\">Num dia em que se come\u00e7aram a marcar as primeiras diferen\u00e7as entre os candidatos aos primeiros lugares da classifica\u00e7\u00e3o, Armindo Ara\u00fajo mostrou-se satisfeito com a sua presta\u00e7\u00e3o.\u00a0<strong><em>\u201cImprimimos um bom ritmo nas especiais de hoje e conseguimos terminar o dia no p\u00f3dio e sermos os mais r\u00e1pidos entre as equipas nacionais. Numa etapa curta e com muitos quil\u00f3metros ainda pela frente, n\u00e3o quisemos correr quaisquer riscos e estamos muito confiantes para o dia de amanh\u00e3. Estamos a ter uma luta animada pelo p\u00f3dio e queremos terminar o rali com um bom resultado\u201d,<\/em><\/strong>\u00a0disse no final da etapa o piloto de Santo Tirso.<\/p>\n<p style=\"font-weight: 400; text-align: justify;\">O Rali Terras D\u2019Aboboreira ter\u00e1 amanh\u00e3 mais sete provas especiais, com uma segunda passagem pela classificativa do Marco e Amarante, uma passagem por Bai\u00e3o e duas por Mar\u00e3o e Aboboreira, a \u00faltima que ser\u00e1 a Power Stage da prova organizada pelo Clube Autom\u00f3vel de Amarante.<\/p>\n","protected":false},"excerpt":{"rendered":"<p>Armindo Ara\u00fajo no p\u00f3dio do CPR\u00a0 Ap\u00f3s as tr\u00eas especiais de classifica\u00e7\u00e3o, disputadas na primeira etapa do Rali Terras D\u2019Aboboreira, Armindo Ara\u00fajo e Lu\u00eds Ramalho ocupam a terceira posi\u00e7\u00e3o do Campeonato de Portugal de Ralis, sendo, por isso, a melhor dupla nacional na prova pontu\u00e1vel para o European Rally Trophy. Num dia em que se [&hellip;]<\/p>\n","protected":false},"author":2,"featured_media":16338,"comment_status":"closed","ping_status":"open","sticky":false,"template":"","format":"standard","meta":{"_editorskit_title_hidden":false,"_editorskit_reading_time":0,"_editorskit_is_block_options_detached":false,"_editorskit_block_options_position":"{}","om_disable_all_campaigns":false,"_monsterinsights_skip_tracking":false,"_monsterinsights_sitenote_active":false,"_monsterinsights_sitenote_note":"","_monsterinsights_sitenote_category":0,"_uf_show_specific_survey":0,"_uf_disable_surveys":false,"site-sidebar-layout":"default","site-content-layout":"","ast-site-content-layout":"default","site-content-style":"default","site-sidebar-style":"default","ast-global-header-display":"","ast-banner-title-visibility":"","ast-main-header-display":"","ast-hfb-above-header-display":"","ast-hfb-below-header-display":"","ast-hfb-mobile-header-display":"","site-post-title":"","ast-breadcrumbs-content":"","ast-featured-img":"","footer-sml-layout":"","theme-transparent-header-meta":"default","adv-header-id-meta":"","stick-header-meta":"default","header-above-stick-meta":"","header-main-stick-meta":"","header-below-stick-meta":"","astra-migrate-meta-layouts":"set","ast-page-background-enabled":"default","ast-page-background-meta":{"desktop":{"background-color":"","background-image":"","background-repeat":"repeat","background-position":"center center","background-size":"auto","background-attachment":"scroll","background-type":"","background-media":"","overlay-type":"","overlay-color":"","overlay-opacity":"","overlay-gradient":""},"tablet":{"background-color":"","background-image":"","background-repeat":"repeat","background-position":"center center","background-size":"auto","background-attachment":"scroll","background-type":"","background-media":"","overlay-type":"","overlay-color":"","overlay-opacity":"","overlay-gradient":""},"mobile":{"background-color":"","background-image":"","background-repeat":"repeat","background-position":"center center","background-size":"auto","background-attachment":"scroll","background-type":"","background-media":"","overlay-type":"","overlay-color":"","overlay-opacity":"","overlay-gradient":""}},"ast-content-background-meta":{"desktop":{"background-color":"var(--ast-global-color-5)","background-image":"","background-repeat":"repeat","background-position":"center center","background-size":"auto","background-attachment":"scroll","background-type":"","background-media":"","overlay-type":"","overlay-color":"","overlay-opacity":"","overlay-gradient":""},"tablet":{"background-color":"var(--ast-global-color-5)","background-image":"","background-repeat":"repeat","background-position":"center center","background-size":"auto","background-attachment":"scroll","background-type":"","background-media":"","overlay-type":"","overlay-color":"","overlay-opacity":"","overlay-gradient":""},"mobile":{"background-color":"var(--ast-global-color-5)","background-image":"","background-repeat":"repeat","background-position":"center center","background-size":"auto","background-attachment":"scroll","background-type":"","background-media":"","overlay-type":"","overlay-color":"","overlay-opacity":"","overlay-gradient":""}},"footnotes":""},"categories":[11],"tags":[],"class_list":["post-16337","post","type-post","status-publish","format-standard","has-post-thumbnail","hentry","category-noticias"],"aioseo_notices":[],"_links":{"self":[{"href":"https:\/\/contarotacoes.com\/index.php?rest_route=\/wp\/v2\/posts\/16337","targetHints":{"allow":["GET"]}}],"collection":[{"href":"https:\/\/contarotacoes.com\/index.php?rest_route=\/wp\/v2\/posts"}],"about":[{"href":"https:\/\/contarotacoes.com\/index.php?rest_route=\/wp\/v2\/types\/post"}],"author":[{"embeddable":true,"href":"https:\/\/contarotacoes.com\/index.php?rest_route=\/wp\/v2\/users\/2"}],"replies":[{"embeddable":true,"href":"https:\/\/contarotacoes.com\/index.php?rest_route=%2Fwp%2Fv2%2Fcomments&post=16337"}],"version-history":[{"count":1,"href":"https:\/\/contarotacoes.com\/index.php?rest_route=\/wp\/v2\/posts\/16337\/revisions"}],"predecessor-version":[{"id":16339,"href":"https:\/\/contarotacoes.com\/index.php?rest_route=\/wp\/v2\/posts\/16337\/revisions\/16339"}],"wp:featuredmedia":[{"embeddable":true,"href":"https:\/\/contarotacoes.com\/index.php?rest_route=\/wp\/v2\/media\/16338"}],"wp:attachment":[{"href":"https:\/\/contarotacoes.com\/index.php?rest_route=%2Fwp%2Fv2%2Fmedia&parent=16337"}],"wp:term":[{"taxonomy":"category","embeddable":true,"href":"https:\/\/contarotacoes.com\/index.php?rest_route=%2Fwp%2Fv2%2Fcategories&post=16337"},{"taxonomy":"post_tag","embeddable":true,"href":"https:\/\/contarotacoes.com\/index.php?rest_route=%2Fwp%2Fv2%2Ftags&post=16337"}],"curies":[{"name":"wp","href":"https:\/\/api.w.org\/{rel}","templated":true}]}}