{"id":16331,"date":"2025-05-02T21:31:09","date_gmt":"2025-05-02T21:31:09","guid":{"rendered":"https:\/\/contarotacoes.com\/?p=16331"},"modified":"2025-05-02T21:31:09","modified_gmt":"2025-05-02T21:31:09","slug":"novo-citroen-c3-foi-o-automovel-mais-vendido-em-portugal-em-abril","status":"publish","type":"post","link":"https:\/\/contarotacoes.com\/?p=16331","title":{"rendered":"NOVO CITRO\u00cbN C3 FOI O AUTOM\u00d3VEL MAIS VENDIDO EM PORTUGAL EM ABRIL"},"content":{"rendered":"<p style=\"text-align: justify;\"><img decoding=\"async\" class=\"CToWUd\" src=\"https:\/\/mail.google.com\/mail\/u\/0?ui=2&amp;ik=4ef27f2e91&amp;attid=0.0.4&amp;permmsgid=msg-f:1831029833263412701&amp;th=19691feea0cef5dd&amp;view=fimg&amp;fur=ip&amp;permmsgid=msg-f:1831029833263412701&amp;sz=s0-l75-ft&amp;attbid=ANGjdJ9eLEQqerSmCjWawKcd3zbmkVpH4MJxHvsLyBeK6xiROn0tJxvxnfjQmQVSHFTrcl_WflojZ5W6Pm6_nylTC22wRTjTRNvxoNm6v6kc9-0dhJEVgl_DmnEkd5w&amp;disp=emb&amp;zw\" alt=\"*\" width=\"12\" height=\"12\" data-image-whitelisted=\"\" data-bit=\"iit\" \/>\u00a0\u00a0\u00a0\u00a0\u00a0\u00a0<u><\/u><b>Recentemente eleito \u201cCarro do Ano 2025\u201d em Portugal, o novo Citro\u00ebn C3 foi o modelo preferido dos clientes portugueses no quarto m\u00eas do ano, com 622 unidades vendidas, incluindo vers\u00f5es t\u00e9rmicas e o 100% el\u00e9trico \u00eb-C3.<u><\/u><u><\/u><\/b><\/p>\n<p style=\"text-align: justify;\"><u><\/u><img decoding=\"async\" class=\"CToWUd\" src=\"https:\/\/mail.google.com\/mail\/u\/0?ui=2&amp;ik=4ef27f2e91&amp;attid=0.0.4&amp;permmsgid=msg-f:1831029833263412701&amp;th=19691feea0cef5dd&amp;view=fimg&amp;fur=ip&amp;permmsgid=msg-f:1831029833263412701&amp;sz=s0-l75-ft&amp;attbid=ANGjdJ8Jm-HiaC-L3aI_hYzd5gRk7GjjMH5YocrafVfjp26K7W0fSJSBvZiyDzcQ7MJbAN4HVC8JLVdej0d-HOhzD3HZOR_vPhfQ98ET6Ppxe6RMhgSdcaJm3nGBwM0&amp;disp=emb&amp;zw\" alt=\"*\" width=\"9\" height=\"9\" data-image-whitelisted=\"\" data-bit=\"iit\" \/>\u00a0\u00a0\u00a0\u00a0\u00a0\u00a0\u00a0\u00a0<u><\/u><b>Design, versatilidade, propulsores eletrificados e gama abrangente a pre\u00e7o competitivo garantiram o 1\u00ba lugar das vendas no m\u00eas \u00e0 quarta gera\u00e7\u00e3o do Citro\u00ebn C3, o modelo compacto da marca do\u00a0<i>double Chevron.<\/i><\/b><b><u><\/u><u><\/u><\/b><\/p>\n<p style=\"text-align: justify;\">O novo Citro\u00ebn C3 foi o autom\u00f3vel preferido dos clientes portugueses no m\u00eas de abril, no mercado nacional, segundo as estat\u00edsticas da ACAP agora divulgadas. Ostentando o selo de \u201cCarro do Ano 2025\u201d em Portugal, decorrente da vota\u00e7\u00e3o de um painel de 18 jornalistas, dos mais conceituados \u00f3rg\u00e3os de comunica\u00e7\u00e3o social nacionais, o compacto da marca do <i>double chevron<\/i>\u00a0imp\u00f4s-se, n\u00e3o s\u00f3 \u00e0 sua concorr\u00eancia no segmento, como a todos os demais modelos \u00e0 venda no mercado nacional.<u><\/u><u><\/u><u><\/u>\u00a0<u><\/u><\/p>\n<p style=\"text-align: justify;\">Foram 622 as novas unidades matriculadas do novo C3 em abril, modelo que representa o in\u00edcio de novo cap\u00edtulo para a Citro\u00ebn. Apostando numa gama multienergias, a Citro\u00ebn oferece, por um lado, o C3 com uma eficiente motoriza\u00e7\u00e3o 1.2 Turbo, a gasolina, e o C3 Hybrid 100, num segundo patamar de eletrifica\u00e7\u00e3o, assente na tecnologia Hybrid 48 V, capaz de realizar at\u00e9 50% das desloca\u00e7\u00f5es em cidade em modo el\u00e9trico, sem necessidade de carregamentos.<u><\/u><u><\/u><u><\/u>\u00a0<u><\/u><\/p>\n<p style=\"text-align: justify;\">Mas o novo C3 tamb\u00e9m representa a reinven\u00e7\u00e3o da marca Citro\u00ebn na resposta ao desafio de tornar a mobilidade el\u00e9trica acess\u00edvel a todos, com o \u00eb-C3, aquele que \u00e9 o primeiro\u00a0<i>hatchback<\/i>\u00a0do segmento B 100% el\u00e9trico da marca, equipado com um motor de 83 kW \/ 113 cv, associado a uma bateria de 44 kWh, capaz de uma autonomia superior a 320 km (ciclo WLTP).<u><\/u><u><\/u><u><\/u>\u00a0<u><\/u><\/p>\n<p style=\"text-align: justify;\">Destaque ainda para o facto de este volume de 622 unidades vendidas em abril integrar 226 unidades do novo Citro\u00ebn \u00eb-C3 (36% das vendas).<\/p>\n","protected":false},"excerpt":{"rendered":"<p>\u00a0\u00a0\u00a0\u00a0\u00a0\u00a0Recentemente eleito \u201cCarro do Ano 2025\u201d em Portugal, o novo Citro\u00ebn C3 foi o modelo preferido dos clientes portugueses no quarto m\u00eas do ano, com 622 unidades vendidas, incluindo vers\u00f5es t\u00e9rmicas e o 100% el\u00e9trico \u00eb-C3. \u00a0\u00a0\u00a0\u00a0\u00a0\u00a0\u00a0\u00a0Design, versatilidade, propulsores eletrificados e gama abrangente a pre\u00e7o competitivo garantiram o 1\u00ba lugar das vendas no m\u00eas \u00e0 [&hellip;]<\/p>\n","protected":false},"author":2,"featured_media":16332,"comment_status":"closed","ping_status":"open","sticky":false,"template":"","format":"standard","meta":{"_editorskit_title_hidden":false,"_editorskit_reading_time":0,"_editorskit_is_block_options_detached":false,"_editorskit_block_options_position":"{}","om_disable_all_campaigns":false,"_monsterinsights_skip_tracking":false,"_monsterinsights_sitenote_active":false,"_monsterinsights_sitenote_note":"","_monsterinsights_sitenote_category":0,"_uf_show_specific_survey":0,"_uf_disable_surveys":false,"site-sidebar-layout":"default","site-content-layout":"","ast-site-content-layout":"default","site-content-style":"default","site-sidebar-style":"default","ast-global-header-display":"","ast-banner-title-visibility":"","ast-main-header-display":"","ast-hfb-above-header-display":"","ast-hfb-below-header-display":"","ast-hfb-mobile-header-display":"","site-post-title":"","ast-breadcrumbs-content":"","ast-featured-img":"","footer-sml-layout":"","theme-transparent-header-meta":"default","adv-header-id-meta":"","stick-header-meta":"default","header-above-stick-meta":"","header-main-stick-meta":"","header-below-stick-meta":"","astra-migrate-meta-layouts":"set","ast-page-background-enabled":"default","ast-page-background-meta":{"desktop":{"background-color":"","background-image":"","background-repeat":"repeat","background-position":"center center","background-size":"auto","background-attachment":"scroll","background-type":"","background-media":"","overlay-type":"","overlay-color":"","overlay-opacity":"","overlay-gradient":""},"tablet":{"background-color":"","background-image":"","background-repeat":"repeat","background-position":"center center","background-size":"auto","background-attachment":"scroll","background-type":"","background-media":"","overlay-type":"","overlay-color":"","overlay-opacity":"","overlay-gradient":""},"mobile":{"background-color":"","background-image":"","background-repeat":"repeat","background-position":"center center","background-size":"auto","background-attachment":"scroll","background-type":"","background-media":"","overlay-type":"","overlay-color":"","overlay-opacity":"","overlay-gradient":""}},"ast-content-background-meta":{"desktop":{"background-color":"var(--ast-global-color-5)","background-image":"","background-repeat":"repeat","background-position":"center center","background-size":"auto","background-attachment":"scroll","background-type":"","background-media":"","overlay-type":"","overlay-color":"","overlay-opacity":"","overlay-gradient":""},"tablet":{"background-color":"var(--ast-global-color-5)","background-image":"","background-repeat":"repeat","background-position":"center center","background-size":"auto","background-attachment":"scroll","background-type":"","background-media":"","overlay-type":"","overlay-color":"","overlay-opacity":"","overlay-gradient":""},"mobile":{"background-color":"var(--ast-global-color-5)","background-image":"","background-repeat":"repeat","background-position":"center center","background-size":"auto","background-attachment":"scroll","background-type":"","background-media":"","overlay-type":"","overlay-color":"","overlay-opacity":"","overlay-gradient":""}},"footnotes":""},"categories":[13],"tags":[],"class_list":["post-16331","post","type-post","status-publish","format-standard","has-post-thumbnail","hentry","category-comercio"],"aioseo_notices":[],"_links":{"self":[{"href":"https:\/\/contarotacoes.com\/index.php?rest_route=\/wp\/v2\/posts\/16331","targetHints":{"allow":["GET"]}}],"collection":[{"href":"https:\/\/contarotacoes.com\/index.php?rest_route=\/wp\/v2\/posts"}],"about":[{"href":"https:\/\/contarotacoes.com\/index.php?rest_route=\/wp\/v2\/types\/post"}],"author":[{"embeddable":true,"href":"https:\/\/contarotacoes.com\/index.php?rest_route=\/wp\/v2\/users\/2"}],"replies":[{"embeddable":true,"href":"https:\/\/contarotacoes.com\/index.php?rest_route=%2Fwp%2Fv2%2Fcomments&post=16331"}],"version-history":[{"count":1,"href":"https:\/\/contarotacoes.com\/index.php?rest_route=\/wp\/v2\/posts\/16331\/revisions"}],"predecessor-version":[{"id":16333,"href":"https:\/\/contarotacoes.com\/index.php?rest_route=\/wp\/v2\/posts\/16331\/revisions\/16333"}],"wp:featuredmedia":[{"embeddable":true,"href":"https:\/\/contarotacoes.com\/index.php?rest_route=\/wp\/v2\/media\/16332"}],"wp:attachment":[{"href":"https:\/\/contarotacoes.com\/index.php?rest_route=%2Fwp%2Fv2%2Fmedia&parent=16331"}],"wp:term":[{"taxonomy":"category","embeddable":true,"href":"https:\/\/contarotacoes.com\/index.php?rest_route=%2Fwp%2Fv2%2Fcategories&post=16331"},{"taxonomy":"post_tag","embeddable":true,"href":"https:\/\/contarotacoes.com\/index.php?rest_route=%2Fwp%2Fv2%2Ftags&post=16331"}],"curies":[{"name":"wp","href":"https:\/\/api.w.org\/{rel}","templated":true}]}}