{"id":16185,"date":"2025-04-29T15:26:55","date_gmt":"2025-04-29T15:26:55","guid":{"rendered":"https:\/\/contarotacoes.com\/?p=16185"},"modified":"2025-04-29T15:26:55","modified_gmt":"2025-04-29T15:26:55","slug":"novo-ami-abre-encomendas-e-acrescenta-uma-nova-versao-buggy-a-gama","status":"publish","type":"post","link":"https:\/\/contarotacoes.com\/?p=16185","title":{"rendered":"NOVO AMI ABRE ENCOMENDAS E ACRESCENTA UMA NOVA VERS\u00c3O BUGGY \u00c0 GAMA"},"content":{"rendered":"<ul type=\"disc\">\n<li style=\"text-align: justify;\"><b>A Citro\u00ebn apresenta o novo Ami Buggy, uma proposta el\u00e9trica irreverente com o estilo de um aventureiro ao ar livre, aberto ao mundo exterior, que oferece uma experi\u00eancia de condu\u00e7\u00e3o a permitir desfrutar dos tempos livres de uma forma diferente.<\/b><b style=\"font-style: inherit;\">\u00a0<\/b><\/li>\n<\/ul>\n<ul style=\"text-align: justify;\" type=\"disc\">\n<li><b>Junta-se \u00e0 gama do novo Ami, apresentado no Sal\u00e3o Autom\u00f3vel de Paris de 2024, com o qual partilha um novo rosto de visual mais maduro e simp\u00e1tico, bem como um novo estilo, mais robusto e estruturado.<\/b><b style=\"font-style: inherit;\">\u00a0<\/b><\/li>\n<\/ul>\n<ul style=\"text-align: justify;\" type=\"disc\">\n<li><b>Para al\u00e9m do seu pre\u00e7o ultracompetitivo, o novo Ami mant\u00e9m todas as qualidades que fizeram dele um verdadeiro sucesso nos \u00faltimos cinco anos, com mais de 75.000 clientes j\u00e1 conquistados.<\/b><b style=\"font-style: inherit;\">\u00a0<\/b><\/li>\n<\/ul>\n<ul style=\"text-align: justify;\" type=\"disc\">\n<li><b>Uma solu\u00e7\u00e3o de micromobilidade el\u00e9trica leve e econ\u00f3mica, que preenche uma lacuna no mercado e facilita a vida no dia-a-dia: acess\u00edvel, f\u00e1cil de utilizar, seguro, de dois lugares, sem constrangimentos.<\/b><b style=\"font-style: inherit;\">\u00a0<\/b><\/li>\n<\/ul>\n<ul style=\"text-align: justify;\" type=\"disc\">\n<li><b>Com o objetivo de levar a independ\u00eancia e a liberdade ao maior n\u00famero poss\u00edvel de pessoas &#8211;\u00a0 pode ser personalizado com uma gama de pack colors -, est\u00e1 dispon\u00edvel para diferentes utiliza\u00e7\u00f5es com o pack Cargo, Ami for All*, Ami Buggy e a sua vers\u00e3o vitaminada Ami Buggy Palmeira, dotado de uma mascote chamada Andy.<\/b><b style=\"font-style: inherit;\">\u00a0<\/b><\/li>\n<\/ul>\n<ul style=\"text-align: justify;\" type=\"disc\">\n<li><b>As encomendas iniciam-se a 6 de maio, com os primeiros Ami Buggy a serem entregues em agosto.<\/b><\/li>\n<\/ul>\n<p style=\"text-align: justify;\">Revelado no Sal\u00e3o Autom\u00f3vel de Paris e com um design totalmente novo que o torna mais simp\u00e1tico e maduro, o novo Citro\u00ebn Ami estar\u00e1 dispon\u00edvel para encomenda a partir de 6 de maio. \u00c1gil, com uma autonomia el\u00e9trica de 75 km e carreg\u00e1vel em quatro horas a partir de uma tomada standard, o novo Citro\u00ebn Ami mant\u00e9m as receitas que o tornaram um sucesso desde h\u00e1 cinco anos: simples, econ\u00f3mico, acess\u00edvel e dispon\u00edvel dos 16 aos 99 anos com licen\u00e7a AM.<u><\/u><u><\/u><u><\/u>\u00a0<u><\/u><\/p>\n<p style=\"text-align: justify;\">Redesenhado para ser mais expressivo e com a nova cor Night Sepia, lan\u00e7ada no final do ano passado, o novo Citro\u00ebn Ami pode ser personalizado com tr\u00eas novos packs de cores \u2013 Spicy, Icy e Minty \u2013 para que cada um possa escolher o Ami que melhor se adapta \u00e0 sua imagem.<u><\/u><u><\/u><u><\/u>\u00a0<u><\/u><\/p>\n<p style=\"text-align: justify;\">A gama foi agora alargada com a introdu\u00e7\u00e3o do novo Ami Buggy, inspirado no\u00a0<i>concept<\/i> Ami Buggy Vision. O Buggy, anteriormente reservado a Edi\u00e7\u00f5es Limitadas, permite agora a todos desfrutarem das suas viagens com esp\u00edrito aventureiro a bordo de um ve\u00edculo com muito car\u00e1cter e aberto ao mundo exterior. Com um aspeto traquina e aventureiro, torna-se um convite \u00e0 mobilidade divertida, l\u00fadica e orientada para o lazer. Para ainda maior car\u00e1cter, o Ami Buggy est\u00e1 dispon\u00edvel na atrativa vers\u00e3o de cor \u00e1cida, denominada Palmeira.<\/p>\n","protected":false},"excerpt":{"rendered":"<p>A Citro\u00ebn apresenta o novo Ami Buggy, uma proposta el\u00e9trica irreverente com o estilo de um aventureiro ao ar livre, aberto ao mundo exterior, que oferece uma experi\u00eancia de condu\u00e7\u00e3o a permitir desfrutar dos tempos livres de uma forma diferente.\u00a0 Junta-se \u00e0 gama do novo Ami, apresentado no Sal\u00e3o Autom\u00f3vel de Paris de 2024, com [&hellip;]<\/p>\n","protected":false},"author":2,"featured_media":16186,"comment_status":"closed","ping_status":"open","sticky":false,"template":"","format":"standard","meta":{"_editorskit_title_hidden":false,"_editorskit_reading_time":0,"_editorskit_is_block_options_detached":false,"_editorskit_block_options_position":"{}","om_disable_all_campaigns":false,"_monsterinsights_skip_tracking":false,"_monsterinsights_sitenote_active":false,"_monsterinsights_sitenote_note":"","_monsterinsights_sitenote_category":0,"_uf_show_specific_survey":0,"_uf_disable_surveys":false,"site-sidebar-layout":"default","site-content-layout":"","ast-site-content-layout":"default","site-content-style":"default","site-sidebar-style":"default","ast-global-header-display":"","ast-banner-title-visibility":"","ast-main-header-display":"","ast-hfb-above-header-display":"","ast-hfb-below-header-display":"","ast-hfb-mobile-header-display":"","site-post-title":"","ast-breadcrumbs-content":"","ast-featured-img":"","footer-sml-layout":"","theme-transparent-header-meta":"default","adv-header-id-meta":"","stick-header-meta":"default","header-above-stick-meta":"","header-main-stick-meta":"","header-below-stick-meta":"","astra-migrate-meta-layouts":"set","ast-page-background-enabled":"default","ast-page-background-meta":{"desktop":{"background-color":"","background-image":"","background-repeat":"repeat","background-position":"center center","background-size":"auto","background-attachment":"scroll","background-type":"","background-media":"","overlay-type":"","overlay-color":"","overlay-opacity":"","overlay-gradient":""},"tablet":{"background-color":"","background-image":"","background-repeat":"repeat","background-position":"center center","background-size":"auto","background-attachment":"scroll","background-type":"","background-media":"","overlay-type":"","overlay-color":"","overlay-opacity":"","overlay-gradient":""},"mobile":{"background-color":"","background-image":"","background-repeat":"repeat","background-position":"center center","background-size":"auto","background-attachment":"scroll","background-type":"","background-media":"","overlay-type":"","overlay-color":"","overlay-opacity":"","overlay-gradient":""}},"ast-content-background-meta":{"desktop":{"background-color":"var(--ast-global-color-5)","background-image":"","background-repeat":"repeat","background-position":"center center","background-size":"auto","background-attachment":"scroll","background-type":"","background-media":"","overlay-type":"","overlay-color":"","overlay-opacity":"","overlay-gradient":""},"tablet":{"background-color":"var(--ast-global-color-5)","background-image":"","background-repeat":"repeat","background-position":"center center","background-size":"auto","background-attachment":"scroll","background-type":"","background-media":"","overlay-type":"","overlay-color":"","overlay-opacity":"","overlay-gradient":""},"mobile":{"background-color":"var(--ast-global-color-5)","background-image":"","background-repeat":"repeat","background-position":"center center","background-size":"auto","background-attachment":"scroll","background-type":"","background-media":"","overlay-type":"","overlay-color":"","overlay-opacity":"","overlay-gradient":""}},"footnotes":""},"categories":[13],"tags":[],"class_list":["post-16185","post","type-post","status-publish","format-standard","has-post-thumbnail","hentry","category-comercio"],"aioseo_notices":[],"_links":{"self":[{"href":"https:\/\/contarotacoes.com\/index.php?rest_route=\/wp\/v2\/posts\/16185","targetHints":{"allow":["GET"]}}],"collection":[{"href":"https:\/\/contarotacoes.com\/index.php?rest_route=\/wp\/v2\/posts"}],"about":[{"href":"https:\/\/contarotacoes.com\/index.php?rest_route=\/wp\/v2\/types\/post"}],"author":[{"embeddable":true,"href":"https:\/\/contarotacoes.com\/index.php?rest_route=\/wp\/v2\/users\/2"}],"replies":[{"embeddable":true,"href":"https:\/\/contarotacoes.com\/index.php?rest_route=%2Fwp%2Fv2%2Fcomments&post=16185"}],"version-history":[{"count":1,"href":"https:\/\/contarotacoes.com\/index.php?rest_route=\/wp\/v2\/posts\/16185\/revisions"}],"predecessor-version":[{"id":16187,"href":"https:\/\/contarotacoes.com\/index.php?rest_route=\/wp\/v2\/posts\/16185\/revisions\/16187"}],"wp:featuredmedia":[{"embeddable":true,"href":"https:\/\/contarotacoes.com\/index.php?rest_route=\/wp\/v2\/media\/16186"}],"wp:attachment":[{"href":"https:\/\/contarotacoes.com\/index.php?rest_route=%2Fwp%2Fv2%2Fmedia&parent=16185"}],"wp:term":[{"taxonomy":"category","embeddable":true,"href":"https:\/\/contarotacoes.com\/index.php?rest_route=%2Fwp%2Fv2%2Fcategories&post=16185"},{"taxonomy":"post_tag","embeddable":true,"href":"https:\/\/contarotacoes.com\/index.php?rest_route=%2Fwp%2Fv2%2Ftags&post=16185"}],"curies":[{"name":"wp","href":"https:\/\/api.w.org\/{rel}","templated":true}]}}