{"id":16006,"date":"2025-04-23T17:53:56","date_gmt":"2025-04-23T17:53:56","guid":{"rendered":"https:\/\/contarotacoes.com\/?p=16006"},"modified":"2025-04-23T17:53:56","modified_gmt":"2025-04-23T17:53:56","slug":"helder-oliveira-vai-lutar-por-podio-na-baja-tt-norte-de-portugal","status":"publish","type":"post","link":"https:\/\/contarotacoes.com\/?p=16006","title":{"rendered":"Helder Oliveira vai lutar por p\u00f3dio na Baja TT Norte de Portugal"},"content":{"rendered":"<p style=\"font-weight: 400; text-align: justify;\"><strong>Piloto de Barcelos venceu T3 em Castelo Branco<\/strong><\/p>\n<p style=\"font-weight: 400; text-align: justify;\">Depois de uma brilhante vit\u00f3ria entre os T3 alcan\u00e7ada na Baja Escuderia Castelo Branco, Helder Oliveira est\u00e1 de regresso \u00e0s competi\u00e7\u00f5es do Campeonato de Portugal de Todo-o-Terreno desta feita para disputar a Baja TT Norte de Portugal que se realiza entre os dias 25 e 27 de abril nas exigentes pistas de Valpa\u00e7os, Macedo de Cavaleiros, Mur\u00e7a e Vimioso.<\/p>\n<p style=\"font-weight: 400; text-align: justify;\">\u201cVamos disputar no pr\u00f3ximo fim-de-semana a Baja TT Norte, uma prova que eu gosto muito e onde temos tido bons resultados nos \u00faltimos anos. Esta \u00e9 a corrida mais pr\u00f3xima da minha cidade de Barcelos e por essa raz\u00e3o tenho participado regularmente. Temos tudo bem preparado e tudo indica que vamos ter uma prova com condi\u00e7\u00f5es secas, ao contr\u00e1rio do que aconteceu em Castelo Branco. Ainda vamos ter oportunidade de fazer um Shakedown antes da prova e, depois do bom resultado que tivemos em Castelo Branco, o nosso objetivo \u00e9 mantermo-nos na luta pela categoria T3, sendo que o objetivo principal \u00e9 terminar num lugar de p\u00f3dio. A nossa equipa Old Friends teve oportunidade de fazer uma revis\u00e3o completa ao carro e por isso est\u00e1 tudo nas melhores condi\u00e7\u00f5es\u201d, refere Helder Oliveira que vai participar na Baja TT do Norte aos comandos de um Can-Am Maverick T3 inscrito pelo Old Friends Rally Team tendo Carlos Mendes a seu lado.<\/p>\n<p style=\"font-weight: 400; text-align: justify;\">\u201cEsta prova \u00e9 normalmente exigente em termos de navega\u00e7\u00e3o, uma situa\u00e7\u00e3o que nos agrada, quer a mim quer ao meu navegador Carlos Mendes. O CAMI habituou-nos a \u00f3timas organiza\u00e7\u00f5es e est\u00e1 desde j\u00e1 de parab\u00e9ns pela promo\u00e7\u00e3o que fez da prova\u201d, salienta o piloto de Barcelos que parte muito motivado e com argumentos para realizar uma boa prova e lutar pelos lugares cimeiros.<\/p>\n<p style=\"font-weight: 400; text-align: justify;\">A Baja TT Norte de Portugal disputa-se de 25 a 27 de abril. A prova ter\u00e1 como centro nevr\u00e1lgico Valpa\u00e7os, mas vai tamb\u00e9m percorrer pistas dos concelhos de Macedo de Cavaleiros, Mur\u00e7a e Vimioso. A competi\u00e7\u00e3o contar\u00e1 com um pr\u00f3logo e duas etapas, num total de 540,16 km, 340,90 dos quais disputados ao cron\u00f3metro. O pr\u00f3logo de 8,75 km vai disputar-se na sexta-feira, dia 25 de abril. S\u00e1bado ter\u00e1 lugar a primeira etapa, composta por dois setores seletivos, de 108,25 km e 142,20 km, respetivamente.\u00a0 A segunda e derradeira etapa vai realizar-se no domingo, dia em que os pilotos ter\u00e3o pela frente o terceiro setor seletivo\u00a0de\u00a081,70\u00a0km.<\/p>\n<p style=\"font-weight: 400; text-align: justify;\">Mais informa\u00e7\u00f5es sobre a Baja TT Norte de Portugal\u00a0<a href=\"https:\/\/cami.pt\/baja-tt-norte-de-portugal\/\" data-saferedirecturl=\"https:\/\/www.google.com\/url?q=https:\/\/cami.pt\/baja-tt-norte-de-portugal\/&amp;source=gmail&amp;ust=1745513418214000&amp;usg=AOvVaw2TFMH56wiv_VeWqknrlcqY\">aqui<\/a><\/p>\n<p style=\"font-weight: 400; text-align: justify;\">Ou em Sportity com a pass: BAJATTNORTE25<\/p>\n","protected":false},"excerpt":{"rendered":"<p>Piloto de Barcelos venceu T3 em Castelo Branco Depois de uma brilhante vit\u00f3ria entre os T3 alcan\u00e7ada na Baja Escuderia Castelo Branco, Helder Oliveira est\u00e1 de regresso \u00e0s competi\u00e7\u00f5es do Campeonato de Portugal de Todo-o-Terreno desta feita para disputar a Baja TT Norte de Portugal que se realiza entre os dias 25 e 27 de [&hellip;]<\/p>\n","protected":false},"author":2,"featured_media":16007,"comment_status":"closed","ping_status":"open","sticky":false,"template":"","format":"standard","meta":{"_editorskit_title_hidden":false,"_editorskit_reading_time":0,"_editorskit_is_block_options_detached":false,"_editorskit_block_options_position":"{}","om_disable_all_campaigns":false,"_monsterinsights_skip_tracking":false,"_monsterinsights_sitenote_active":false,"_monsterinsights_sitenote_note":"","_monsterinsights_sitenote_category":0,"_uf_show_specific_survey":0,"_uf_disable_surveys":false,"site-sidebar-layout":"default","site-content-layout":"","ast-site-content-layout":"default","site-content-style":"default","site-sidebar-style":"default","ast-global-header-display":"","ast-banner-title-visibility":"","ast-main-header-display":"","ast-hfb-above-header-display":"","ast-hfb-below-header-display":"","ast-hfb-mobile-header-display":"","site-post-title":"","ast-breadcrumbs-content":"","ast-featured-img":"","footer-sml-layout":"","theme-transparent-header-meta":"default","adv-header-id-meta":"","stick-header-meta":"default","header-above-stick-meta":"","header-main-stick-meta":"","header-below-stick-meta":"","astra-migrate-meta-layouts":"set","ast-page-background-enabled":"default","ast-page-background-meta":{"desktop":{"background-color":"","background-image":"","background-repeat":"repeat","background-position":"center center","background-size":"auto","background-attachment":"scroll","background-type":"","background-media":"","overlay-type":"","overlay-color":"","overlay-opacity":"","overlay-gradient":""},"tablet":{"background-color":"","background-image":"","background-repeat":"repeat","background-position":"center center","background-size":"auto","background-attachment":"scroll","background-type":"","background-media":"","overlay-type":"","overlay-color":"","overlay-opacity":"","overlay-gradient":""},"mobile":{"background-color":"","background-image":"","background-repeat":"repeat","background-position":"center center","background-size":"auto","background-attachment":"scroll","background-type":"","background-media":"","overlay-type":"","overlay-color":"","overlay-opacity":"","overlay-gradient":""}},"ast-content-background-meta":{"desktop":{"background-color":"var(--ast-global-color-5)","background-image":"","background-repeat":"repeat","background-position":"center center","background-size":"auto","background-attachment":"scroll","background-type":"","background-media":"","overlay-type":"","overlay-color":"","overlay-opacity":"","overlay-gradient":""},"tablet":{"background-color":"var(--ast-global-color-5)","background-image":"","background-repeat":"repeat","background-position":"center center","background-size":"auto","background-attachment":"scroll","background-type":"","background-media":"","overlay-type":"","overlay-color":"","overlay-opacity":"","overlay-gradient":""},"mobile":{"background-color":"var(--ast-global-color-5)","background-image":"","background-repeat":"repeat","background-position":"center center","background-size":"auto","background-attachment":"scroll","background-type":"","background-media":"","overlay-type":"","overlay-color":"","overlay-opacity":"","overlay-gradient":""}},"footnotes":""},"categories":[11],"tags":[],"class_list":["post-16006","post","type-post","status-publish","format-standard","has-post-thumbnail","hentry","category-noticias"],"aioseo_notices":[],"_links":{"self":[{"href":"https:\/\/contarotacoes.com\/index.php?rest_route=\/wp\/v2\/posts\/16006","targetHints":{"allow":["GET"]}}],"collection":[{"href":"https:\/\/contarotacoes.com\/index.php?rest_route=\/wp\/v2\/posts"}],"about":[{"href":"https:\/\/contarotacoes.com\/index.php?rest_route=\/wp\/v2\/types\/post"}],"author":[{"embeddable":true,"href":"https:\/\/contarotacoes.com\/index.php?rest_route=\/wp\/v2\/users\/2"}],"replies":[{"embeddable":true,"href":"https:\/\/contarotacoes.com\/index.php?rest_route=%2Fwp%2Fv2%2Fcomments&post=16006"}],"version-history":[{"count":1,"href":"https:\/\/contarotacoes.com\/index.php?rest_route=\/wp\/v2\/posts\/16006\/revisions"}],"predecessor-version":[{"id":16008,"href":"https:\/\/contarotacoes.com\/index.php?rest_route=\/wp\/v2\/posts\/16006\/revisions\/16008"}],"wp:featuredmedia":[{"embeddable":true,"href":"https:\/\/contarotacoes.com\/index.php?rest_route=\/wp\/v2\/media\/16007"}],"wp:attachment":[{"href":"https:\/\/contarotacoes.com\/index.php?rest_route=%2Fwp%2Fv2%2Fmedia&parent=16006"}],"wp:term":[{"taxonomy":"category","embeddable":true,"href":"https:\/\/contarotacoes.com\/index.php?rest_route=%2Fwp%2Fv2%2Fcategories&post=16006"},{"taxonomy":"post_tag","embeddable":true,"href":"https:\/\/contarotacoes.com\/index.php?rest_route=%2Fwp%2Fv2%2Ftags&post=16006"}],"curies":[{"name":"wp","href":"https:\/\/api.w.org\/{rel}","templated":true}]}}