{"id":15992,"date":"2025-04-23T17:41:44","date_gmt":"2025-04-23T17:41:44","guid":{"rendered":"https:\/\/contarotacoes.com\/?p=15992"},"modified":"2025-04-23T17:41:44","modified_gmt":"2025-04-23T17:41:44","slug":"novo-citroen-c4-edicao-collection-2025-caracter-conforto-e-conectividade","status":"publish","type":"post","link":"https:\/\/contarotacoes.com\/?p=15992","title":{"rendered":"NOVO CITRO\u00cbN C4 EDI\u00c7\u00c3O \u201cCOLLECTION\u201d 2025: CAR\u00c1CTER, CONFORTO E CONECTIVIDADE"},"content":{"rendered":"<ul>\n<li style=\"text-align: justify;\"><strong>A Citro\u00ebn apresenta a edi\u00e7\u00e3o \u201cCollection\u201d 2025 da gama C4. Com um visual pleno de contrastes, elementos de estilo espec\u00edficos e uma vasta dota\u00e7\u00e3o de equipamento, destina-se aos clientes que procuram um autom\u00f3vel com um estilo distinto e elegante e um equipamento que garanta os mais elevados n\u00edveis de conforto e conectividade, mantendo-se acess\u00edvel.<\/strong><\/li>\n<li style=\"text-align: justify;\"><strong>Car\u00e1cter: jantes de liga leve de 18\u201d Black Amber, tejadilho tejadilho bitom preto Perla Nera, vidros traseiros escurecidos e Color C<em>lips<\/em> em cor especial \u2018Rouge Andr\u00e9\u2019.<\/strong><\/li>\n<li style=\"text-align: justify;\"><strong>Conforto e Conectividade: amplamente equipado com Navega\u00e7\u00e3o conectada 3D e um ecr\u00e3 t\u00e1til HD de 10&#8243;, painel de instrumentos digital de 7&#8243;, acesso m\u00e3os-livres de proximidade, bancos Advanced Comfort e suspens\u00f5es Advanced Comfort.<\/strong><\/li>\n<li style=\"text-align: justify;\"><strong>Esta vers\u00e3o interm\u00e9dia da gama, extremamente equipada, est\u00e1 dispon\u00edvel nas vers\u00f5es H\u00edbrido 145 cv \u00eb-DCS6 e El\u00e9trico 156 cv com uma autonomia alargada de 415 km.<\/strong><\/li>\n<li style=\"text-align: justify;\"><strong>Dispon\u00edvel para encomenda em Portugal a partir de 32.375 euros na vers\u00e3o H\u00edbrido e por 41.725 euros na vers\u00e3o El\u00e9trico.<\/strong><\/li>\n<\/ul>\n<p style=\"text-align: justify;\">Lan\u00e7ado em janeiro de 2025, o novo Citro\u00ebn C4 mudou de dimens\u00e3o. Crescendo em maturidade e car\u00e1cter, ao mesmo tempo que refor\u00e7ou os seus pontos fortes, como o conforto e o espa\u00e7o a bordo, o C4 evoluiu profundamente. A marca responde, assim, \u00e0s expectativas dos clientes deste segmento que procuram simplicidade, modernidade e robustez, com um modelo mais bem posicionado na estrada. O seu lan\u00e7amento foi um sucesso, com o C4 a manter o 2\u00ba lugar do seu segmento na Europa no in\u00edcio de 2025, posi\u00e7\u00e3o que j\u00e1 tinha alcan\u00e7ado em 2024, no mercado das berlinas compactas generalistas do segmento C.<\/p>\n<p style=\"text-align: justify;\">A Citro\u00ebn apresenta hoje uma nova edi\u00e7\u00e3o \u201cCollection\u201d 2025, que se junta \u00e0 gama para refor\u00e7ar a sua oferta e apostar numa vers\u00e3o mais din\u00e2mica e bem equipada do novo C4.\u00a0 Baseada no n\u00edvel PLUS, o cora\u00e7\u00e3o da nova gama, destina-se aos clientes que procuram um autom\u00f3vel com um estilo distinto e elegante e um equipamento que garanta os mais elevados n\u00edveis de conforto e conectividade, mantendo-se acess\u00edvel. No exterior, joga com os contrastes, com elementos de estilo em preto que acentuam o seu car\u00e1cter e dinamismo, enquanto no interior aposta na serenidade e na facilidade de utiliza\u00e7\u00e3o di\u00e1ria. Dispon\u00edvel para encomenda nas vers\u00f5es eletrificadas H\u00edbrido 145 cv e El\u00e9trico 156 cv com uma autonomia de 415 km, estar\u00e1 dispon\u00edvel ao longo de 2025 com as primeiras unidades a chegarem ao mercado no ver\u00e3o.<\/p>\n<p style=\"text-align: justify;\"><strong>C de Car\u00e1cter<br \/>\n<\/strong><\/p>\n<p style=\"text-align: justify;\">Ou C de Contraste, com os v\u00e1rios elementos de estilo em preto que conferem ao autom\u00f3vel um car\u00e1cter distintivo. No exterior, o novo C4 Collection distingue-se pelas <strong>novas jantes de liga leve de 18\u201d em Preto Amber<\/strong> que refor\u00e7am o estilo din\u00e2mico. O seu design geom\u00e9trico aumenta a efici\u00eancia e o estilo, incorporando inser\u00e7\u00f5es aerodin\u00e2micas em preto mate.<\/p>\n<p style=\"text-align: justify;\">Al\u00e9m das novas jantes, esta edi\u00e7\u00e3o recebe tamb\u00e9m <strong>um tejadilho bitom Preto Perla Nera e vidros traseiros escurecidos<\/strong> de s\u00e9rie. A escolha destes elementos refor\u00e7a a perce\u00e7\u00e3o de um perfil de coup\u00e9 mais din\u00e2mico e cria uma continuidade visual desde os flancos, o tejadilho e o <em>spoiler<\/em> at\u00e9 \u00e0 faixa preta brilhante que liga os far\u00f3is traseiros LED.<\/p>\n<p style=\"text-align: justify;\">Atento aos pormenores, o C4 \u201cCollection\u201d \u00e9 animado por apontamentos de cor <strong>sob a forma de <em>color clips<\/em> \u201cRouge Andr\u00e9\u201d<\/strong>, desenvolvidos especificamente para esta edi\u00e7\u00e3o, que embelezam subtilmente a grelha do para-choques dianteiro, bem como a parte traseira dos protetores laterais. Outro elemento carater\u00edstico desta edi\u00e7\u00e3o \u00e9 o <strong>emblema \u201cCollection\u201d<\/strong> que combina as duas cores fortes, o preto e o \u201cRouge Andr\u00e9\u201d, colocado na tampa traseira em simetria com o emblema \u201cC4\u201d.<\/p>\n<p style=\"text-align: justify;\">Dispon\u00edvel em <strong>Branco Okenite, Cinzento Mercury, Preto Perla Nera e Azul Eclipse<\/strong>, cada uma destas cores altera a perce\u00e7\u00e3o do autom\u00f3vel, dando ao cliente a possibilidade de personalizar o seu ve\u00edculo em fun\u00e7\u00e3o dos seus gostos e expectativas.<\/p>\n<p style=\"text-align: justify;\">Os pain\u00e9is das portas foram especificamente desenvolvidos para o C4 \u201cCollection\u201d, integrando <strong>medalh\u00f5es e apoios de bra\u00e7os das portas em tecido TEP cinzento<\/strong>. Para combinarem na perfei\u00e7\u00e3o com os <strong>bancos Citro\u00ebn Advanced Comfort &#8220;Urban Grey&#8221;<\/strong>, apresentam tamb\u00e9m inser\u00e7\u00f5es em tecido Branco Curitiba, que animam a zona superior dos encostos dos bancos: a coer\u00eancia e a unidade de tom est\u00e3o na ordem do dia no habit\u00e1culo desta nova edi\u00e7\u00e3o.<strong>\u00a0<\/strong><\/p>\n<p style=\"text-align: justify;\"><strong>C de Conectividade<br \/>\n<\/strong><\/p>\n<p style=\"text-align: justify;\">No interior, o equipamento de s\u00e9rie foi concebido para tornar cada viagem num momento de serenidade. <strong>O painel de instrumentos de alta-defini\u00e7\u00e3o de 7\u201d<\/strong> atr\u00e1s do volante foi concebido para uma clareza \u00f3tima e uma visualiza\u00e7\u00e3o intuitiva das informa\u00e7\u00f5es. \u00c9 combinado com um <strong>ecr\u00e3 t\u00e1til HD de 10&#8243;<\/strong>, dotado de um sistema de infoentretenimento de \u00faltima gera\u00e7\u00e3o que inclui <strong>navega\u00e7\u00e3o 3D conectada<\/strong>, fluida, r\u00e1pida e ergon\u00f3mica.<\/p>\n<p style=\"text-align: justify;\">Esta interface pode ser totalmente personalizada pelos clientes gra\u00e7as ao seu sistema de <em>widgets<\/em>. Estes proporcionam uma forma r\u00e1pida de aceder a aplica\u00e7\u00f5es e conte\u00fados no ecr\u00e3 t\u00e1til do autom\u00f3vel. A interface disp\u00f5e igualmente de reconhecimento de voz natural, um assistente digital que pode ser ativado pelos ocupantes do ve\u00edculo com o comando \u201cHello Citro\u00ebn\u201d e que compreende o que \u00e9 dito, responde \u00e0s perguntas e executa os comandos de voz. Por fim, n\u00e3o h\u00e1 necessidade de cabos no habit\u00e1culo gra\u00e7as \u00e0 reprodu\u00e7\u00e3o sem fios do <em>smartphone<\/em> no ecr\u00e3 HD de 10&#8243; com compatibilidade com Android Auto ou Apple CarPlay. Este sistema pode ser facilmente atualizado gra\u00e7as \u00e0 tecnologia <em>over the air<\/em>.<\/p>\n<p style=\"text-align: justify;\">Al\u00e9m disso, o C4 prop\u00f5e o ChatGPT, desenvolvido pela OpenAI, diretamente integrado no sistema de infoentretenimento gra\u00e7as ao reconhecimento de voz e de \u00e1udio SoundHound e dispon\u00edvel atrav\u00e9s do Pack \u201cConnect Plus\u201d. Com o ChatGPT, a Citro\u00ebn apresenta uma nova ferramenta de intelig\u00eancia artificial generativa que torna o reconhecimento de voz ainda mais fluido e natural, aumentando o conforto a bordo atrav\u00e9s de um assistente digital que promove um espa\u00e7o de vida inteligente e interativo para facilitar a vida quotidiana.<\/p>\n<p style=\"text-align: justify;\"><strong>C de Conforto<\/strong><\/p>\n<p style=\"text-align: justify;\">Os <strong>bancos Advanced Comfort\u00ae <\/strong>distinguem-se pelo conforto visual, proporcionado pelo seu efeito acolchoado, um verdadeiro convite \u00e0 viagem. O conforto do banco \u00e9 refor\u00e7ado por uma espuma com 15 mil\u00edmetros de espessura, que proporciona um apoio suave desde o momento em que se entra no ve\u00edculo. O conforto em viagem \u00e9 refor\u00e7ado por uma espuma texturada e uma camada de alta densidade no centro do banco, permitindo uma experi\u00eancia de condu\u00e7\u00e3o mais agrad\u00e1vel, mesmo em longas dist\u00e2ncias. O conforto postural \u00e9 igualmente refor\u00e7ado com um melhor apoio, bem como uma regula\u00e7\u00e3o em altura e lombar para o condutor.<\/p>\n<p style=\"text-align: justify;\">Associados \u00e0s <strong>suspens\u00f5es Citro\u00ebn Advanced Comfort\u00ae<\/strong>, estes bancos oferecem um conforto absoluto, transformando cada viagem numa experi\u00eancia suave e tranquilizante, como num verdadeiro casulo. Esta tecnologia utiliza os Batentes Hidr\u00e1ulicos Progressivos\u00ae, os quais absorvem as imperfei\u00e7\u00f5es da estrada, dando ao autom\u00f3vel uma sensa\u00e7\u00e3o de \u201ctapete voador\u201d. \u00c9 um grande avan\u00e7o em rela\u00e7\u00e3o aos sistemas de suspens\u00e3o tradicionais, que oferece uma experi\u00eancia de condu\u00e7\u00e3o mais tranquila e simplifica a vida a bordo.<\/p>\n<p style=\"text-align: justify;\">Muito dotada de equipamento, esta edi\u00e7\u00e3o limitada foi concebida com aten\u00e7\u00e3o at\u00e9 ao mais \u00ednfimo pormenor, com <strong>tapetes especiais para a ocasi\u00e3o<\/strong>. Real\u00e7ados por uma tira em tecido TEP cinzento e por uma costura em \u201cRouge Andr\u00e9\u201d, apresentam um log\u00f3tipo \u201cCollection\u201d em tecido. <strong>O <em>tablier<\/em><\/strong>, por sua vez, apresenta um material de toque suave com um padr\u00e3o de espinha.<\/p>\n<p style=\"text-align: justify;\">Por fim, na Citro\u00ebn, o conforto n\u00e3o se limita \u00e0s tecnologias desenvolvidas para os bancos e suspens\u00e3o. \u00c9 o resultado de uma reflex\u00e3o a 360\u00b0 que engloba todas as tecnologias e equipamentos para garantir a facilidade de utiliza\u00e7\u00e3o e a tranquilidade. \u00c9 por isso que este C4 Collection est\u00e1 equipado com o <strong>sistema de acesso e arranque m\u00e3os-livres de proximidade<\/strong>. J\u00e1 n\u00e3o \u00e9 necess\u00e1rio utilizar fisicamente a chave para aceder e ligar o ve\u00edculo. Basta t\u00ea-la no bolso.<\/p>\n<p style=\"text-align: justify;\"><strong>Uma gama eletrificada de alto desempenho adaptada \u00e0s necessidades dos clientes<\/strong><strong>\u00a0<\/strong><\/p>\n<p style=\"text-align: justify;\">O C4 Collection Limited Edition estar\u00e1 dispon\u00edvel com duas motoriza\u00e7\u00f5es que valorizam o melhor que o C4 tem para oferecer:<\/p>\n<ul style=\"text-align: justify;\">\n<li><strong>H\u00edbrido 145 \u00eb-DCS6<\/strong>: uma motoriza\u00e7\u00e3o simples e vers\u00e1til que oferece uma experi\u00eancia quotidiana eletrificada sem necessidade de carregamento.<\/li>\n<li><strong>El\u00e9trico 156 cv com autonomia alargada<\/strong>: 415 km de autonomia para uma utiliza\u00e7\u00e3o quotidiana sem restri\u00e7\u00f5es e viagens de longo curso facilitadas gra\u00e7as ao sistema de carregamento r\u00e1pido de 100 kW.<\/li>\n<\/ul>\n<p style=\"text-align: justify;\"><strong>H\u00edbrido 145 cv: simplicidade, versatilidade e baixo consumo de combust\u00edvel<\/strong><\/p>\n<p style=\"text-align: justify;\">A tecnologia 48V permite manter os custos sob controlo gra\u00e7as \u00e0s redu\u00e7\u00f5es significativas do consumo de combust\u00edvel e das emiss\u00f5es de CO<sub>2<\/sub>. Em circuito misto, o consumo de combust\u00edvel \u00e9 reduzido em cerca de 20%. A tecnologia h\u00edbrida \u00e9 particularmente vantajosa para a condu\u00e7\u00e3o urbana, onde se estima que at\u00e9 50% da condu\u00e7\u00e3o pode ser feita em modo el\u00e9trico, reduzindo a pegada de carbono do autom\u00f3vel e seus os custos de utiliza\u00e7\u00e3o.<\/p>\n<p style=\"text-align: justify;\">Sem necessidade de carregamento, esta tecnologia \u00e9 particularmente f\u00e1cil de utilizar e uma fonte de tranquilidade. O conforto de condu\u00e7\u00e3o \u00e9 refor\u00e7ado pela gest\u00e3o suave e autom\u00e1tica dos motores el\u00e9trico e de combust\u00e3o interna, que se adaptam \u00e0s condi\u00e7\u00f5es de condu\u00e7\u00e3o sem necessidade de interven\u00e7\u00e3o do condutor. Esta facilidade de utiliza\u00e7\u00e3o, associada \u00e0 capacidade de carregamento da bateria durante a desacelera\u00e7\u00e3o, torna estes ve\u00edculos particularmente adaptados ao quotidiano na cidade.<\/p>\n<p style=\"text-align: justify;\">Na <strong>vers\u00e3o H\u00edbrido 145 cv<\/strong>, o motor de tr\u00eas cilindros de 1.199 cc debita 136 cv (100 kW) \u00e0s 5.500 rpm e 230 Nm de bin\u00e1rio \u00e0s 1.750 rpm. A sua configura\u00e7\u00e3o inclui um turbocompressor de geometria vari\u00e1vel e distribui\u00e7\u00e3o por corrente, melhorando o seu desempenho e fiabilidade. Simultaneamente, o motor el\u00e9trico s\u00edncrono de \u00edmanes permanentes fornece 21 kW (28 cv) e 55 Nm de bin\u00e1rio, gerindo as necessidades energ\u00e9ticas a baixa exig\u00eancia de bin\u00e1rio e a baixa velocidade. Tamb\u00e9m ajuda a iniciar o motor de combust\u00e3o e recarrega a bateria durante a travagem, minimizando o desgaste dos trav\u00f5es. O sistema \u00e9 complementado por um motor de arranque 48V acionado por correia para um in\u00edcio r\u00e1pido do motor de combust\u00e3o interna, uma caixa de dupla embraiagem eletrificada \u00eb-DCS6 de seis velocidades e uma bateria de i\u00f5es de l\u00edtio de 48V e 432 Wh colocada sob o banco dianteiro esquerdo, preservando o espa\u00e7o interior e o volume da bagageira.<\/p>\n<p style=\"text-align: justify;\">Este motor a gasolina sobrealimentado de 1,2 litros de nova gera\u00e7\u00e3o foi desenvolvido para a eletrifica\u00e7\u00e3o e integra 40% de componentes novos.<\/p>\n<p style=\"text-align: justify;\"><strong>Um motor el\u00e9trico de 156 cv para proporcionar o melhor do C4<\/strong><\/p>\n<p style=\"text-align: justify;\">Em 2020, a Citro\u00ebn foi uma das primeiras marcas a propor uma gama 100% el\u00e9trica numa berlina do segmento C, com duas solu\u00e7\u00f5es determinantes que ainda hoje fazem parte da filosofia da Citro\u00ebn. A primeira \u00e9 a das silhuetas multienergias que oferecem uma gama simples e de f\u00e1cil compreens\u00e3o para os clientes, os quais podem assim escolher a energia que melhor se adapta \u00e0s suas necessidades. Em segundo lugar, a escolha de baterias de pequenas dimens\u00f5es para limitar o peso e o custo de produ\u00e7\u00e3o e reduzir o consumo e o pre\u00e7o. <strong>Dotados de um carregamento r\u00e1pido de 100 kW<\/strong>, os modelos adaptam-se perfeitamente \u00e0s desloca\u00e7\u00f5es quotidianas, sendo tamb\u00e9m compat\u00edveis com as viagens de longo curso.<\/p>\n<p style=\"text-align: justify;\">A promessa do \u00eb-Confort \u00e9 poder conduzir em modo el\u00e9trico, com zero emiss\u00f5es de CO<sub>2<\/sub>, zero ru\u00eddo e zero odor, fluidez com zero vibra\u00e7\u00f5es, zero solavancos, zero mudan\u00e7as de velocidade, facilidade de utiliza\u00e7\u00e3o com um bin\u00e1rio imediatamente dispon\u00edvel para estimular as sensa\u00e7\u00f5es de condu\u00e7\u00e3o e servi\u00e7os program\u00e1veis \u00e0 dist\u00e2ncia para uma tranquilidade di\u00e1ria.<\/p>\n<p style=\"text-align: justify;\">\u00c9 por isso que o C4 prop\u00f5e a sua edi\u00e7\u00e3o limitada Collection com a vers\u00e3o de autonomia alargada de <strong>415 km<\/strong>, particularmente adaptada \u00e0s desloca\u00e7\u00f5es extraurbanas. Esta vers\u00e3o est\u00e1 equipada com uma bateria de <strong>54 kWh<\/strong> e um motor de <strong>115 kW<\/strong>, o que lhe confere uma maior capacidade para responder \u00e0s necessidades dos utilizadores que percorrem regularmente dist\u00e2ncias mais longas.<\/p>\n<p style=\"text-align: justify;\"><strong>Por \u00faltimo, o C4 \u201cCollection\u201d introduz uma fun\u00e7\u00e3o que permite limitar o carregamento a 80%, diretamente atrav\u00e9s do sistema de infoentretenimento<\/strong>. Esta nova fun\u00e7\u00e3o assegura um tempo de carregamento mais eficaz e garante a longevidade da bateria a longo prazo.<\/p>\n<p style=\"text-align: justify;\"><strong>Logo a partir do seu lan\u00e7amento, o C4 Collection disp\u00f5e igualmente de um planeador inteligente diretamente integrado no sistema de infoentretenimento<\/strong>, associado \u00e0 navega\u00e7\u00e3o conectada 3D. Trata-se de um verdadeiro assistente pessoal, conectado ao autom\u00f3vel e que se adapta em tempo real para otimizar a viagem. Com liga\u00e7\u00e3o em tempo real aos dados do ve\u00edculo, \u00e0s condi\u00e7\u00f5es do tr\u00e1fego e ao estado dos pontos de carregamento, permite um controlo ideal de cada viagem. Adapta-se \u00e0 evolu\u00e7\u00e3o das condi\u00e7\u00f5es e sugere percursos alternativos, se necess\u00e1rio, garantindo que os condutores chegam ao seu destino com a m\u00e1xima efici\u00eancia. A aplica\u00e7\u00e3o n\u00e3o s\u00f3 assegura a otimiza\u00e7\u00e3o dos tempos de viagem, como tamb\u00e9m fornece informa\u00e7\u00f5es fi\u00e1veis e atualizadas sobre a rede de carregamento, permitindo que os condutores planeiem as suas paragens de carregamento com confian\u00e7a. Desta forma, oferece servi\u00e7os semelhantes aos fornecidos pela aplica\u00e7\u00e3o para <em>smartphone<\/em> e-ROUTES, que continua dispon\u00edvel.<\/p>\n<p style=\"text-align: justify;\">A tecnologia <strong>V2L, ou Vehicle-to-Load<\/strong>, permite que um ve\u00edculo el\u00e9trico forne\u00e7a eletricidade a dispositivos externos, transformando o autom\u00f3vel numa fonte de energia m\u00f3vel e flex\u00edvel. A Citro\u00ebn integrar\u00e1 esta fun\u00e7\u00e3o na nova edi\u00e7\u00e3o limitada do \u00eb-C4 Collection a partir de julho de 2025. Para utilizar a tecnologia V2L, basta ligar o aparelho pretendido \u00e0 tomada dedicada do autom\u00f3vel. Este adaptador estar\u00e1 dispon\u00edvel como acess\u00f3rio. A tecnologia V2L \u00e9 particularmente \u00fatil em situa\u00e7\u00f5es em que o acesso a uma fonte de energia \u00e9 limitado, como em viagens ou em atividades ao ar livre. Permite ligar, por exemplo, um computador port\u00e1til, uma bicicleta el\u00e9trica ou at\u00e9 mesmo alimentar um pequeno frigor\u00edfico diretamente a partir do autom\u00f3vel durante um piquenique ou um corte de energia em casa.<\/p>\n","protected":false},"excerpt":{"rendered":"<p>A Citro\u00ebn apresenta a edi\u00e7\u00e3o \u201cCollection\u201d 2025 da gama C4. Com um visual pleno de contrastes, elementos de estilo espec\u00edficos e uma vasta dota\u00e7\u00e3o de equipamento, destina-se aos clientes que procuram um autom\u00f3vel com um estilo distinto e elegante e um equipamento que garanta os mais elevados n\u00edveis de conforto e conectividade, mantendo-se acess\u00edvel. Car\u00e1cter: [&hellip;]<\/p>\n","protected":false},"author":2,"featured_media":15993,"comment_status":"closed","ping_status":"open","sticky":false,"template":"","format":"standard","meta":{"_editorskit_title_hidden":false,"_editorskit_reading_time":0,"_editorskit_is_block_options_detached":false,"_editorskit_block_options_position":"{}","om_disable_all_campaigns":false,"_monsterinsights_skip_tracking":false,"_monsterinsights_sitenote_active":false,"_monsterinsights_sitenote_note":"","_monsterinsights_sitenote_category":0,"_uf_show_specific_survey":0,"_uf_disable_surveys":false,"site-sidebar-layout":"default","site-content-layout":"","ast-site-content-layout":"default","site-content-style":"default","site-sidebar-style":"default","ast-global-header-display":"","ast-banner-title-visibility":"","ast-main-header-display":"","ast-hfb-above-header-display":"","ast-hfb-below-header-display":"","ast-hfb-mobile-header-display":"","site-post-title":"","ast-breadcrumbs-content":"","ast-featured-img":"","footer-sml-layout":"","theme-transparent-header-meta":"default","adv-header-id-meta":"","stick-header-meta":"default","header-above-stick-meta":"","header-main-stick-meta":"","header-below-stick-meta":"","astra-migrate-meta-layouts":"set","ast-page-background-enabled":"default","ast-page-background-meta":{"desktop":{"background-color":"","background-image":"","background-repeat":"repeat","background-position":"center center","background-size":"auto","background-attachment":"scroll","background-type":"","background-media":"","overlay-type":"","overlay-color":"","overlay-opacity":"","overlay-gradient":""},"tablet":{"background-color":"","background-image":"","background-repeat":"repeat","background-position":"center center","background-size":"auto","background-attachment":"scroll","background-type":"","background-media":"","overlay-type":"","overlay-color":"","overlay-opacity":"","overlay-gradient":""},"mobile":{"background-color":"","background-image":"","background-repeat":"repeat","background-position":"center center","background-size":"auto","background-attachment":"scroll","background-type":"","background-media":"","overlay-type":"","overlay-color":"","overlay-opacity":"","overlay-gradient":""}},"ast-content-background-meta":{"desktop":{"background-color":"var(--ast-global-color-5)","background-image":"","background-repeat":"repeat","background-position":"center center","background-size":"auto","background-attachment":"scroll","background-type":"","background-media":"","overlay-type":"","overlay-color":"","overlay-opacity":"","overlay-gradient":""},"tablet":{"background-color":"var(--ast-global-color-5)","background-image":"","background-repeat":"repeat","background-position":"center center","background-size":"auto","background-attachment":"scroll","background-type":"","background-media":"","overlay-type":"","overlay-color":"","overlay-opacity":"","overlay-gradient":""},"mobile":{"background-color":"var(--ast-global-color-5)","background-image":"","background-repeat":"repeat","background-position":"center center","background-size":"auto","background-attachment":"scroll","background-type":"","background-media":"","overlay-type":"","overlay-color":"","overlay-opacity":"","overlay-gradient":""}},"footnotes":""},"categories":[13],"tags":[],"class_list":["post-15992","post","type-post","status-publish","format-standard","has-post-thumbnail","hentry","category-comercio"],"aioseo_notices":[],"_links":{"self":[{"href":"https:\/\/contarotacoes.com\/index.php?rest_route=\/wp\/v2\/posts\/15992","targetHints":{"allow":["GET"]}}],"collection":[{"href":"https:\/\/contarotacoes.com\/index.php?rest_route=\/wp\/v2\/posts"}],"about":[{"href":"https:\/\/contarotacoes.com\/index.php?rest_route=\/wp\/v2\/types\/post"}],"author":[{"embeddable":true,"href":"https:\/\/contarotacoes.com\/index.php?rest_route=\/wp\/v2\/users\/2"}],"replies":[{"embeddable":true,"href":"https:\/\/contarotacoes.com\/index.php?rest_route=%2Fwp%2Fv2%2Fcomments&post=15992"}],"version-history":[{"count":1,"href":"https:\/\/contarotacoes.com\/index.php?rest_route=\/wp\/v2\/posts\/15992\/revisions"}],"predecessor-version":[{"id":15994,"href":"https:\/\/contarotacoes.com\/index.php?rest_route=\/wp\/v2\/posts\/15992\/revisions\/15994"}],"wp:featuredmedia":[{"embeddable":true,"href":"https:\/\/contarotacoes.com\/index.php?rest_route=\/wp\/v2\/media\/15993"}],"wp:attachment":[{"href":"https:\/\/contarotacoes.com\/index.php?rest_route=%2Fwp%2Fv2%2Fmedia&parent=15992"}],"wp:term":[{"taxonomy":"category","embeddable":true,"href":"https:\/\/contarotacoes.com\/index.php?rest_route=%2Fwp%2Fv2%2Fcategories&post=15992"},{"taxonomy":"post_tag","embeddable":true,"href":"https:\/\/contarotacoes.com\/index.php?rest_route=%2Fwp%2Fv2%2Ftags&post=15992"}],"curies":[{"name":"wp","href":"https:\/\/api.w.org\/{rel}","templated":true}]}}