{"id":15722,"date":"2025-04-13T13:19:41","date_gmt":"2025-04-13T13:19:41","guid":{"rendered":"https:\/\/contarotacoes.com\/?p=15722"},"modified":"2025-04-13T13:20:38","modified_gmt":"2025-04-13T13:20:38","slug":"joao-goncalves-deixa-escapar-por-pouco-posicao-no-podio-na-rampa-da-penha","status":"publish","type":"post","link":"https:\/\/contarotacoes.com\/?p=15722","title":{"rendered":"JO\u00c3O GON\u00c7ALVES DEIXA ESCAPAR POR POUCO POSI\u00c7\u00c3O NO P\u00d3DIO NA RAMPA DA PENHA"},"content":{"rendered":"<p style=\"text-align: justify;\">Foi a estreia na Rampa da Penha por parte da\u00a0jovem promessa de Vila Nova de Famalic\u00e3o,\u00a0Jo\u00e3o Gon\u00e7alves\u00a0que aos comandos do seu Honda Civic n\u00e3o foi ao p\u00f3dio no passado fim de semana na \u00a02\u00aa jornada do Campeonato Portugal Montanha \u00a0JC Group 2025, prova organizada pelo Demoporto.<\/p>\n<p style=\"text-align: justify;\">Assim, logo na subida de treinos livres \u00a0que foi disputada debaixo de condi\u00e7\u00f5es atmosf\u00e9ricas adversas, com muita chuva e piso muito molhado,\u00a0Jo\u00e3o Gon\u00e7alves, come\u00e7a logo por fazer um tempo de 2.00.356 \u00e0 m\u00e9dia de \u00a083,15 KM\/H, \u00a0\u00a0e logo a 3\u00aa posi\u00e7\u00e3o na classifica\u00e7\u00e3o da categoria Super Challemge C.\u00a0 J\u00e1 na 1\u00aa subida oficial de treinos ,\u00a0Jo\u00e3o Gon\u00e7alves, acaba e tendo mesmo em conta as condi\u00e7\u00f5es atmosf\u00e9ricas adversas, acaba por conseguir melhorar de forma substancial ao fazer um crono de 1.52.415 \u00e0 m\u00e9dia de 89,02 km\/h, mantendo a 3\u00aa posi\u00e7\u00e3o no seio da sua categoria. Depois j\u00e1 na 2\u00aa subida oficial \u00a0de treinos, o piloto do Honda volta a melhorar de novo, desta feita com 1.46.645 \u00e0 m\u00e9dia de 93,84 km\/h, e de novo a 3\u00aa posi\u00e7\u00e3o na categoria dos Super Challenge C.<\/p>\n<p style=\"text-align: justify;\">Chegados \u00e0 1\u00aa subida oficial de prova, que teve lugar no final da tarde de s\u00e1bado, disputada com melhores condi\u00e7\u00f5es atmosf\u00e9ricas, onde acaba por fazer mais e melhor, ao lograr alcan\u00e7ar um tempo de 1.46.288 \u00e0 m\u00e9dia de 94,15 km\/h, e de novo a 3\u00aa posi\u00e7\u00e3o no seio da categoria.<\/p>\n<p style=\"text-align: justify;\">Ap\u00f3s uma noite de descanso , na manha de domingo que acordou com um bocado de nuvens e um pouco de sol, lobo na subida da warm up,\u00a0Jo\u00e3o Gon\u00e7alves\u00a0e o seu Honda Civic n\u00e3o fizeram melhor do que 2.15.143 \u00e0 m\u00e9dia de 74,05 km\/h e a 8\u00aa posi\u00e7\u00e3o na categoria.<\/p>\n<p style=\"text-align: justify;\">Para a 2\u00aa subida oficial de prova,\u00a0\u00a0o jovem piloto promissor de Vila Nova de Famalic\u00e3o\u00a0\u201c passa ao ataque\u201d, e acaba por pura e simplesmente cilindrar todos os seus tempos feitos em subidas anteriores, ao concluir os 3 km de extens\u00e3o da Rampa da Penha em 1.44.197 \u00e0 m\u00e9dia de 96,04 km\/H e a 4\u00aa posi\u00e7\u00e3o na categoria dos Super Challenge C.\u00a0 J\u00e1 na derradeira subida de prova, de noivo ao ataque, e faz outro excelente crono com 1.42.424 sendo o 4\u00ba classificado na sua categoria, e deixando escapar uma posi\u00e7\u00e3o no p\u00f3dio por muito pouco. No final depois de colocar o Honda Civic no parque fechado e ao chegar junto de n\u00f3s disse-nos\u00a0logo \u201cApesar de apresentarmos um tempo competitivo tendo em contas as condi\u00e7\u00f5es meteorol\u00f3gicas, a falta de apoios n\u00e3o nos deixa alcan\u00e7ar o p\u00f3dio apesar mesmo assim ficarmos a apenas 2 segundos do sucessor, agora \u00e9 reunir condi\u00e7\u00f5es e patrocinadores para assim ficarmos ainda mais taco a taco com os sucessores, agora \u00e9 preparar a Falperra para lutar pelo p\u00f3dio\u201d,\u00a0conclui o simp\u00e1tico piloto de Vila Nova de \u00a0Famalic\u00e3o, que antes de terminar disse-nos ainda \u201cpara a Rampa da Falperra vou estar ainda mais competitivo, e depois logo veremos\u201d.<\/p>\n","protected":false},"excerpt":{"rendered":"<p>Foi a estreia na Rampa da Penha por parte da\u00a0jovem promessa de Vila Nova de Famalic\u00e3o,\u00a0Jo\u00e3o Gon\u00e7alves\u00a0que aos comandos do seu Honda Civic n\u00e3o foi ao p\u00f3dio no passado fim de semana na \u00a02\u00aa jornada do Campeonato Portugal Montanha \u00a0JC Group 2025, prova organizada pelo Demoporto. Assim, logo na subida de treinos livres \u00a0que foi [&hellip;]<\/p>\n","protected":false},"author":2,"featured_media":15725,"comment_status":"closed","ping_status":"open","sticky":false,"template":"","format":"standard","meta":{"_editorskit_title_hidden":false,"_editorskit_reading_time":0,"_editorskit_is_block_options_detached":false,"_editorskit_block_options_position":"{}","om_disable_all_campaigns":false,"_monsterinsights_skip_tracking":false,"_monsterinsights_sitenote_active":false,"_monsterinsights_sitenote_note":"","_monsterinsights_sitenote_category":0,"_uf_show_specific_survey":0,"_uf_disable_surveys":false,"site-sidebar-layout":"default","site-content-layout":"","ast-site-content-layout":"default","site-content-style":"default","site-sidebar-style":"default","ast-global-header-display":"","ast-banner-title-visibility":"","ast-main-header-display":"","ast-hfb-above-header-display":"","ast-hfb-below-header-display":"","ast-hfb-mobile-header-display":"","site-post-title":"","ast-breadcrumbs-content":"","ast-featured-img":"","footer-sml-layout":"","theme-transparent-header-meta":"default","adv-header-id-meta":"","stick-header-meta":"default","header-above-stick-meta":"","header-main-stick-meta":"","header-below-stick-meta":"","astra-migrate-meta-layouts":"set","ast-page-background-enabled":"default","ast-page-background-meta":{"desktop":{"background-color":"","background-image":"","background-repeat":"repeat","background-position":"center center","background-size":"auto","background-attachment":"scroll","background-type":"","background-media":"","overlay-type":"","overlay-color":"","overlay-opacity":"","overlay-gradient":""},"tablet":{"background-color":"","background-image":"","background-repeat":"repeat","background-position":"center center","background-size":"auto","background-attachment":"scroll","background-type":"","background-media":"","overlay-type":"","overlay-color":"","overlay-opacity":"","overlay-gradient":""},"mobile":{"background-color":"","background-image":"","background-repeat":"repeat","background-position":"center center","background-size":"auto","background-attachment":"scroll","background-type":"","background-media":"","overlay-type":"","overlay-color":"","overlay-opacity":"","overlay-gradient":""}},"ast-content-background-meta":{"desktop":{"background-color":"var(--ast-global-color-5)","background-image":"","background-repeat":"repeat","background-position":"center center","background-size":"auto","background-attachment":"scroll","background-type":"","background-media":"","overlay-type":"","overlay-color":"","overlay-opacity":"","overlay-gradient":""},"tablet":{"background-color":"var(--ast-global-color-5)","background-image":"","background-repeat":"repeat","background-position":"center center","background-size":"auto","background-attachment":"scroll","background-type":"","background-media":"","overlay-type":"","overlay-color":"","overlay-opacity":"","overlay-gradient":""},"mobile":{"background-color":"var(--ast-global-color-5)","background-image":"","background-repeat":"repeat","background-position":"center center","background-size":"auto","background-attachment":"scroll","background-type":"","background-media":"","overlay-type":"","overlay-color":"","overlay-opacity":"","overlay-gradient":""}},"footnotes":""},"categories":[11],"tags":[],"class_list":["post-15722","post","type-post","status-publish","format-standard","has-post-thumbnail","hentry","category-noticias"],"aioseo_notices":[],"_links":{"self":[{"href":"https:\/\/contarotacoes.com\/index.php?rest_route=\/wp\/v2\/posts\/15722","targetHints":{"allow":["GET"]}}],"collection":[{"href":"https:\/\/contarotacoes.com\/index.php?rest_route=\/wp\/v2\/posts"}],"about":[{"href":"https:\/\/contarotacoes.com\/index.php?rest_route=\/wp\/v2\/types\/post"}],"author":[{"embeddable":true,"href":"https:\/\/contarotacoes.com\/index.php?rest_route=\/wp\/v2\/users\/2"}],"replies":[{"embeddable":true,"href":"https:\/\/contarotacoes.com\/index.php?rest_route=%2Fwp%2Fv2%2Fcomments&post=15722"}],"version-history":[{"count":1,"href":"https:\/\/contarotacoes.com\/index.php?rest_route=\/wp\/v2\/posts\/15722\/revisions"}],"predecessor-version":[{"id":15724,"href":"https:\/\/contarotacoes.com\/index.php?rest_route=\/wp\/v2\/posts\/15722\/revisions\/15724"}],"wp:featuredmedia":[{"embeddable":true,"href":"https:\/\/contarotacoes.com\/index.php?rest_route=\/wp\/v2\/media\/15725"}],"wp:attachment":[{"href":"https:\/\/contarotacoes.com\/index.php?rest_route=%2Fwp%2Fv2%2Fmedia&parent=15722"}],"wp:term":[{"taxonomy":"category","embeddable":true,"href":"https:\/\/contarotacoes.com\/index.php?rest_route=%2Fwp%2Fv2%2Fcategories&post=15722"},{"taxonomy":"post_tag","embeddable":true,"href":"https:\/\/contarotacoes.com\/index.php?rest_route=%2Fwp%2Fv2%2Ftags&post=15722"}],"curies":[{"name":"wp","href":"https:\/\/api.w.org\/{rel}","templated":true}]}}