{"id":15693,"date":"2025-04-11T14:28:37","date_gmt":"2025-04-11T14:28:37","guid":{"rendered":"https:\/\/contarotacoes.com\/?p=15693"},"modified":"2025-04-11T14:28:37","modified_gmt":"2025-04-11T14:28:37","slug":"novo-podio-na-rampa-da-penha-para-domingos-fernandes","status":"publish","type":"post","link":"https:\/\/contarotacoes.com\/?p=15693","title":{"rendered":"NOVO P\u00d3DIO NA RAMPA DA PENHA PARA DOMINGOS FERNANDES"},"content":{"rendered":"<p style=\"font-weight: 400; text-align: justify;\"><strong>O simp\u00e1tico e conceituado piloto der Armamar, Domingos Fernandes<\/strong>\u00a0aos comando do seu j\u00e1 conhecido Autobianchi A 112, foi de novo ao p\u00f3dio da categoria no passado fim de semana na Rampa da Penha, 2\u00aa jornada do Campeonato Portugal Montanha JC Group 2025, prova organizada pela Demoporto.<\/p>\n<p style=\"font-weight: 400; text-align: justify;\">Assim na 1\u00aa subida da warm up, disputada debaixo de condi\u00e7\u00f5es atmosf\u00e9ricas adversas com chuva,\u00a0<strong>Domingos Fernandes e o Autobianchi A 112<\/strong>\u00a0fazem logo um tempo de 2.49573 \u00e0 m\u00e9dia de 59,01 km\/h, sendo o 3\u00ba classificado no Campeonato Portugal Montanha 1300 C.\u00a0 Na 1\u00aa subida oficial de prova,\u00a0<strong>Domingos Fernandes<\/strong>\u00a0alcan\u00e7a um crono de 2.33.026 \u00e0 m\u00e9dia de 65,40 km\/h, mantendo a 2^psoii\u00e7\u00e3o no Campeonato Portugal Montanha 1300C.Para a 2\u00aa subida oficial de treinos, o piloto de Armamar, a evidenciar um andamento cada vez mais r\u00e1pido,\u00a0 faz um fabuloso tempo de \u00a02.19.918 \u00e0 m\u00e9dia de 71,52 km\/h ,mantendo a 2\u00aa posi\u00e7\u00e3o na sua categoria.<\/p>\n<p style=\"font-weight: 400; text-align: justify;\">Chegados \u00e0 1\u00aa subida oficial \u00a0de prova, a \u00faltima subida do dia de s\u00e1bado,\u00a0<strong>Domingos Fernandes<\/strong>, faz toda a extens\u00e3o da Rampa da Penha em 2.22.197 \u00e0 m\u00e9dia de 70,38 km\/h.<\/p>\n<p style=\"font-weight: 400; text-align: justify;\">Depois de uma \u00a0noite de repouso para pilotos\u00a0 e m\u00e1quinas no domingo e manha que acordou com algumas nuvens e sol, mas com piso seca, na 3\u00aa subida oficial de treinos,\u00a0<strong>Domingos Fernandes<\/strong>\u00a0faz um tempo de 2.22.171.Chegados \u00e0 2\u00aa subida oficial de prova<strong>, Domingos Fernandes<\/strong>\u00a0acaba por alcan\u00e7ar um tempo de 2.19.160 \u00e0 m\u00e9dia de 71,91 km\/h, e a 2\u00aa posi\u00e7\u00e3o na sua categoria .J\u00e1 na derradeira subida\u00a0 oficial de prova o am\u00e1vel piloto de Armamar, faz um tempo de 2.28.442 \u00e0 m\u00e9dia de 72.29 km\/h, e de novo a 2\u00aa posi\u00e7\u00e3o na sua \u00a0categoria.<\/p>\n<p style=\"font-weight: 400; text-align: justify;\">No final depois de ir ao p\u00f3dio, e estar j\u00e1 na posse do trof\u00e9u fez-nos o balan\u00e7o da prova dizendo <strong>\u201c correu bem, um 2\u00ba lugar, para mim era muito dif\u00edcil chegar-se ao Fiat 127 do Salvador, que de ano para ano est\u00e1 cada vez mais competitivo, os meus parab\u00e9ns para a sua vit\u00f3ria .Pela minha parte correu bem, foi sempre a melhorar os meus tempos, sem contratempos t\u00e9cnicos com o carro, foi um bom fim de semana, bem passado, onde estive com os amigos, e onde me diverti, isso \u00e9 o mais importante\u201d, conclui Domingos Fernandes.<\/strong><\/p>\n<p style=\"font-weight: 400; text-align: justify;\"><strong><u>CLASSIFICA\u00c7\u00c3O FINAL<\/u><\/strong><\/p>\n<p style=\"font-weight: 400; text-align: justify;\"><strong><u>CAMPEONATO PORTUGAL\u00a0 CL\u00c1SSSICOS DE MONTANHA 1300<\/u><\/strong><\/p>\n<p style=\"font-weight: 400; text-align: justify;\">1\u00ba Diogo Salvador \u2013 Fiat 127<\/p>\n<p style=\"font-weight: 400; text-align: justify;\"><strong>2\u00ba DOMINGOS FERNANDES \u2013 AUTOBIANCHI A 112<\/strong><\/p>\n","protected":false},"excerpt":{"rendered":"<p>O simp\u00e1tico e conceituado piloto der Armamar, Domingos Fernandes\u00a0aos comando do seu j\u00e1 conhecido Autobianchi A 112, foi de novo ao p\u00f3dio da categoria no passado fim de semana na Rampa da Penha, 2\u00aa jornada do Campeonato Portugal Montanha JC Group 2025, prova organizada pela Demoporto. Assim na 1\u00aa subida da warm up, disputada debaixo [&hellip;]<\/p>\n","protected":false},"author":2,"featured_media":15694,"comment_status":"closed","ping_status":"open","sticky":false,"template":"","format":"standard","meta":{"_editorskit_title_hidden":false,"_editorskit_reading_time":0,"_editorskit_is_block_options_detached":false,"_editorskit_block_options_position":"{}","om_disable_all_campaigns":false,"_monsterinsights_skip_tracking":false,"_monsterinsights_sitenote_active":false,"_monsterinsights_sitenote_note":"","_monsterinsights_sitenote_category":0,"_uf_show_specific_survey":0,"_uf_disable_surveys":false,"site-sidebar-layout":"default","site-content-layout":"","ast-site-content-layout":"default","site-content-style":"default","site-sidebar-style":"default","ast-global-header-display":"","ast-banner-title-visibility":"","ast-main-header-display":"","ast-hfb-above-header-display":"","ast-hfb-below-header-display":"","ast-hfb-mobile-header-display":"","site-post-title":"","ast-breadcrumbs-content":"","ast-featured-img":"","footer-sml-layout":"","theme-transparent-header-meta":"default","adv-header-id-meta":"","stick-header-meta":"default","header-above-stick-meta":"","header-main-stick-meta":"","header-below-stick-meta":"","astra-migrate-meta-layouts":"set","ast-page-background-enabled":"default","ast-page-background-meta":{"desktop":{"background-color":"","background-image":"","background-repeat":"repeat","background-position":"center center","background-size":"auto","background-attachment":"scroll","background-type":"","background-media":"","overlay-type":"","overlay-color":"","overlay-opacity":"","overlay-gradient":""},"tablet":{"background-color":"","background-image":"","background-repeat":"repeat","background-position":"center center","background-size":"auto","background-attachment":"scroll","background-type":"","background-media":"","overlay-type":"","overlay-color":"","overlay-opacity":"","overlay-gradient":""},"mobile":{"background-color":"","background-image":"","background-repeat":"repeat","background-position":"center center","background-size":"auto","background-attachment":"scroll","background-type":"","background-media":"","overlay-type":"","overlay-color":"","overlay-opacity":"","overlay-gradient":""}},"ast-content-background-meta":{"desktop":{"background-color":"var(--ast-global-color-5)","background-image":"","background-repeat":"repeat","background-position":"center center","background-size":"auto","background-attachment":"scroll","background-type":"","background-media":"","overlay-type":"","overlay-color":"","overlay-opacity":"","overlay-gradient":""},"tablet":{"background-color":"var(--ast-global-color-5)","background-image":"","background-repeat":"repeat","background-position":"center center","background-size":"auto","background-attachment":"scroll","background-type":"","background-media":"","overlay-type":"","overlay-color":"","overlay-opacity":"","overlay-gradient":""},"mobile":{"background-color":"var(--ast-global-color-5)","background-image":"","background-repeat":"repeat","background-position":"center center","background-size":"auto","background-attachment":"scroll","background-type":"","background-media":"","overlay-type":"","overlay-color":"","overlay-opacity":"","overlay-gradient":""}},"footnotes":""},"categories":[11],"tags":[],"class_list":["post-15693","post","type-post","status-publish","format-standard","has-post-thumbnail","hentry","category-noticias"],"aioseo_notices":[],"_links":{"self":[{"href":"https:\/\/contarotacoes.com\/index.php?rest_route=\/wp\/v2\/posts\/15693","targetHints":{"allow":["GET"]}}],"collection":[{"href":"https:\/\/contarotacoes.com\/index.php?rest_route=\/wp\/v2\/posts"}],"about":[{"href":"https:\/\/contarotacoes.com\/index.php?rest_route=\/wp\/v2\/types\/post"}],"author":[{"embeddable":true,"href":"https:\/\/contarotacoes.com\/index.php?rest_route=\/wp\/v2\/users\/2"}],"replies":[{"embeddable":true,"href":"https:\/\/contarotacoes.com\/index.php?rest_route=%2Fwp%2Fv2%2Fcomments&post=15693"}],"version-history":[{"count":1,"href":"https:\/\/contarotacoes.com\/index.php?rest_route=\/wp\/v2\/posts\/15693\/revisions"}],"predecessor-version":[{"id":15695,"href":"https:\/\/contarotacoes.com\/index.php?rest_route=\/wp\/v2\/posts\/15693\/revisions\/15695"}],"wp:featuredmedia":[{"embeddable":true,"href":"https:\/\/contarotacoes.com\/index.php?rest_route=\/wp\/v2\/media\/15694"}],"wp:attachment":[{"href":"https:\/\/contarotacoes.com\/index.php?rest_route=%2Fwp%2Fv2%2Fmedia&parent=15693"}],"wp:term":[{"taxonomy":"category","embeddable":true,"href":"https:\/\/contarotacoes.com\/index.php?rest_route=%2Fwp%2Fv2%2Fcategories&post=15693"},{"taxonomy":"post_tag","embeddable":true,"href":"https:\/\/contarotacoes.com\/index.php?rest_route=%2Fwp%2Fv2%2Ftags&post=15693"}],"curies":[{"name":"wp","href":"https:\/\/api.w.org\/{rel}","templated":true}]}}