{"id":15690,"date":"2025-04-11T13:50:52","date_gmt":"2025-04-11T13:50:52","guid":{"rendered":"https:\/\/contarotacoes.com\/?p=15690"},"modified":"2025-04-11T13:50:52","modified_gmt":"2025-04-11T13:50:52","slug":"bom-desempenho-para-sebastiao-teixeira-piloto-sixt-na-rampa-da-penha","status":"publish","type":"post","link":"https:\/\/contarotacoes.com\/?p=15690","title":{"rendered":"BOM DESEMPENHO PARA SEBASTI\u00c3O TEIXEIRA \u2013 PILOTO SIXT NA RAMPA DA PENHA"},"content":{"rendered":"<p style=\"text-align: justify;\">O piloto de Guimar\u00e3es, Sebasti\u00e3o Teixeira \u2013 Piloto Sixt, aos comandos do seu \u00a0Toyota Corolla T Sport, teve um bom desempenho no passado fim de semana na 2\u00ba jornada do Campeonato Portugal Montanha JC Group 2025 na Rampa da penha, prova organizada sob a \u00e9gide da Demoporto.<\/p>\n<p style=\"text-align: justify;\">\n<p style=\"text-align: justify;\">Logo nas 1\u00aa subida da warm up, disputada debaixo de condi\u00e7\u00f5es atmosf\u00e9ricas desfavor\u00e1veis com muita chuva, e piso \u00a0muito molhado,\u00a0o piloto Sixt, Sebasti\u00e3o Teixeira\u00a0assina logo um crono de 2.08.128 \u00e0 m\u00e9dia de 78,10 km\/h, e a 5\u00aa posi\u00e7\u00e3o na categoria dos Super Challenge C\u00a0 .J\u00e1 na 1^subida oficial de treinos, o piloto Sixt, embora com condi\u00e7\u00f5es adversas, acaba por conseguir melhor de forma substancial ao fazer os quase 3 km de extens\u00e3o da Rampa da Penha em 2.01.465 \u00e0 m\u00e9dia de 82,39 km\/h, mantendo a 5\u00aa posi\u00e7\u00e3o na sua categoria. Para a 2\u00aa subida oficial e\u00a0treinos Sebasti\u00e3o Teixeira\u00a0continua ao \u201cataque\u201d conseguindo desta feita \u201ccilindrar \u201c os tempos feitos anteriormente, ao lograr alcan\u00e7ar um crono de\u00a0 1.51.565 \u00e0 m\u00e9dia de 89,70 km\/h, consolidando a 5\u00aa posi\u00e7\u00e3o na categoria.<\/p>\n<p style=\"text-align: justify;\">Chegados \u00e0 1\u00aa subida oficial de prova, que decorreu no final da tarde de s\u00e1bado,\u00a0Sebasti\u00e3o Teixeira \u2013 piloto Sixt, volta a melhorar, fazendo desta feita 1.50.0902 \u00e0 m\u00e9dia \u00a0de 90,90 km\/h, subindo \u00e0 4\u00aa posi\u00e7\u00e3o no seio da categoria.<\/p>\n<p style=\"text-align: justify;\">\n<p style=\"text-align: justify;\">Ap\u00f3s uma noite de descanso, na manh\u00e3 de domingo, com condi\u00e7\u00f5es atmosf\u00e9ricas mais agrad\u00e1veis j\u00e1 com sol e algumas nuvens, na 3\u00aa subida oficial de treinos, o Toyota Corolla T Sport der\u00a0Sebasti\u00e3o Teixeira \u2013 piloto Sixt, , consegue obter um tempo de 1.50.914 \u00e0 m\u00e9dia de 90,23 km\/h, e sobe \u00e0 3\u00aa posi\u00e7\u00e3o do categoria Super Challenge C.<\/p>\n<p style=\"text-align: justify;\">Chegados \u00e0 2\u00aa subida oficial \u00a0de prova, j\u00e1 disputada com piso seco, Sebasti\u00e3o Teixeira n\u00e3o se fez rogado, e faz um fabuloso 1.47.871 \u00e0 m\u00e9dia de 92,77 km\/h, e 5\u00ba lugar na categoria. Para a \u00faltima subida oficial e prova, o piloto de Guimar\u00e3es volta a bater \u00a0o tempo anterior com um excelente 1.46.4562 \u00e0 m\u00e9dia de 94 km\/h, e a consolida\u00e7\u00e3o da 5\u00aa posi\u00e7\u00e3o na Super Challenge C.<\/p>\n<p style=\"text-align: justify;\">Depois de ter colocado o seu Toyota Corolla T Sport que ostenta as cores da Sixt disse-nos \u201c\u00a0&#8220;Fim de semana dif\u00edcil, no s\u00e1bado com muita chuva foi complicado andar depressa, por vezes arrisquei mais do que devia, terminamos o dia em 4\u00ba lugar. No domingo, j\u00e1 com sol, foi subir o mais depressa poss\u00edvel, melhorando o tempo a cada subida. o 5\u00ba lugar foi o resultado poss\u00edvel, frente a maquinas bem mais potentes, resta-me agradecer o apoio do meu patrocinador a SIXT Rent a Car, a fam\u00edlias e aos amigos que muito apoio me deram. Vemo-nos em Maio na Rampa da Falperra.&#8221;<\/p>\n<p style=\"text-align: justify;\"><strong>CLASSIFICA\u00c7\u00c3O FINAL<\/strong><\/p>\n<p style=\"text-align: justify;\">1\u00ba Miguel Matos _ Peugeot 106 Maxi<\/p>\n<p style=\"text-align: justify;\">2\u00ba Bruno Carvalho \u2013 Citroen Saxo<\/p>\n<p style=\"text-align: justify;\">3\u00ba Lu\u00eds Fernandes \u2013 Peugeot 106<\/p>\n<p style=\"text-align: justify;\">5\u00ba SIXT \u2013 SEBASTI\u00c3O TEIXEIRA \u2013 TOYOTA COROLLA T SPORT<strong>\u00a0<\/strong><\/p>\n","protected":false},"excerpt":{"rendered":"<p>O piloto de Guimar\u00e3es, Sebasti\u00e3o Teixeira \u2013 Piloto Sixt, aos comandos do seu \u00a0Toyota Corolla T Sport, teve um bom desempenho no passado fim de semana na 2\u00ba jornada do Campeonato Portugal Montanha JC Group 2025 na Rampa da penha, prova organizada sob a \u00e9gide da Demoporto. Logo nas 1\u00aa subida da warm up, disputada [&hellip;]<\/p>\n","protected":false},"author":2,"featured_media":15691,"comment_status":"closed","ping_status":"open","sticky":false,"template":"","format":"standard","meta":{"_editorskit_title_hidden":false,"_editorskit_reading_time":0,"_editorskit_is_block_options_detached":false,"_editorskit_block_options_position":"{}","om_disable_all_campaigns":false,"_monsterinsights_skip_tracking":false,"_monsterinsights_sitenote_active":false,"_monsterinsights_sitenote_note":"","_monsterinsights_sitenote_category":0,"_uf_show_specific_survey":0,"_uf_disable_surveys":false,"site-sidebar-layout":"default","site-content-layout":"","ast-site-content-layout":"default","site-content-style":"default","site-sidebar-style":"default","ast-global-header-display":"","ast-banner-title-visibility":"","ast-main-header-display":"","ast-hfb-above-header-display":"","ast-hfb-below-header-display":"","ast-hfb-mobile-header-display":"","site-post-title":"","ast-breadcrumbs-content":"","ast-featured-img":"","footer-sml-layout":"","theme-transparent-header-meta":"default","adv-header-id-meta":"","stick-header-meta":"default","header-above-stick-meta":"","header-main-stick-meta":"","header-below-stick-meta":"","astra-migrate-meta-layouts":"set","ast-page-background-enabled":"default","ast-page-background-meta":{"desktop":{"background-color":"","background-image":"","background-repeat":"repeat","background-position":"center center","background-size":"auto","background-attachment":"scroll","background-type":"","background-media":"","overlay-type":"","overlay-color":"","overlay-opacity":"","overlay-gradient":""},"tablet":{"background-color":"","background-image":"","background-repeat":"repeat","background-position":"center center","background-size":"auto","background-attachment":"scroll","background-type":"","background-media":"","overlay-type":"","overlay-color":"","overlay-opacity":"","overlay-gradient":""},"mobile":{"background-color":"","background-image":"","background-repeat":"repeat","background-position":"center center","background-size":"auto","background-attachment":"scroll","background-type":"","background-media":"","overlay-type":"","overlay-color":"","overlay-opacity":"","overlay-gradient":""}},"ast-content-background-meta":{"desktop":{"background-color":"var(--ast-global-color-5)","background-image":"","background-repeat":"repeat","background-position":"center center","background-size":"auto","background-attachment":"scroll","background-type":"","background-media":"","overlay-type":"","overlay-color":"","overlay-opacity":"","overlay-gradient":""},"tablet":{"background-color":"var(--ast-global-color-5)","background-image":"","background-repeat":"repeat","background-position":"center center","background-size":"auto","background-attachment":"scroll","background-type":"","background-media":"","overlay-type":"","overlay-color":"","overlay-opacity":"","overlay-gradient":""},"mobile":{"background-color":"var(--ast-global-color-5)","background-image":"","background-repeat":"repeat","background-position":"center center","background-size":"auto","background-attachment":"scroll","background-type":"","background-media":"","overlay-type":"","overlay-color":"","overlay-opacity":"","overlay-gradient":""}},"footnotes":""},"categories":[11],"tags":[],"class_list":["post-15690","post","type-post","status-publish","format-standard","has-post-thumbnail","hentry","category-noticias"],"aioseo_notices":[],"_links":{"self":[{"href":"https:\/\/contarotacoes.com\/index.php?rest_route=\/wp\/v2\/posts\/15690","targetHints":{"allow":["GET"]}}],"collection":[{"href":"https:\/\/contarotacoes.com\/index.php?rest_route=\/wp\/v2\/posts"}],"about":[{"href":"https:\/\/contarotacoes.com\/index.php?rest_route=\/wp\/v2\/types\/post"}],"author":[{"embeddable":true,"href":"https:\/\/contarotacoes.com\/index.php?rest_route=\/wp\/v2\/users\/2"}],"replies":[{"embeddable":true,"href":"https:\/\/contarotacoes.com\/index.php?rest_route=%2Fwp%2Fv2%2Fcomments&post=15690"}],"version-history":[{"count":1,"href":"https:\/\/contarotacoes.com\/index.php?rest_route=\/wp\/v2\/posts\/15690\/revisions"}],"predecessor-version":[{"id":15692,"href":"https:\/\/contarotacoes.com\/index.php?rest_route=\/wp\/v2\/posts\/15690\/revisions\/15692"}],"wp:featuredmedia":[{"embeddable":true,"href":"https:\/\/contarotacoes.com\/index.php?rest_route=\/wp\/v2\/media\/15691"}],"wp:attachment":[{"href":"https:\/\/contarotacoes.com\/index.php?rest_route=%2Fwp%2Fv2%2Fmedia&parent=15690"}],"wp:term":[{"taxonomy":"category","embeddable":true,"href":"https:\/\/contarotacoes.com\/index.php?rest_route=%2Fwp%2Fv2%2Fcategories&post=15690"},{"taxonomy":"post_tag","embeddable":true,"href":"https:\/\/contarotacoes.com\/index.php?rest_route=%2Fwp%2Fv2%2Ftags&post=15690"}],"curies":[{"name":"wp","href":"https:\/\/api.w.org\/{rel}","templated":true}]}}