{"id":15617,"date":"2025-04-09T21:34:53","date_gmt":"2025-04-09T21:34:53","guid":{"rendered":"https:\/\/contarotacoes.com\/?p=15617"},"modified":"2025-04-09T21:34:53","modified_gmt":"2025-04-09T21:34:53","slug":"cntt-com-82-inscritos-na-homenagem-a-jose-alvoeiro-em-gois","status":"publish","type":"post","link":"https:\/\/contarotacoes.com\/?p=15617","title":{"rendered":"CNTT com 82 inscritos na homenagem a Jos\u00e9 Alvoeiro, em G\u00f3is"},"content":{"rendered":"<ul>\n<li style=\"text-align: justify;\"><strong>Martim Ventura nas Motos, Tom\u00e1s Paulo nos Quad e dupla Andr\u00e9 Carita\/Nuno Abrantes nos SSV lideram campeonatos<\/strong><\/li>\n<\/ul>\n<p style=\"text-align: justify;\">O 32\u00ba Raide TT Jos\u00e9 Alvoeiro \u201cPara\u00edso do Todo-o-Terreno\u201d G\u00f3is Arganil, terceira etapa do Campeonato Nacional de Todo-o-Terreno disputado sob a \u00e9gide da FMP, apresenta uma lista de inscritos com 82 participantes distribu\u00eddos pelas disciplinas de Moto, Quad e SSV. Uma jornada que \u00e9 tamb\u00e9m uma homenagem a Jos\u00e9 Alvoeiro que recentemente nos deixou e que era o grande dinamizador desta competi\u00e7\u00e3o e do G\u00f3is Moto Clube.<\/p>\n<p style=\"text-align: justify;\">Na competi\u00e7\u00e3o Moto destaque para o regresso do vice-campe\u00e3o nacional Bruno Santos numa jornada que n\u00e3o conta com o campe\u00e3o e atual l\u00edder do campeonato Martim Ventura. Ant\u00f3nio Maio, por seu lado, renova a aposta na Classe Trail aos comandos de uma Yamaha T\u00e9n\u00e9r\u00e9. Para al\u00e9m de Bruno Santos, numa Husqvarna TT2, ser\u00e3o candidatos aos primeiros lugares Gustavo Gaud\u00eancio em Honda TT1, que recentemente venceu em Castelo Branco, Micael Sim\u00e3o numa GasGas TT3, que foi ao p\u00f3dio nas duas jornadas j\u00e1 disputadas, Tom\u00e1s Dias numa Honda TT2 e Bernardo Megre, Campe\u00e3o TT1, este ano a competir em Kawasaki na Classe TT2. Outros participantes de relevo ser\u00e3o os irm\u00e3os Gon\u00e7alo e Salvador Amaral e o campe\u00e3o veterano Christophe Lajouanie, todos em Honda TT2, Jo\u00e3o Duarte em Honda TT3, Afonso Figueiredo e Fernando Ferreira em Kawasaki TT1, Nelson Cunha em Kawasaki TT2, Felipe Fragoso em GasGas TT1 e David Megre em KTM TT2. De regresso est\u00e1 tamb\u00e9m F\u00e1bio Magalh\u00e3es em Honda TT1.<\/p>\n<p style=\"text-align: justify;\">Entre os Quad destaque para o trio que tem lutado pela vit\u00f3ria nas provas disputadas e que \u00e9 neste momento liderado por Tom\u00e1s Paulo, seguido de Rodrigo Alves e do campe\u00e3o Lu\u00eds Fernandes, todos em Yamaha, a quem se juntam nomes como os de F\u00e1bio Ferreira em ATVRacing e Tiago Teixeira em Can-Am. De regresso e numa particular homenagem a Jos\u00e9 Alvoeiro estar\u00e1 o consagrado Lu\u00eds Pimenta, ostentando o n\u00ba 25 na sua Moto Star.<\/p>\n<p style=\"text-align: justify;\">Entre os SSV a luta pela vit\u00f3ria promete ser muito diversificada. Andr\u00e9 Carita, que segue na lideran\u00e7a do campeonato, reparte as vit\u00f3rias com Roberto Borrego e entre ambos, na classifica\u00e7\u00e3o absoluta, surge Nelson Caxias. Tr\u00eas pilotos Can-Am que dever\u00e3o ter como principais advers\u00e1rios os pilotos Polaris, Pedro Antunes e o ex-campe\u00e3o do mundo Moto H\u00e9lder Rodrigues. Outros pilotos a ter em conta e todos em Can-Am, s\u00e3o Pedro Pinha, Vasco Martins, Miguel Pl\u00e1cido e Pedro Grancha, para al\u00e9m do regressado Herlander Ara\u00fajo e n\u00e3o esquecendo que, pilotando uma viatura Stock, Rodrigo Melancia foi ao p\u00f3dio absoluto em Castelo Branco.<\/p>\n<p style=\"text-align: justify;\">Destaque para a participa\u00e7\u00e3o na prova beir\u00e3 de tr\u00eas senhoras a competirem: duas de moto, Maria Taranto e Daniela Mateus e uma de SSV, Lara Brardo.<\/p>\n<p style=\"text-align: justify;\">O 32\u00ba Raide TT Jos\u00e9 Alvoeiro \u201cPara\u00edso do Todo-o-Terreno\u201d, organizado pelo G\u00f3is Moto Clube arranca desportivamente no s\u00e1bado com a disputa do pr\u00f3logo composto por 4,8 km cronometrados que ser\u00e1 seguido de um setor seletivo (SS1) com 77,3 km cronometrados.\u00a0 A prova termina no domingo com a realiza\u00e7\u00e3o dos 246,5 km cronometrados do SS2. A totalidade dos Setores Seletivos \u00e9 de 328,6 Km.<\/p>\n<p class=\"m_7360621521068712149Default\" style=\"text-align: justify;\">Mais informa\u00e7\u00f5es sobre 32\u00ba Raide TT Jos\u00e9 Alvoeiro \u201cPara\u00edso do Todo-o-Terreno\u201d G\u00f3is Arganil\u00a0<a href=\"https:\/\/goismotoclube.pt\/32o-raide-tt\/\" target=\"_blank\" rel=\"noopener\" data-saferedirecturl=\"https:\/\/www.google.com\/url?q=https:\/\/goismotoclube.pt\/32o-raide-tt\/&amp;source=gmail&amp;ust=1744318841712000&amp;usg=AOvVaw0lueRW0EMbGxG51rcIk_QB\">aqui<\/a><u><\/u><u><\/u><\/p>\n<p class=\"m_7360621521068712149Default\">Ou em Sportity com a pass: CNTT<u><\/u><u><\/u><u><\/u>\u00a0<u><\/u><\/p>\n<p class=\"m_7360621521068712149Default\">Mais informa\u00e7\u00f5es sobre o CNTT em\u00a0<a href=\"https:\/\/cntt.pt\/\" target=\"_blank\" rel=\"noopener\" data-saferedirecturl=\"https:\/\/www.google.com\/url?q=https:\/\/cntt.pt&amp;source=gmail&amp;ust=1744318841712000&amp;usg=AOvVaw0FfTEYK-Fm6-VlgeGgcCMJ\">https:\/\/cntt.pt<\/a>\u00a0\u00a0e\u00a0\u00a0<a href=\"http:\/\/www.facebook.com\/CampeonatoNacionaldeTT\" target=\"_blank\" rel=\"noopener\" data-saferedirecturl=\"https:\/\/www.google.com\/url?q=http:\/\/www.facebook.com\/CampeonatoNacionaldeTT&amp;source=gmail&amp;ust=1744318841712000&amp;usg=AOvVaw2VJtQNKOBmOBMh0Ik5j09T\">www.facebook.com\/<wbr \/>CampeonatoNacionaldeTT<\/a><u><\/u><u><\/u><\/p>\n<p class=\"m_7360621521068712149Default\">V\u00eddeos do CNTT em\u00a0<a href=\"http:\/\/www.youtube.com\/user\/A2COMUNICACAO\/videos\" target=\"_blank\" rel=\"noopener\" data-saferedirecturl=\"https:\/\/www.google.com\/url?q=http:\/\/www.youtube.com\/user\/A2COMUNICACAO\/videos&amp;source=gmail&amp;ust=1744318841712000&amp;usg=AOvVaw0oEuwtBAqUsZ9iUq2Pj4R3\">www.youtube.com\/user\/<wbr \/>A2COMUNICACAO\/videos<\/a><\/p>\n","protected":false},"excerpt":{"rendered":"<p>Martim Ventura nas Motos, Tom\u00e1s Paulo nos Quad e dupla Andr\u00e9 Carita\/Nuno Abrantes nos SSV lideram campeonatos O 32\u00ba Raide TT Jos\u00e9 Alvoeiro \u201cPara\u00edso do Todo-o-Terreno\u201d G\u00f3is Arganil, terceira etapa do Campeonato Nacional de Todo-o-Terreno disputado sob a \u00e9gide da FMP, apresenta uma lista de inscritos com 82 participantes distribu\u00eddos pelas disciplinas de Moto, Quad [&hellip;]<\/p>\n","protected":false},"author":2,"featured_media":15618,"comment_status":"closed","ping_status":"open","sticky":false,"template":"","format":"standard","meta":{"_editorskit_title_hidden":false,"_editorskit_reading_time":0,"_editorskit_is_block_options_detached":false,"_editorskit_block_options_position":"{}","om_disable_all_campaigns":false,"_monsterinsights_skip_tracking":false,"_monsterinsights_sitenote_active":false,"_monsterinsights_sitenote_note":"","_monsterinsights_sitenote_category":0,"_uf_show_specific_survey":0,"_uf_disable_surveys":false,"site-sidebar-layout":"default","site-content-layout":"","ast-site-content-layout":"default","site-content-style":"default","site-sidebar-style":"default","ast-global-header-display":"","ast-banner-title-visibility":"","ast-main-header-display":"","ast-hfb-above-header-display":"","ast-hfb-below-header-display":"","ast-hfb-mobile-header-display":"","site-post-title":"","ast-breadcrumbs-content":"","ast-featured-img":"","footer-sml-layout":"","theme-transparent-header-meta":"default","adv-header-id-meta":"","stick-header-meta":"default","header-above-stick-meta":"","header-main-stick-meta":"","header-below-stick-meta":"","astra-migrate-meta-layouts":"set","ast-page-background-enabled":"default","ast-page-background-meta":{"desktop":{"background-color":"","background-image":"","background-repeat":"repeat","background-position":"center center","background-size":"auto","background-attachment":"scroll","background-type":"","background-media":"","overlay-type":"","overlay-color":"","overlay-opacity":"","overlay-gradient":""},"tablet":{"background-color":"","background-image":"","background-repeat":"repeat","background-position":"center center","background-size":"auto","background-attachment":"scroll","background-type":"","background-media":"","overlay-type":"","overlay-color":"","overlay-opacity":"","overlay-gradient":""},"mobile":{"background-color":"","background-image":"","background-repeat":"repeat","background-position":"center center","background-size":"auto","background-attachment":"scroll","background-type":"","background-media":"","overlay-type":"","overlay-color":"","overlay-opacity":"","overlay-gradient":""}},"ast-content-background-meta":{"desktop":{"background-color":"var(--ast-global-color-5)","background-image":"","background-repeat":"repeat","background-position":"center center","background-size":"auto","background-attachment":"scroll","background-type":"","background-media":"","overlay-type":"","overlay-color":"","overlay-opacity":"","overlay-gradient":""},"tablet":{"background-color":"var(--ast-global-color-5)","background-image":"","background-repeat":"repeat","background-position":"center center","background-size":"auto","background-attachment":"scroll","background-type":"","background-media":"","overlay-type":"","overlay-color":"","overlay-opacity":"","overlay-gradient":""},"mobile":{"background-color":"var(--ast-global-color-5)","background-image":"","background-repeat":"repeat","background-position":"center center","background-size":"auto","background-attachment":"scroll","background-type":"","background-media":"","overlay-type":"","overlay-color":"","overlay-opacity":"","overlay-gradient":""}},"footnotes":""},"categories":[11],"tags":[],"class_list":["post-15617","post","type-post","status-publish","format-standard","has-post-thumbnail","hentry","category-noticias"],"aioseo_notices":[],"_links":{"self":[{"href":"https:\/\/contarotacoes.com\/index.php?rest_route=\/wp\/v2\/posts\/15617","targetHints":{"allow":["GET"]}}],"collection":[{"href":"https:\/\/contarotacoes.com\/index.php?rest_route=\/wp\/v2\/posts"}],"about":[{"href":"https:\/\/contarotacoes.com\/index.php?rest_route=\/wp\/v2\/types\/post"}],"author":[{"embeddable":true,"href":"https:\/\/contarotacoes.com\/index.php?rest_route=\/wp\/v2\/users\/2"}],"replies":[{"embeddable":true,"href":"https:\/\/contarotacoes.com\/index.php?rest_route=%2Fwp%2Fv2%2Fcomments&post=15617"}],"version-history":[{"count":1,"href":"https:\/\/contarotacoes.com\/index.php?rest_route=\/wp\/v2\/posts\/15617\/revisions"}],"predecessor-version":[{"id":15619,"href":"https:\/\/contarotacoes.com\/index.php?rest_route=\/wp\/v2\/posts\/15617\/revisions\/15619"}],"wp:featuredmedia":[{"embeddable":true,"href":"https:\/\/contarotacoes.com\/index.php?rest_route=\/wp\/v2\/media\/15618"}],"wp:attachment":[{"href":"https:\/\/contarotacoes.com\/index.php?rest_route=%2Fwp%2Fv2%2Fmedia&parent=15617"}],"wp:term":[{"taxonomy":"category","embeddable":true,"href":"https:\/\/contarotacoes.com\/index.php?rest_route=%2Fwp%2Fv2%2Fcategories&post=15617"},{"taxonomy":"post_tag","embeddable":true,"href":"https:\/\/contarotacoes.com\/index.php?rest_route=%2Fwp%2Fv2%2Ftags&post=15617"}],"curies":[{"name":"wp","href":"https:\/\/api.w.org\/{rel}","templated":true}]}}