{"id":15593,"date":"2025-04-09T15:00:32","date_gmt":"2025-04-09T15:00:32","guid":{"rendered":"https:\/\/contarotacoes.com\/?p=15593"},"modified":"2025-04-09T15:00:32","modified_gmt":"2025-04-09T15:00:32","slug":"jose-rodrigues-mereci-a-vitoria-na-penha-e-estou-extremamente-feliz","status":"publish","type":"post","link":"https:\/\/contarotacoes.com\/?p=15593","title":{"rendered":"Jos\u00e9 Rodrigues: \u201cmereci a vit\u00f3ria na Penha e estou extremamente feliz\u201d"},"content":{"rendered":"<p style=\"text-align: justify;\">Jos\u00e9 Rodrigues levou o Porsche 997.2 GT3 Cup preparado pela Monteiros Competi\u00e7\u00f5es ao triunfo entre os GT na Rampa da Penha Paisagem Protegida. Com este triunfo, o piloto de Braga refor\u00e7ou a sua lideran\u00e7a no campeonato.<\/p>\n<p style=\"text-align: justify;\">O n\u00edvel atingido por Jos\u00e9 Rodrigues na prova organizada pelo Demoporto ro\u00e7ou a perfei\u00e7\u00e3o. O piloto forma com o seu carro um bin\u00f3mio que se revela muito dif\u00edcil de bater, numa categoria onde o n\u00edvel competitivo \u00e9 excecional.<\/p>\n<p style=\"text-align: justify;\">Esta edi\u00e7\u00e3o da Rampa da Penha assinalava precisamente um ano sobre a primeira vit\u00f3ria de Jos\u00e9 Rodrigues entre os GT no Campeonato de Portugal de Montanha JC Group, efem\u00e9ride que, obviamente, ainda motivou mais o bracarense que entrou ao ataque desde a primeira subida de treinos e, perante uma oposi\u00e7\u00e3o muito competitiva, tornou-se protagonista de um duelo sem tr\u00e9guas pela primazia na sua categoria, tendo em V\u00edtor Pascoal o seu principal advers\u00e1rio.<\/p>\n<p style=\"text-align: justify;\">Jos\u00e9 Rodrigues colocou-se logo na lideran\u00e7a no s\u00e1bado, sendo o melhor dos GT na \u00fanica subida de prova do dia. Mas, seria na jornada decisiva de domingo que \u2018abriria o livro\u2019&#8230;<\/p>\n<p style=\"text-align: justify;\">Na 2\u00aa Subida de Prova do programa, voou baixinho ao longo dos cerca de 2700 metros do tra\u00e7ado e estabeleceu um tempo \u2018canh\u00e3o\u2019, 1:30.616, defendendo-se depois dos ataques de Pascoal na \u00faltima subida do programa, garantindo a vitoria com todo o m\u00e9rito.<\/p>\n<p style=\"text-align: justify;\">\u201cUma rampa fant\u00e1stica!&#8230; Excedi as expectativas sobre a minha performance com este carro aqui na Penha. Melhorei e muito a marca que tinha nesta rampa e, pelas nossas contas, terei batido o recorde para a Categoria GT\u201d.<\/p>\n<p style=\"text-align: justify;\">E quanto \u00e0 forma como alcan\u00e7ou essa hist\u00f3rica marca, o craque bracarense assume que \u201cessa 2\u00aa Subida de prova foi absolutamente incr\u00edvel. Estava muito focado, coloquei tudo no tra\u00e7ado e, com essa marca incr\u00edvel, praticamente resolvi as coisas quanto \u00e0 vit\u00f3ria entre os GT. At\u00e9 porque, mesmo tendo estado sempre bem ao longo dos dois dias, sabia que a marca de s\u00e1bado pouco ou nada iria contar, porque t\u00ednhamos corrido com a pista muito fria, aqui e ali, ainda escorregadia e, portanto, que tudo se decidiria nas duas subidas de domingo\u201d, real\u00e7ando ainda que \u201cfoi fundamental estar t\u00e3o focado. Sabia que o V\u00edtor Pascoal estava a melhorar subida ap\u00f3s subida \u2013 ali\u00e1s, ele est\u00e1 de parab\u00e9ns porque fez uma prova fant\u00e1stica \u2013 e tinha de atacar para ganhar vantagem. Acho que mereci a vit\u00f3ria e estou extremamente feliz. Estamos no comando do campeonato, invictos entre os que o disputam e muito motivados para lutar pelo t\u00edtulo\u201d.<\/p>\n<p style=\"text-align: justify;\">Agora \u00e9 tempo de Jos\u00e9 Rodrigues se focar \u201cna Falperra. Ser\u00e1 em casa, mas sei que, se competir com este carro, vou ter mais dificuldades, mas vamos dar tudo para defender esta lideran\u00e7a no campeonato\u201d.<\/p>\n<p style=\"text-align: justify;\">A Rampa Internacional da Falperra, decorre de 9 a 11 de maio, sob a \u00e9gide organizativa do Clube Autom\u00f3vel do Minho.<\/p>\n","protected":false},"excerpt":{"rendered":"<p>Jos\u00e9 Rodrigues levou o Porsche 997.2 GT3 Cup preparado pela Monteiros Competi\u00e7\u00f5es ao triunfo entre os GT na Rampa da Penha Paisagem Protegida. Com este triunfo, o piloto de Braga refor\u00e7ou a sua lideran\u00e7a no campeonato. O n\u00edvel atingido por Jos\u00e9 Rodrigues na prova organizada pelo Demoporto ro\u00e7ou a perfei\u00e7\u00e3o. O piloto forma com o [&hellip;]<\/p>\n","protected":false},"author":2,"featured_media":15594,"comment_status":"closed","ping_status":"open","sticky":false,"template":"","format":"standard","meta":{"_editorskit_title_hidden":false,"_editorskit_reading_time":0,"_editorskit_is_block_options_detached":false,"_editorskit_block_options_position":"{}","om_disable_all_campaigns":false,"_monsterinsights_skip_tracking":false,"_monsterinsights_sitenote_active":false,"_monsterinsights_sitenote_note":"","_monsterinsights_sitenote_category":0,"_uf_show_specific_survey":0,"_uf_disable_surveys":false,"site-sidebar-layout":"default","site-content-layout":"","ast-site-content-layout":"default","site-content-style":"default","site-sidebar-style":"default","ast-global-header-display":"","ast-banner-title-visibility":"","ast-main-header-display":"","ast-hfb-above-header-display":"","ast-hfb-below-header-display":"","ast-hfb-mobile-header-display":"","site-post-title":"","ast-breadcrumbs-content":"","ast-featured-img":"","footer-sml-layout":"","theme-transparent-header-meta":"default","adv-header-id-meta":"","stick-header-meta":"default","header-above-stick-meta":"","header-main-stick-meta":"","header-below-stick-meta":"","astra-migrate-meta-layouts":"set","ast-page-background-enabled":"default","ast-page-background-meta":{"desktop":{"background-color":"","background-image":"","background-repeat":"repeat","background-position":"center center","background-size":"auto","background-attachment":"scroll","background-type":"","background-media":"","overlay-type":"","overlay-color":"","overlay-opacity":"","overlay-gradient":""},"tablet":{"background-color":"","background-image":"","background-repeat":"repeat","background-position":"center center","background-size":"auto","background-attachment":"scroll","background-type":"","background-media":"","overlay-type":"","overlay-color":"","overlay-opacity":"","overlay-gradient":""},"mobile":{"background-color":"","background-image":"","background-repeat":"repeat","background-position":"center center","background-size":"auto","background-attachment":"scroll","background-type":"","background-media":"","overlay-type":"","overlay-color":"","overlay-opacity":"","overlay-gradient":""}},"ast-content-background-meta":{"desktop":{"background-color":"var(--ast-global-color-5)","background-image":"","background-repeat":"repeat","background-position":"center center","background-size":"auto","background-attachment":"scroll","background-type":"","background-media":"","overlay-type":"","overlay-color":"","overlay-opacity":"","overlay-gradient":""},"tablet":{"background-color":"var(--ast-global-color-5)","background-image":"","background-repeat":"repeat","background-position":"center center","background-size":"auto","background-attachment":"scroll","background-type":"","background-media":"","overlay-type":"","overlay-color":"","overlay-opacity":"","overlay-gradient":""},"mobile":{"background-color":"var(--ast-global-color-5)","background-image":"","background-repeat":"repeat","background-position":"center center","background-size":"auto","background-attachment":"scroll","background-type":"","background-media":"","overlay-type":"","overlay-color":"","overlay-opacity":"","overlay-gradient":""}},"footnotes":""},"categories":[11],"tags":[],"class_list":["post-15593","post","type-post","status-publish","format-standard","has-post-thumbnail","hentry","category-noticias"],"aioseo_notices":[],"_links":{"self":[{"href":"https:\/\/contarotacoes.com\/index.php?rest_route=\/wp\/v2\/posts\/15593","targetHints":{"allow":["GET"]}}],"collection":[{"href":"https:\/\/contarotacoes.com\/index.php?rest_route=\/wp\/v2\/posts"}],"about":[{"href":"https:\/\/contarotacoes.com\/index.php?rest_route=\/wp\/v2\/types\/post"}],"author":[{"embeddable":true,"href":"https:\/\/contarotacoes.com\/index.php?rest_route=\/wp\/v2\/users\/2"}],"replies":[{"embeddable":true,"href":"https:\/\/contarotacoes.com\/index.php?rest_route=%2Fwp%2Fv2%2Fcomments&post=15593"}],"version-history":[{"count":1,"href":"https:\/\/contarotacoes.com\/index.php?rest_route=\/wp\/v2\/posts\/15593\/revisions"}],"predecessor-version":[{"id":15595,"href":"https:\/\/contarotacoes.com\/index.php?rest_route=\/wp\/v2\/posts\/15593\/revisions\/15595"}],"wp:featuredmedia":[{"embeddable":true,"href":"https:\/\/contarotacoes.com\/index.php?rest_route=\/wp\/v2\/media\/15594"}],"wp:attachment":[{"href":"https:\/\/contarotacoes.com\/index.php?rest_route=%2Fwp%2Fv2%2Fmedia&parent=15593"}],"wp:term":[{"taxonomy":"category","embeddable":true,"href":"https:\/\/contarotacoes.com\/index.php?rest_route=%2Fwp%2Fv2%2Fcategories&post=15593"},{"taxonomy":"post_tag","embeddable":true,"href":"https:\/\/contarotacoes.com\/index.php?rest_route=%2Fwp%2Fv2%2Ftags&post=15593"}],"curies":[{"name":"wp","href":"https:\/\/api.w.org\/{rel}","templated":true}]}}