{"id":15522,"date":"2025-04-07T17:10:24","date_gmt":"2025-04-07T17:10:24","guid":{"rendered":"https:\/\/contarotacoes.com\/?p=15522"},"modified":"2025-04-07T17:10:24","modified_gmt":"2025-04-07T17:10:24","slug":"equipa-wingmotor-no-raide-tt-jose-alvoeiro","status":"publish","type":"post","link":"https:\/\/contarotacoes.com\/?p=15522","title":{"rendered":"Equipa Wingmotor no Raide TT Jos\u00e9 Alvoeiro"},"content":{"rendered":"<p style=\"text-align: justify;\">Depois de uma excelente presen\u00e7a na corrida disputada em Castelo Branco, os irm\u00e3os Gon\u00e7alo e Salvador Amaral prosseguem com as competi\u00e7\u00f5es j\u00e1 nos pr\u00f3ximos dias 11, 12 de 13 de abril, quando em G\u00f3is e Arganil se disputam o Raide TT Jos\u00e9 Alvoeiro, \u201cPara\u00edso do Todo-o-Terreno\u201d. Os dois ocupam actualmente posi\u00e7\u00f5es de destaque no Campeonato Nacional de Todo-o-Terreno 2025. Gon\u00e7alo Amaral arranca para esta que \u00e9 a terceira prova do CNTT no TOP 5 absoluto enquanto Salvador Amaral encerra o Top 10.<\/p>\n<p style=\"text-align: justify;\">\u201cEsta prova \u00e9 particularmente especial. Ser\u00e1 um momento para homenagear o diretor do G\u00f3is Moto Clube que nos deixou recentemente. O Jos\u00e9 sempre foi muito dedicado e foi o rosto da prova desde h\u00e1 muitos anos e por isso, vir este ano a G\u00f3is tem um gosto muito especial. Vai ser uma bela homenagem.<\/p>\n<p style=\"text-align: justify;\">Desportivamente, esta ser\u00e1 a segunda prova aos comandos do novo modelo da Honda. A competi\u00e7\u00e3o anterior correu muito bem e estamos muito expectantes com a prova de G\u00f3is e Arganil. N\u00e3o conseguimos treinar o quanto gostar\u00edamos porque sempre temos de conciliar com a nossa vida profissional, mas o primeiro contato com a mota no final de mar\u00e7o deixou um bom press\u00e1gio para o que se segue. Ainda faltam muitas corridas pela frente, mas estamos muito expectantes e motivados.\u201d, sublinha Gon\u00e7alo Amaral que depois do p\u00f3dio TT2 que conquistou na pret\u00e9rita jornada aos comandos da nova Honda 450 CRF, mostra-se bastante motivado para disputar mais um grande desafio.<\/p>\n<p style=\"text-align: justify;\">Para o irm\u00e3o Salvador Amaral este &#8220;Raide \u00e9 uma prova sempre muito exigente. O percurso de serra n\u00e3o facilita a vida dos pilotos e por conhecer t\u00e3o bem esta corrida sei as condicionantes que escondem, mas a prova anterior, a da Escuderia, que disputamos com a nova Honda deixou-nos lan\u00e7amentos muitodos com as pr\u00f3ximas corridas. Gostava muito de alcan\u00e7ar o p\u00f3dio tamb\u00e9m na classe TT2, tal como j\u00e1 consegui alcan\u00e7ar em TT1 nos anos anteriores. Este \u00e9 o segundo ano que estou a disputar esta categoria. A motiva\u00e7\u00e3o e a ambi\u00e7\u00e3o s\u00e3o grandes. Vamos gerindo a prova, sempre focados em dar o nosso melhor, sem correr riscos e riscos que os resultados v\u00e3o aparecer.<\/p>\n<p style=\"text-align: justify;\">O 32\u00ba Raide TT Jos\u00e9 Alvoeiro \u201cPara\u00edso do Todo-o-Terreno\u201d, organizado pelo G\u00f3is Moto Clube arranca desportivamente no s\u00e1bado com a disputa do pr\u00f3logo composto por 4,8 km cronometrados que ser\u00e1 seguido de um setor seletivo (SS1) com 77,3 km cronometrados. A prova termina no domingo com a realiza\u00e7\u00e3o dos 246,5 km cronometrados do SS2. A totalidade dos Setores Seletivos \u00e9 de 328,6 Km.<\/p>\n<p style=\"text-align: justify;\">Mais informa\u00e7\u00f5es sobre Raide TT Jos\u00e9 Alvoeiro \u201cPara\u00edso do Todo-o-Terreno\u201d:\u00a0<a href=\"https:\/\/goismotoclube.pt\/32o-raide-tt\/\">32\u00ba Raide TT Jos\u00e9 Alvoeiro &#8211; G\u00f3is Moto Clube<\/a><\/p>\n<p style=\"text-align: justify;\">Ou em Sportity com o passe: CNTT<\/p>\n<p style=\"text-align: justify;\">Acompanhe a equipe:<\/p>\n<p style=\"text-align: justify;\">Facebook:\u00a0<a href=\"https:\/\/www.facebook.com\/profile.php?id=100040058572689\">Gon\u00e7alo Amaral<\/a>\u00a0\/\u00a0<a href=\"https:\/\/www.facebook.com\/wingmotorhonda\">Wingmotor<\/a><\/p>\n","protected":false},"excerpt":{"rendered":"<p>Depois de uma excelente presen\u00e7a na corrida disputada em Castelo Branco, os irm\u00e3os Gon\u00e7alo e Salvador Amaral prosseguem com as competi\u00e7\u00f5es j\u00e1 nos pr\u00f3ximos dias 11, 12 de 13 de abril, quando em G\u00f3is e Arganil se disputam o Raide TT Jos\u00e9 Alvoeiro, \u201cPara\u00edso do Todo-o-Terreno\u201d. Os dois ocupam actualmente posi\u00e7\u00f5es de destaque no Campeonato [&hellip;]<\/p>\n","protected":false},"author":2,"featured_media":15523,"comment_status":"closed","ping_status":"open","sticky":false,"template":"","format":"standard","meta":{"_editorskit_title_hidden":false,"_editorskit_reading_time":0,"_editorskit_is_block_options_detached":false,"_editorskit_block_options_position":"{}","om_disable_all_campaigns":false,"_monsterinsights_skip_tracking":false,"_monsterinsights_sitenote_active":false,"_monsterinsights_sitenote_note":"","_monsterinsights_sitenote_category":0,"_uf_show_specific_survey":0,"_uf_disable_surveys":false,"site-sidebar-layout":"default","site-content-layout":"","ast-site-content-layout":"default","site-content-style":"default","site-sidebar-style":"default","ast-global-header-display":"","ast-banner-title-visibility":"","ast-main-header-display":"","ast-hfb-above-header-display":"","ast-hfb-below-header-display":"","ast-hfb-mobile-header-display":"","site-post-title":"","ast-breadcrumbs-content":"","ast-featured-img":"","footer-sml-layout":"","theme-transparent-header-meta":"default","adv-header-id-meta":"","stick-header-meta":"default","header-above-stick-meta":"","header-main-stick-meta":"","header-below-stick-meta":"","astra-migrate-meta-layouts":"set","ast-page-background-enabled":"default","ast-page-background-meta":{"desktop":{"background-color":"","background-image":"","background-repeat":"repeat","background-position":"center center","background-size":"auto","background-attachment":"scroll","background-type":"","background-media":"","overlay-type":"","overlay-color":"","overlay-opacity":"","overlay-gradient":""},"tablet":{"background-color":"","background-image":"","background-repeat":"repeat","background-position":"center center","background-size":"auto","background-attachment":"scroll","background-type":"","background-media":"","overlay-type":"","overlay-color":"","overlay-opacity":"","overlay-gradient":""},"mobile":{"background-color":"","background-image":"","background-repeat":"repeat","background-position":"center center","background-size":"auto","background-attachment":"scroll","background-type":"","background-media":"","overlay-type":"","overlay-color":"","overlay-opacity":"","overlay-gradient":""}},"ast-content-background-meta":{"desktop":{"background-color":"var(--ast-global-color-5)","background-image":"","background-repeat":"repeat","background-position":"center center","background-size":"auto","background-attachment":"scroll","background-type":"","background-media":"","overlay-type":"","overlay-color":"","overlay-opacity":"","overlay-gradient":""},"tablet":{"background-color":"var(--ast-global-color-5)","background-image":"","background-repeat":"repeat","background-position":"center center","background-size":"auto","background-attachment":"scroll","background-type":"","background-media":"","overlay-type":"","overlay-color":"","overlay-opacity":"","overlay-gradient":""},"mobile":{"background-color":"var(--ast-global-color-5)","background-image":"","background-repeat":"repeat","background-position":"center center","background-size":"auto","background-attachment":"scroll","background-type":"","background-media":"","overlay-type":"","overlay-color":"","overlay-opacity":"","overlay-gradient":""}},"footnotes":""},"categories":[11],"tags":[],"class_list":["post-15522","post","type-post","status-publish","format-standard","has-post-thumbnail","hentry","category-noticias"],"aioseo_notices":[],"_links":{"self":[{"href":"https:\/\/contarotacoes.com\/index.php?rest_route=\/wp\/v2\/posts\/15522","targetHints":{"allow":["GET"]}}],"collection":[{"href":"https:\/\/contarotacoes.com\/index.php?rest_route=\/wp\/v2\/posts"}],"about":[{"href":"https:\/\/contarotacoes.com\/index.php?rest_route=\/wp\/v2\/types\/post"}],"author":[{"embeddable":true,"href":"https:\/\/contarotacoes.com\/index.php?rest_route=\/wp\/v2\/users\/2"}],"replies":[{"embeddable":true,"href":"https:\/\/contarotacoes.com\/index.php?rest_route=%2Fwp%2Fv2%2Fcomments&post=15522"}],"version-history":[{"count":1,"href":"https:\/\/contarotacoes.com\/index.php?rest_route=\/wp\/v2\/posts\/15522\/revisions"}],"predecessor-version":[{"id":15524,"href":"https:\/\/contarotacoes.com\/index.php?rest_route=\/wp\/v2\/posts\/15522\/revisions\/15524"}],"wp:featuredmedia":[{"embeddable":true,"href":"https:\/\/contarotacoes.com\/index.php?rest_route=\/wp\/v2\/media\/15523"}],"wp:attachment":[{"href":"https:\/\/contarotacoes.com\/index.php?rest_route=%2Fwp%2Fv2%2Fmedia&parent=15522"}],"wp:term":[{"taxonomy":"category","embeddable":true,"href":"https:\/\/contarotacoes.com\/index.php?rest_route=%2Fwp%2Fv2%2Fcategories&post=15522"},{"taxonomy":"post_tag","embeddable":true,"href":"https:\/\/contarotacoes.com\/index.php?rest_route=%2Fwp%2Fv2%2Ftags&post=15522"}],"curies":[{"name":"wp","href":"https:\/\/api.w.org\/{rel}","templated":true}]}}