{"id":15211,"date":"2025-03-30T23:35:39","date_gmt":"2025-03-30T23:35:39","guid":{"rendered":"https:\/\/contarotacoes.com\/?p=15211"},"modified":"2025-03-30T23:35:39","modified_gmt":"2025-03-30T23:35:39","slug":"xxviii-alem-mar-rali-tac-50-anos-luis-rego-vence-na-estreia-do-novo-skoda-e-rafael-botelho-foi-dominador-nas-2rm","status":"publish","type":"post","link":"https:\/\/contarotacoes.com\/?p=15211","title":{"rendered":"XXVIII AL\u00c9M MAR RALI TAC 50 ANOS : LU\u00cdS REGO VENCE NA ESTREIA DO NOVO \u0160KODA E RAFAEL BOTELHO FOI DOMINADOR NAS 2RM"},"content":{"rendered":"<div>\n<div dir=\"auto\" style=\"text-align: justify;\">Bandeira xadrez nesta edi\u00e7\u00e3o 28 do Al\u00e9m Mar Rali TAC, que coroa Lu\u00eds Rego e Jos\u00e9 Janela como os grandes vencedores do rali na estreia com a nova montada, o \u0160koda Fabia RS Rally2. A dupla vice-campe\u00e3 regional na \u00e9poca passada marca pontua\u00e7\u00e3o m\u00e1xima no primeiro rali da edi\u00e7\u00e3o de 2025 do Campeonato dos A\u00e7ores de Ralis, neste que foi o primeiro passo rumo ao objetivo principal da \u00e9poca. Venceram todas as classificativas, incluindo a \u2018powerstage\u2019, com um tempo total acumulado de 38:55.6.<\/div>\n<\/div>\n<div style=\"text-align: justify;\">\n<div dir=\"auto\">Segundos classificados absolutos no final deste rali e vencedores no que diz respeito \u00e0s 2RM, Rafael Botelho e Rui Raimundo iniciam a \u00e9poca da mesma forma que terminaram a transata. A forma\u00e7\u00e3o do Team Lotus guiou o Peugeot 208 Rally4 a preceito, embora tivessem ficado a 3:24.3 dos vencedores, fruto tamb\u00e9m da diferen\u00e7a entre viaturas. Somaram ainda 2 pontos na derradeira prova especial classificativa gra\u00e7as \u00e0 2\u00aa melhor marca alcan\u00e7ada.<\/div>\n<\/div>\n<div style=\"text-align: justify;\">\n<div dir=\"auto\">A dupla composta por Gon\u00e7alo Rego e Pedro Castro, em Peugeot 208 Rally4, terminaram o rali no lugar mais baixo do p\u00f3dio absoluto e foram segundos classificados finais nas 2RM. \u00c9 o melhor resultado alcan\u00e7ado pelo piloto nesta sua curta carreira at\u00e9 ao momento, dando assim uma grande motiva\u00e7\u00e3o para encarar a pr\u00f3xima prova. Gastaram no total mais 4:50.5 que os vencedores.<\/div>\n<\/div>\n<div style=\"text-align: justify;\">\n<div dir=\"auto\">Num honroso terceiro posto das 2RM, Estev\u00e3o Rodrigues e Nuno Cabral, aos comandos do Peugeot 208 Rally4 da Auto A\u00e7oreana Racing, foram donos de uma exibi\u00e7\u00e3o consistente durante este dia maior de rali. Apesar de nem sempre terem alcan\u00e7ado o terceiro melhor tempo ao longo das classificativas nesta prova, nunca cederam demasiado tempo aos perseguidores, valendo assim pontos importantes para o campeonato. Terminam o rali a 1:26.5 dos vencedores das 2RM.<\/div>\n<\/div>\n<div style=\"text-align: justify;\">\n<div dir=\"auto\">O campeonato segue agora para os pisos de terra da ilha do Faial onde marcaremos presen\u00e7a a 9 e 10 de maio no XXXVI Rali Ilha Azul Cidade Mar.<\/div>\n<\/div>\n<div>\n<div dir=\"auto\" style=\"text-align: justify;\">A tabela classificativa pode ser consultada em <a tabindex=\"0\" role=\"link\" href=\"https:\/\/l.facebook.com\/l.php?u=https%3A%2F%2Fanubesport.com%2Ftiming%2Fgen%2F5617%2F%3FrallyId%3D215%26fbclid%3DIwZXh0bgNhZW0CMTAAAR0QJbKMQudItn0IDI8oL1nVruQo1L0b7tMI-rvTip3Y1s0rVbua55E1OA0_aem_f1bQKCBLav68o8urIlyQ4w&amp;h=AT026XD6lQ1x__QESCkw2xj7M7gdzq4fDtp8n7Gs1Hv74xMpwhe55CKQXDCVWnCEFLd3HBdlza1WT1xYC6QhWc41m0d0BlJyvOua-kNzAcGcSXEE3WM1p2PVxBLs1RnExt_4rdYMpkxVrQ&amp;__tn__=-UK-y-R&amp;c[0]=AT1rza43WfBLEaM-D2GOjRWS99tN1tBLxh1LBx2HXtrhmUj_P59zfeEDX_7Ite4MsGjRb271Dh0S19lt__hDUNaVocQzY5PvRojhmd_9pUMLt8BrEzTsI7gYj8CYIaFBE9TBq6EEaJyeaIbUfwpVjHSB_2lyew4gJmg9t-C_EsTRn1Nkrplncbim4yTNidLj-8qDbEBcLcCu4fUEayT7KYVz0LGEflU7xdGRYctqU0GM1yFRFA\" target=\"_blank\" rel=\"nofollow noopener noreferrer\">https:\/\/anubesport.com\/timing\/gen\/5617\/?rallyId=215<\/a><\/div>\n<\/div>\n","protected":false},"excerpt":{"rendered":"<p>Bandeira xadrez nesta edi\u00e7\u00e3o 28 do Al\u00e9m Mar Rali TAC, que coroa Lu\u00eds Rego e Jos\u00e9 Janela como os grandes vencedores do rali na estreia com a nova montada, o \u0160koda Fabia RS Rally2. A dupla vice-campe\u00e3 regional na \u00e9poca passada marca pontua\u00e7\u00e3o m\u00e1xima no primeiro rali da edi\u00e7\u00e3o de 2025 do Campeonato dos A\u00e7ores [&hellip;]<\/p>\n","protected":false},"author":2,"featured_media":15212,"comment_status":"closed","ping_status":"open","sticky":false,"template":"","format":"standard","meta":{"_editorskit_title_hidden":false,"_editorskit_reading_time":0,"_editorskit_is_block_options_detached":false,"_editorskit_block_options_position":"{}","om_disable_all_campaigns":false,"_monsterinsights_skip_tracking":false,"_monsterinsights_sitenote_active":false,"_monsterinsights_sitenote_note":"","_monsterinsights_sitenote_category":0,"_uf_show_specific_survey":0,"_uf_disable_surveys":false,"site-sidebar-layout":"default","site-content-layout":"","ast-site-content-layout":"default","site-content-style":"default","site-sidebar-style":"default","ast-global-header-display":"","ast-banner-title-visibility":"","ast-main-header-display":"","ast-hfb-above-header-display":"","ast-hfb-below-header-display":"","ast-hfb-mobile-header-display":"","site-post-title":"","ast-breadcrumbs-content":"","ast-featured-img":"","footer-sml-layout":"","theme-transparent-header-meta":"default","adv-header-id-meta":"","stick-header-meta":"default","header-above-stick-meta":"","header-main-stick-meta":"","header-below-stick-meta":"","astra-migrate-meta-layouts":"set","ast-page-background-enabled":"default","ast-page-background-meta":{"desktop":{"background-color":"","background-image":"","background-repeat":"repeat","background-position":"center center","background-size":"auto","background-attachment":"scroll","background-type":"","background-media":"","overlay-type":"","overlay-color":"","overlay-opacity":"","overlay-gradient":""},"tablet":{"background-color":"","background-image":"","background-repeat":"repeat","background-position":"center center","background-size":"auto","background-attachment":"scroll","background-type":"","background-media":"","overlay-type":"","overlay-color":"","overlay-opacity":"","overlay-gradient":""},"mobile":{"background-color":"","background-image":"","background-repeat":"repeat","background-position":"center center","background-size":"auto","background-attachment":"scroll","background-type":"","background-media":"","overlay-type":"","overlay-color":"","overlay-opacity":"","overlay-gradient":""}},"ast-content-background-meta":{"desktop":{"background-color":"var(--ast-global-color-5)","background-image":"","background-repeat":"repeat","background-position":"center center","background-size":"auto","background-attachment":"scroll","background-type":"","background-media":"","overlay-type":"","overlay-color":"","overlay-opacity":"","overlay-gradient":""},"tablet":{"background-color":"var(--ast-global-color-5)","background-image":"","background-repeat":"repeat","background-position":"center center","background-size":"auto","background-attachment":"scroll","background-type":"","background-media":"","overlay-type":"","overlay-color":"","overlay-opacity":"","overlay-gradient":""},"mobile":{"background-color":"var(--ast-global-color-5)","background-image":"","background-repeat":"repeat","background-position":"center center","background-size":"auto","background-attachment":"scroll","background-type":"","background-media":"","overlay-type":"","overlay-color":"","overlay-opacity":"","overlay-gradient":""}},"footnotes":""},"categories":[11],"tags":[],"class_list":["post-15211","post","type-post","status-publish","format-standard","has-post-thumbnail","hentry","category-noticias"],"aioseo_notices":[],"_links":{"self":[{"href":"https:\/\/contarotacoes.com\/index.php?rest_route=\/wp\/v2\/posts\/15211","targetHints":{"allow":["GET"]}}],"collection":[{"href":"https:\/\/contarotacoes.com\/index.php?rest_route=\/wp\/v2\/posts"}],"about":[{"href":"https:\/\/contarotacoes.com\/index.php?rest_route=\/wp\/v2\/types\/post"}],"author":[{"embeddable":true,"href":"https:\/\/contarotacoes.com\/index.php?rest_route=\/wp\/v2\/users\/2"}],"replies":[{"embeddable":true,"href":"https:\/\/contarotacoes.com\/index.php?rest_route=%2Fwp%2Fv2%2Fcomments&post=15211"}],"version-history":[{"count":1,"href":"https:\/\/contarotacoes.com\/index.php?rest_route=\/wp\/v2\/posts\/15211\/revisions"}],"predecessor-version":[{"id":15213,"href":"https:\/\/contarotacoes.com\/index.php?rest_route=\/wp\/v2\/posts\/15211\/revisions\/15213"}],"wp:featuredmedia":[{"embeddable":true,"href":"https:\/\/contarotacoes.com\/index.php?rest_route=\/wp\/v2\/media\/15212"}],"wp:attachment":[{"href":"https:\/\/contarotacoes.com\/index.php?rest_route=%2Fwp%2Fv2%2Fmedia&parent=15211"}],"wp:term":[{"taxonomy":"category","embeddable":true,"href":"https:\/\/contarotacoes.com\/index.php?rest_route=%2Fwp%2Fv2%2Fcategories&post=15211"},{"taxonomy":"post_tag","embeddable":true,"href":"https:\/\/contarotacoes.com\/index.php?rest_route=%2Fwp%2Fv2%2Ftags&post=15211"}],"curies":[{"name":"wp","href":"https:\/\/api.w.org\/{rel}","templated":true}]}}