{"id":15198,"date":"2025-03-30T23:09:01","date_gmt":"2025-03-30T23:09:01","guid":{"rendered":"https:\/\/contarotacoes.com\/?p=15198"},"modified":"2025-03-30T23:09:01","modified_gmt":"2025-03-30T23:09:01","slug":"ricardo-goncalves-com-limitacoes-tecnicas-na-rampa-de-murca","status":"publish","type":"post","link":"https:\/\/contarotacoes.com\/?p=15198","title":{"rendered":"RICARDO GON\u00c7ALVES COM LIMITA\u00c7\u00d5ES T\u00c9CNICAS NA RAMPA DE MUR\u00c7A"},"content":{"rendered":"<p style=\"text-align: justify;\">O am\u00e1vel e simp\u00e1tico piloto de Guimar\u00e3es, Ricardo Gon\u00e7alves\u00a0teve algumas limita\u00e7\u00f5es t\u00e9cnicas no passado fim de semana na rampa de Mur\u00e7a, jornada inaugural do Campeonato Portugal Montanha JC Group 2025, organizado sob a \u00e9gide do Cami Motorsport.<\/p>\n<p style=\"text-align: justify;\">Logo na 1\u00aa subida de treinos livres, o piloto do BMW E 36 come\u00e7ou por fazer um tempo de 3.18.004 \u00e0 m\u00e9dia de 76,36 km\/h, e o 7\u00ba lugar na classifica\u00e7\u00e3o do campeonato Portugal Legend\u2019s de Montanha. J\u00e1 na 1\u00aa subida oficial de treinos, o piloto de Guimar\u00e3es acaba por conseguir melhorar de forma substancial, alcan\u00e7ando um crono de 3.08.774 \u00e0 m\u00e9dia de 80,09 km\/h, ficando em oitavo lugar no seio da sua categoria\u00a0 .Para a 2\u00aa subida \u00a0oficial de treinos,\u00a0Ricardo Gon\u00e7alves\u00a0consegue melhorar de novo ao fazer um tempo de 2.56.426 \u00e0 m\u00e9dia \u00a0de 85,70 km\/h, subindo \u00e0 5\u00aa posi\u00e7\u00e3o no Campeonato Portugal Legend\u2019s de Montanha.<\/p>\n<p style=\"text-align: justify;\">Chegados \u00e0 1\u00aa subida oficial de prova, que teve lugar no final da tarde de s\u00e1bado,\u00a0Ricardo Gon\u00e7alves\u00a0continua a melhorar a olhos vistos, ao fazer 2.50.612 \u00e0 m\u00e9dia de 88,62 km\/mantendo a 8\u00aa posi\u00e7\u00e3o na sua categoria.<\/p>\n<p style=\"text-align: justify;\">No domingo de manh\u00e3,\u00a0Ricardo Gon\u00e7alves\u00a0e o bonito BMW E 367 estavam na linha de partida para a 3\u00aa subida \u00a0de treinos, onde alcan\u00e7a um crono de 2.51.658 \u00e0 m\u00e9dia de 88,08 km\/h, e\u00a0 a 6\u00aa posi\u00e7\u00e3o no Campeonato Portugal Legends de Montanha. Para a 2\u00aa subida oficial de prova, o piloto de Guimar\u00e3es faz os cinco quil\u00f3metros da rampa de Mur\u00e7a em 2.56.629 , sendo o 6\u00ba classificado na sua categoria. Para a derradeira subida de prova,\u00a0Ricardo Gon\u00e7alves\u00a0alcan\u00e7a um crono de 2.51.582, sendo o 2\u00ba melhor entre os Legends.<\/p>\n<p style=\"text-align: justify;\"><strong>CLASSIFICA\u00c7\u00c3O FINAL<\/strong><\/p>\n<p style=\"text-align: justify;\">1\u00ba Ant\u00f3nio Barros \u2013 BMW E 36 M 3<\/p>\n<p style=\"text-align: justify;\">2\u00ba Lu\u00eds Delgado \u2013 Mercedes 190<\/p>\n<p style=\"text-align: justify;\">3\u00ba Filipe Macedo \u2013 Citroen Saxo<\/p>\n<p style=\"text-align: justify;\">4\u00ba Armindo Correia \u2013 Peugeot 306<\/p>\n<p style=\"text-align: justify;\">5\u00ba Telmo Costa \u2013 Citroen Saxo<\/p>\n<p style=\"text-align: justify;\">6\u00ba RICARDO GON\u00c7ALVES \u2013 BMW E 36<\/p>\n<p style=\"text-align: justify;\">No final, depois de colocar o seu BMW no parque fechado,\u00a0Ricardo Gon\u00e7alves\u00a0fez-nos o balan\u00e7o desta jornada dizendo \u201c\u00a0dentro dos poss\u00edveis correu bem, esta prova serviu para rodar o motor novo, que se recorde foi todo feito de novo, depois daquelas verifica\u00e7\u00f5es do ano passado. Por isso com este motor novo, teve de haver alguma conten\u00e7\u00e3o em termos de andamento, mas a verdade \u00e9 que fui sempre melhorando os meus tempos, em cada subida cumprida. Vamos agora come\u00e7ar a preparara a pr\u00f3xima jornada, que ir\u00e1 ser\u201c em casa\u201d, na rampa da Penha\u201d, finalizou Ricardo Gon\u00e7alves.<\/p>\n","protected":false},"excerpt":{"rendered":"<p>O am\u00e1vel e simp\u00e1tico piloto de Guimar\u00e3es, Ricardo Gon\u00e7alves\u00a0teve algumas limita\u00e7\u00f5es t\u00e9cnicas no passado fim de semana na rampa de Mur\u00e7a, jornada inaugural do Campeonato Portugal Montanha JC Group 2025, organizado sob a \u00e9gide do Cami Motorsport. Logo na 1\u00aa subida de treinos livres, o piloto do BMW E 36 come\u00e7ou por fazer um tempo [&hellip;]<\/p>\n","protected":false},"author":2,"featured_media":15199,"comment_status":"closed","ping_status":"open","sticky":false,"template":"","format":"standard","meta":{"_editorskit_title_hidden":false,"_editorskit_reading_time":0,"_editorskit_is_block_options_detached":false,"_editorskit_block_options_position":"{}","om_disable_all_campaigns":false,"_monsterinsights_skip_tracking":false,"_monsterinsights_sitenote_active":false,"_monsterinsights_sitenote_note":"","_monsterinsights_sitenote_category":0,"_uf_show_specific_survey":0,"_uf_disable_surveys":false,"site-sidebar-layout":"default","site-content-layout":"","ast-site-content-layout":"default","site-content-style":"default","site-sidebar-style":"default","ast-global-header-display":"","ast-banner-title-visibility":"","ast-main-header-display":"","ast-hfb-above-header-display":"","ast-hfb-below-header-display":"","ast-hfb-mobile-header-display":"","site-post-title":"","ast-breadcrumbs-content":"","ast-featured-img":"","footer-sml-layout":"","theme-transparent-header-meta":"default","adv-header-id-meta":"","stick-header-meta":"default","header-above-stick-meta":"","header-main-stick-meta":"","header-below-stick-meta":"","astra-migrate-meta-layouts":"set","ast-page-background-enabled":"default","ast-page-background-meta":{"desktop":{"background-color":"","background-image":"","background-repeat":"repeat","background-position":"center center","background-size":"auto","background-attachment":"scroll","background-type":"","background-media":"","overlay-type":"","overlay-color":"","overlay-opacity":"","overlay-gradient":""},"tablet":{"background-color":"","background-image":"","background-repeat":"repeat","background-position":"center center","background-size":"auto","background-attachment":"scroll","background-type":"","background-media":"","overlay-type":"","overlay-color":"","overlay-opacity":"","overlay-gradient":""},"mobile":{"background-color":"","background-image":"","background-repeat":"repeat","background-position":"center center","background-size":"auto","background-attachment":"scroll","background-type":"","background-media":"","overlay-type":"","overlay-color":"","overlay-opacity":"","overlay-gradient":""}},"ast-content-background-meta":{"desktop":{"background-color":"var(--ast-global-color-5)","background-image":"","background-repeat":"repeat","background-position":"center center","background-size":"auto","background-attachment":"scroll","background-type":"","background-media":"","overlay-type":"","overlay-color":"","overlay-opacity":"","overlay-gradient":""},"tablet":{"background-color":"var(--ast-global-color-5)","background-image":"","background-repeat":"repeat","background-position":"center center","background-size":"auto","background-attachment":"scroll","background-type":"","background-media":"","overlay-type":"","overlay-color":"","overlay-opacity":"","overlay-gradient":""},"mobile":{"background-color":"var(--ast-global-color-5)","background-image":"","background-repeat":"repeat","background-position":"center center","background-size":"auto","background-attachment":"scroll","background-type":"","background-media":"","overlay-type":"","overlay-color":"","overlay-opacity":"","overlay-gradient":""}},"footnotes":""},"categories":[11],"tags":[],"class_list":["post-15198","post","type-post","status-publish","format-standard","has-post-thumbnail","hentry","category-noticias"],"aioseo_notices":[],"_links":{"self":[{"href":"https:\/\/contarotacoes.com\/index.php?rest_route=\/wp\/v2\/posts\/15198","targetHints":{"allow":["GET"]}}],"collection":[{"href":"https:\/\/contarotacoes.com\/index.php?rest_route=\/wp\/v2\/posts"}],"about":[{"href":"https:\/\/contarotacoes.com\/index.php?rest_route=\/wp\/v2\/types\/post"}],"author":[{"embeddable":true,"href":"https:\/\/contarotacoes.com\/index.php?rest_route=\/wp\/v2\/users\/2"}],"replies":[{"embeddable":true,"href":"https:\/\/contarotacoes.com\/index.php?rest_route=%2Fwp%2Fv2%2Fcomments&post=15198"}],"version-history":[{"count":1,"href":"https:\/\/contarotacoes.com\/index.php?rest_route=\/wp\/v2\/posts\/15198\/revisions"}],"predecessor-version":[{"id":15200,"href":"https:\/\/contarotacoes.com\/index.php?rest_route=\/wp\/v2\/posts\/15198\/revisions\/15200"}],"wp:featuredmedia":[{"embeddable":true,"href":"https:\/\/contarotacoes.com\/index.php?rest_route=\/wp\/v2\/media\/15199"}],"wp:attachment":[{"href":"https:\/\/contarotacoes.com\/index.php?rest_route=%2Fwp%2Fv2%2Fmedia&parent=15198"}],"wp:term":[{"taxonomy":"category","embeddable":true,"href":"https:\/\/contarotacoes.com\/index.php?rest_route=%2Fwp%2Fv2%2Fcategories&post=15198"},{"taxonomy":"post_tag","embeddable":true,"href":"https:\/\/contarotacoes.com\/index.php?rest_route=%2Fwp%2Fv2%2Ftags&post=15198"}],"curies":[{"name":"wp","href":"https:\/\/api.w.org\/{rel}","templated":true}]}}