{"id":15158,"date":"2025-03-29T20:54:35","date_gmt":"2025-03-29T20:54:35","guid":{"rendered":"https:\/\/contarotacoes.com\/?p=15158"},"modified":"2025-03-29T20:54:35","modified_gmt":"2025-03-29T20:54:35","slug":"nuno-guimaraes-em-murca-fui-mais-pai-do-que-piloto","status":"publish","type":"post","link":"https:\/\/contarotacoes.com\/?p=15158","title":{"rendered":"Nuno Guimar\u00e3es: \u201cem Mur\u00e7a fui mais pai do que piloto!&#8230;\u201d"},"content":{"rendered":"<p style=\"text-align: justify;\">A abertura da temporada 2025 foi muito especial para Nuno Guimar\u00e3es. O \u2018Capit\u00e3o da Montanha\u2019 virou o seu foco para a estreia do seu filho Nuno Jr, relegando para segundo plano a sua participa\u00e7\u00e3o. Mesmo assim, logrou ser 2\u00ba entre os Prot\u00f3tipos B.<\/p>\n<p style=\"text-align: justify;\">O \u201cCapit\u00e3o da Montanha\u201d viveu com m\u00e1xima intensidade a estreia do seu filho, Nuno Guimar\u00e3es Jr., n\u00e3o perdendo pitada de cada um dos momentos da exibi\u00e7\u00e3o do \u201clobinho\u201d da NJ Racing que brilharia na sua estreia em Mur\u00e7a, dominando e vencendo o FPAK J\u00fanior Team de Montanha.<\/p>\n<p style=\"text-align: justify;\">Foi \u201cum fim-de-semana t\u00e3o complicado quanto emocionante e inesquec\u00edvel. Em Mur\u00e7a fui mais pai do que piloto!&#8230;\u201d, para Nuno Guimar\u00e3es.<\/p>\n<p style=\"text-align: justify;\">\u201cPara ser sincero, descuidei muito a minha participa\u00e7\u00e3o, pois, juntamente com a minha fam\u00edlia, o nossos foco esteve totalmente virado para a corrida do Nuno&#8230; e Pai sofre mesmo muito&#8230;\u201d, confessou Nuno Guimar\u00e3es.<\/p>\n<p style=\"text-align: justify;\">Ali\u00e1s, era ver o consagrado piloto e l\u00edder da NJ Racing a posicionar-se sempre junto da partida para dar for\u00e7a ao seu filho, sendo vis\u00edvel a sua emo\u00e7\u00e3o: \u201co cora\u00e7\u00e3o bateu sempre forte, a chegar ao limite das rota\u00e7\u00f5es!&#8230; Felizmente, tudo lhe correu bem e a sua vitoria foi para a nossa fam\u00edlia uma grande alegria. Estou muito orgulhoso dele!\u201d.<\/p>\n<p style=\"text-align: justify;\">Quanto \u00e0 sua pr\u00f3pria presta\u00e7\u00e3o, Nuno Guimar\u00e3es releva \u201cas dificuldades que os dois dias de competi\u00e7\u00e3o em Mur\u00e7a nos causaram, sobretudo devido \u00e0s condi\u00e7\u00f5es meteorol\u00f3gicas adversas. Foi uma prova muito importante para testarmos algumas coisas no Silver Car S2. Introduzimos algumas evolu\u00e7\u00f5es no carro, mas as mesmas s\u00e3o para piso seco. O carro perdeu performance e, por outro lado, vimos desde muito cedo que o Afonso Santos estava muito r\u00e1pido. Infelizmente, ele teve o azar que teve. Merecia ganhar. Ficamos eu e o S\u00e9rgio na luta. Eu fui mais r\u00e1pido na 2\u00aa Subida de Prova, com piso seco, mas na \u00faltima, com a pista molhada em muitos pontos e eu j\u00e1 com uma descarga de adrenalina por saber que o Nuno Jr. tinha vencido no FPAK J\u00fanior Team, n\u00e3o arrisquei nada e o S\u00e9rgio foi mais forte. Fico tamb\u00e9m feliz por ele ter ganho\u201d.<\/p>\n<p style=\"text-align: justify;\">O Capit\u00e3o real\u00e7a ainda que \u201cficou provado que esta \u00e9poca vai ser muito competitiva nos Prot\u00f3tipos B. Seremos v\u00e1rios a lutar pelas vit\u00f3rias e isso \u00e9 muito bom e muito importante para a nossa Divis\u00e3o\u201d.<\/p>\n<p style=\"text-align: justify;\">Nuno Guimar\u00e3es deixou ainda uma palavra \u201cpara os meus companheiros de equipa Nuno Pinto e Rute Br\u00e1s. Ainda n\u00e3o t\u00eam a \u00e9poca definida, mas seguramente vamos contar com eles em algumas provas\u201d.<\/p>\n<p style=\"text-align: justify;\">A Rampa da Penha Paisagem Protegida. Guimar\u00e3es ser\u00e1 a 2\u00aa prova do CPM JC Group \u00a0e acontece j\u00e1 dentro de menos de duas semanas, a 5 e 6 de abril.<\/p>\n","protected":false},"excerpt":{"rendered":"<p>A abertura da temporada 2025 foi muito especial para Nuno Guimar\u00e3es. O \u2018Capit\u00e3o da Montanha\u2019 virou o seu foco para a estreia do seu filho Nuno Jr, relegando para segundo plano a sua participa\u00e7\u00e3o. Mesmo assim, logrou ser 2\u00ba entre os Prot\u00f3tipos B. O \u201cCapit\u00e3o da Montanha\u201d viveu com m\u00e1xima intensidade a estreia do seu [&hellip;]<\/p>\n","protected":false},"author":2,"featured_media":15159,"comment_status":"closed","ping_status":"open","sticky":false,"template":"","format":"standard","meta":{"_editorskit_title_hidden":false,"_editorskit_reading_time":0,"_editorskit_is_block_options_detached":false,"_editorskit_block_options_position":"{}","om_disable_all_campaigns":false,"_monsterinsights_skip_tracking":false,"_monsterinsights_sitenote_active":false,"_monsterinsights_sitenote_note":"","_monsterinsights_sitenote_category":0,"_uf_show_specific_survey":0,"_uf_disable_surveys":false,"site-sidebar-layout":"default","site-content-layout":"","ast-site-content-layout":"default","site-content-style":"default","site-sidebar-style":"default","ast-global-header-display":"","ast-banner-title-visibility":"","ast-main-header-display":"","ast-hfb-above-header-display":"","ast-hfb-below-header-display":"","ast-hfb-mobile-header-display":"","site-post-title":"","ast-breadcrumbs-content":"","ast-featured-img":"","footer-sml-layout":"","theme-transparent-header-meta":"default","adv-header-id-meta":"","stick-header-meta":"default","header-above-stick-meta":"","header-main-stick-meta":"","header-below-stick-meta":"","astra-migrate-meta-layouts":"set","ast-page-background-enabled":"default","ast-page-background-meta":{"desktop":{"background-color":"","background-image":"","background-repeat":"repeat","background-position":"center center","background-size":"auto","background-attachment":"scroll","background-type":"","background-media":"","overlay-type":"","overlay-color":"","overlay-opacity":"","overlay-gradient":""},"tablet":{"background-color":"","background-image":"","background-repeat":"repeat","background-position":"center center","background-size":"auto","background-attachment":"scroll","background-type":"","background-media":"","overlay-type":"","overlay-color":"","overlay-opacity":"","overlay-gradient":""},"mobile":{"background-color":"","background-image":"","background-repeat":"repeat","background-position":"center center","background-size":"auto","background-attachment":"scroll","background-type":"","background-media":"","overlay-type":"","overlay-color":"","overlay-opacity":"","overlay-gradient":""}},"ast-content-background-meta":{"desktop":{"background-color":"var(--ast-global-color-5)","background-image":"","background-repeat":"repeat","background-position":"center center","background-size":"auto","background-attachment":"scroll","background-type":"","background-media":"","overlay-type":"","overlay-color":"","overlay-opacity":"","overlay-gradient":""},"tablet":{"background-color":"var(--ast-global-color-5)","background-image":"","background-repeat":"repeat","background-position":"center center","background-size":"auto","background-attachment":"scroll","background-type":"","background-media":"","overlay-type":"","overlay-color":"","overlay-opacity":"","overlay-gradient":""},"mobile":{"background-color":"var(--ast-global-color-5)","background-image":"","background-repeat":"repeat","background-position":"center center","background-size":"auto","background-attachment":"scroll","background-type":"","background-media":"","overlay-type":"","overlay-color":"","overlay-opacity":"","overlay-gradient":""}},"footnotes":""},"categories":[11],"tags":[],"class_list":["post-15158","post","type-post","status-publish","format-standard","has-post-thumbnail","hentry","category-noticias"],"aioseo_notices":[],"_links":{"self":[{"href":"https:\/\/contarotacoes.com\/index.php?rest_route=\/wp\/v2\/posts\/15158","targetHints":{"allow":["GET"]}}],"collection":[{"href":"https:\/\/contarotacoes.com\/index.php?rest_route=\/wp\/v2\/posts"}],"about":[{"href":"https:\/\/contarotacoes.com\/index.php?rest_route=\/wp\/v2\/types\/post"}],"author":[{"embeddable":true,"href":"https:\/\/contarotacoes.com\/index.php?rest_route=\/wp\/v2\/users\/2"}],"replies":[{"embeddable":true,"href":"https:\/\/contarotacoes.com\/index.php?rest_route=%2Fwp%2Fv2%2Fcomments&post=15158"}],"version-history":[{"count":1,"href":"https:\/\/contarotacoes.com\/index.php?rest_route=\/wp\/v2\/posts\/15158\/revisions"}],"predecessor-version":[{"id":15160,"href":"https:\/\/contarotacoes.com\/index.php?rest_route=\/wp\/v2\/posts\/15158\/revisions\/15160"}],"wp:featuredmedia":[{"embeddable":true,"href":"https:\/\/contarotacoes.com\/index.php?rest_route=\/wp\/v2\/media\/15159"}],"wp:attachment":[{"href":"https:\/\/contarotacoes.com\/index.php?rest_route=%2Fwp%2Fv2%2Fmedia&parent=15158"}],"wp:term":[{"taxonomy":"category","embeddable":true,"href":"https:\/\/contarotacoes.com\/index.php?rest_route=%2Fwp%2Fv2%2Fcategories&post=15158"},{"taxonomy":"post_tag","embeddable":true,"href":"https:\/\/contarotacoes.com\/index.php?rest_route=%2Fwp%2Fv2%2Ftags&post=15158"}],"curies":[{"name":"wp","href":"https:\/\/api.w.org\/{rel}","templated":true}]}}